{"id":456690,"date":"2020-01-20T00:08:14","date_gmt":"2020-01-20T06:08:14","guid":{"rendered":"https:\/\/www.diarioimagen.net\/?p=456690"},"modified":"2020-01-20T01:33:43","modified_gmt":"2020-01-20T07:33:43","slug":"no-se-puede-impedir-pensar-en-grande","status":"publish","type":"post","link":"https:\/\/www.diarioimagen.net\/?p=456690","title":{"rendered":"No se puede impedir pensar en grande"},"content":{"rendered":"<h2>Clase Pol\u00edtica<\/h2>\n<h5>Miguel \u00c1ngel Rivera<\/h5>\n<p>&nbsp;<\/p>\n<p>\u201cLos gobernantes ten\u00edan una mentalidad fara\u00f3nica y se les olvid\u00f3 que no puede haber gobierno rico con pueblo pobre\u201d.<\/p>\n<p>La anterior expresi\u00f3n fue repetida por el presidente Andr\u00e9s Manuel L\u00f3pez Obrador durante su gira de fin de semana por Oaxaca, por algunas regiones que se cuentan entre las m\u00e1s pobres de la Rep\u00fablica.<\/p>\n<p>Imposible contradecir su declaraci\u00f3n a favor de satisfacer las necesidades de los m\u00e1s necesitados. Pero si el referido comentario se toma en dos partes, no se puede aceptar que se nos obligue a limitar nuestras aspiraciones.<\/p>\n<p>Si no se piensa en grande, nunca vamos a salir de la mediocridad. Para poder avanzar, lo primero que se necesita es tener grandes ambiciones, eso s\u00ed, deseos leg\u00edtimos, pero todo en grande, nada de median\u00edas.<\/p>\n<p>A pesar de las grandes limitaciones de M\u00e9xico, en muchos aspectos, desde su dimensi\u00f3n geogr\u00e1fica, hasta su capacidad econ\u00f3mica y poblaci\u00f3n, M\u00e9xico est\u00e1 entre las principales 20 naciones del mundo.<\/p>\n<p>A partir de sus riquezas naturales y la potencialidad de sus habitantes, lo deseable es escalar posiciones y ubicar a nuestra naci\u00f3n entre los diez primeros sitios y de ser posible entre el exclusivo sitio reservado para el llamado Grupo de los Siete (G-7), al que a veces no asomamos con observadores.<\/p>\n<p>Por supuesto, de conseguir esos avances, tambi\u00e9n debemos lograr que haya un reparto m\u00e1s justo y equilibrado de la riqueza. Pero, como dicen algunos pensadores, no se puede repartir una riqueza que no existe.<\/p>\n<p>En tal situaci\u00f3n, vale insistir, tenemos que pensar en grande. Aumentar la producci\u00f3n de b\u00e1sicos, sobre todo de alimentos, asegurar el suministro de energ\u00e9ticos, mejorar la infraestructura, sobre todo la que sirve para llevar los productos a los mercados, ya sean locales o for\u00e1neos.<\/p>\n<p>Si no se piensa y se act\u00faa as\u00ed, en grande, vamos a continuar con resultados como los que nos ha dado a conocer el Instituto Nacional de Estad\u00edstica y Geograf\u00eda (INEGI) con base en la Encuesta Mensual de la Industria Manufacturera (EMIM).<\/p>\n<p>All\u00ed nos encontramos con informaci\u00f3n que explica porque todos los especialistas han determinado que en el \u00faltimo a\u00f1o (2019) M\u00e9xico no creci\u00f3 econ\u00f3micamente.<\/p>\n<p>Uno de los datos relevantes de ese estudio indica que, en el pen\u00faltimo mes (noviembre) de 2019, el personal ocupado total en el sector manufacturero registr\u00f3 una ca\u00edda de 0.2 por ciento frente al mes inmediato anterior.<\/p>\n<p>En el mismo lapso, las horas trabajadas fueron inferiores en 0.3 por ciento, en tanto que las remuneraciones medias reales pagadas, que incluyen sueldos, salarios y prestaciones sociales se incrementaron 0.4 por.<\/p>\n<p>Medido en t\u00e9rminos anuales, el personal ocupado total disminuy\u00f3 1 (uno) por ciento y las horas trabajadas 2 por ciento, mientras que las remuneraciones medias reales subieron 3.3 por ciento en el mes de referencia respecto a noviembre de 2018.<\/p>\n<p>A tasa anual, el personal ocupado total disminuy\u00f3 1 (uno) por ciento y las horas trabajadas 2 por ciento, mientras que las remuneraciones medias reales subieron 3.3 por ciento en el mes de referencia respecto a noviembre de 2018.<\/p>\n<p>Como se aprecia son resultados, por decir lo menos, apenas mediocres. Esa no puede ser la meta, tenemos que alcanzar un crecimiento real, al menos lo prometido del cuatro por ciento anual, pero para ello se necesita pensar m\u00e1s en grande, como lo han hecho los grandes l\u00edderes de la humanidad, nada de conformismos.<\/p>\n<p style=\"text-align: center;\"><strong>Las obras de beneficio social no deben ser frenadas por intereses particulares<\/strong><\/p>\n<p>Obras p\u00fablicas de gran inter\u00e9s para el desarrollo nacional han sido detenidas por demandas de grupos reducidos de poblaci\u00f3n.<\/p>\n<p>Esto seguramente fue recordado por el presidente L\u00f3pez Obrador durante su referida visita de fin de semana a Oaxaca, en donde dos obras consideradas fundamentales para el desarrollo de ese que es uno de los estados menos desarrollados de la Rep\u00fablica, como son las autopistas que van de su capital a la Costa y al Istmo.<\/p>\n<p>L\u00f3pez Obrador tambi\u00e9n ha resentido el efecto de los amparos sobre sus proyectos m\u00e1s estimados, principalmente el nuevo aeropuerto sobre la bases militar de Santa Luc\u00eda.<\/p>\n<p>Los pueblos originarios que cedieron sus tierras deben ser justamente recompensados. Para eso se efectuaron prolongadas negociaciones con los gobiernos federal y del estado, pero una vez iniciadas las obras, surgieron nuevas exigencias que han detenido las obras que debieron ser concluidas hace a\u00f1os.<\/p>\n<p>En este espacio es donde entra la propuesta del presidente de la Junta de Coordinaci\u00f3n Pol\u00edtica del Senado, Ricardo Monreal \u00c1vila, de realizar una\u00a0 nueva reforma a la Constituci\u00f3n y a la Ley Federal de Amparo, para evitar que obras p\u00fablicas que son de beneficio para la comunidad sean frenadas por amparos.<\/p>\n<p>El tambi\u00e9n coordinador de la bancada de Morena destac\u00f3 que la obra p\u00fablica es de vital importancia para el pa\u00eds, pues su finalidad primordial es proporcionar bienestar a la sociedad en todos los \u00f3rdenes y convertirse en un medio generador del desarrollo econ\u00f3mico de las comunidades.<\/p>\n<p>Como actualmente las c\u00e1maras del Congreso est\u00e1n en receso, las iniciativas respectivas ser\u00e1n presentadas ante la Comisi\u00f3n Permanente, probablemente esta misma semana.<\/p>\n<p>Monreal insisti\u00f3 en que la obra p\u00fablica es de vital importancia para el pa\u00eds, pues su finalidad primordial es proporcionar bienestar a la sociedad en todos los \u00f3rdenes y sostuvo asimismo que el actual gobierno federal ha impulsado desde su inicio importantes proyectos, los cuales han sido frenados por suspensiones concedidas a trav\u00e9s de amparos, lo que ocasiona un perjuicio en el progreso econ\u00f3mico y social.<\/p>\n<p>El coordinador legislativo explic\u00f3 que la inversi\u00f3n en infraestructura es uno de los cimientos de la prosperidad al reflejarse en beneficios importantes relacionados con los servicios b\u00e1sicos y con la construcci\u00f3n de edificios p\u00fablicos como hospitales, escuelas, oficinas gubernamentales, centros de readaptaci\u00f3n social y parques.<\/p>\n<p>La propuesta de Monreal, propone la adici\u00f3n de un p\u00e1rrafo al art\u00edculo 25 constitucional, con la finalidad de plantear que el desarrollo de obra p\u00fablica e infraestructura en materias de educaci\u00f3n, salud, medio ambiente, seguridad p\u00fablica, seguridad nacional, penitenciaria, comunicaciones, transportes, hidr\u00e1ulica, energ\u00e9tica, tur\u00edstica y cualquier otra rama o servicio p\u00fablico que impacten directamente en el bienestar de las personas, as\u00ed como en el goce y ejercicio de sus derechos humanos, sea considerado de inter\u00e9s social, protegido por la Constituci\u00f3n y las leyes.<\/p>\n<p>Otra iniciativa propone adicionar una fracci\u00f3n al art\u00edculo 129 de la Ley de Amparo para establecer como una causal de improcedencia de la suspensi\u00f3n, que se provocan perjuicios al inter\u00e9s social, cuando se impida o interrumpa la ejecuci\u00f3n de obra p\u00fablica, infraestructura o servicio p\u00fablico que impacte directamente en el bienestar de las personas.<\/p>\n<p>El coordinador de Morena indic\u00f3 que la propuesta es acorde con los criterios emitidos por el Poder Judicial de la Federaci\u00f3n que colocan el inter\u00e9s colectivo por encima del inter\u00e9s particular, precisamente, en obras que por su naturaleza no deben suspenderse ya que eso ocasionar\u00eda un grave perjuicio a la sociedad y afectar\u00eda al desarrollo econ\u00f3mico nacional.<\/p>\n<p style=\"text-align: center;\"><strong>Parte de los migrantes aceptan el asilo en M\u00e9xico<\/strong><\/p>\n<p>Un grupo de los migrantes que participan en la nueva caravana que arranc\u00f3 en Honduras acept\u00f3 la propuesta del Gobierno de M\u00e9xico de trabajar en el sureste del pa\u00eds, pero otro sector est\u00e1 decidido a continuar su viaje para llegar hasta los Estados Unidos.<\/p>\n<p>Esta divisi\u00f3n ocurri\u00f3 entre los centroamericanos varados en Tec\u00fan Uman, Guatemala, quienes se concentraron frente a la casa del migrante, a donde llegaron los representantes de la parroquia del se\u00f1or de las Tres Ca\u00eddas y les ofrecieron comida, consistente en papa, frijol, huevo revuelto y agua de jamaica.<\/p>\n<p>Entre estos migrantes se encuentran varios menores de edad no acompa\u00f1ados, a quienes las autoridades locales les prestan asistencia especial.<\/p>\n<p>Se esperaba que las negociaciones continuaran de manera informal, para que los migrantes que as\u00ed lo decidan se acerquen hoy lunes a primera hora al puente Rodolfo Robles, con el prop\u00f3sito de realizar los tr\u00e1mites para ingresar legalmente a M\u00e9xico. En representaci\u00f3n del gobierno nacional se anunci\u00f3 que participar\u00e1n funcionarios del Instituto Nacional de Migraci\u00f3n.<\/p>\n<p><em><a href=\"mailto:riverapaz@infinitummail.com\" target=\"_blank\" rel=\"noopener noreferrer\">riverapaz@infinitummail.com<\/a><\/em>\u00ad<\/p>\n","protected":false},"excerpt":{"rendered":"<p><span style=\"color: #005497;\"><strong>Miguel \u00c1ngel Rivera<\/strong><\/span><\/p>\n","protected":false},"author":3,"featured_media":0,"comment_status":"open","ping_status":"open","sticky":false,"template":"","format":"standard","meta":{"_monsterinsights_skip_tracking":false,"_monsterinsights_sitenote_active":false,"_monsterinsights_sitenote_note":"","_monsterinsights_sitenote_category":0,"footnotes":""},"categories":[84119],"tags":[84120,84121,43674],"class_list":["post-456690","post","type-post","status-publish","format-standard","hentry","category-miguel-angel-rivera","tag-clase-politica","tag-miguel-angel-rivera","tag-opinion"],"_links":{"self":[{"href":"https:\/\/www.diarioimagen.net\/index.php?rest_route=\/wp\/v2\/posts\/456690","targetHints":{"allow":["GET"]}}],"collection":[{"href":"https:\/\/www.diarioimagen.net\/index.php?rest_route=\/wp\/v2\/posts"}],"about":[{"href":"https:\/\/www.diarioimagen.net\/index.php?rest_route=\/wp\/v2\/types\/post"}],"author":[{"embeddable":true,"href":"https:\/\/www.diarioimagen.net\/index.php?rest_route=\/wp\/v2\/users\/3"}],"replies":[{"embeddable":true,"href":"https:\/\/www.diarioimagen.net\/index.php?rest_route=%2Fwp%2Fv2%2Fcomments&post=456690"}],"version-history":[{"count":0,"href":"https:\/\/www.diarioimagen.net\/index.php?rest_route=\/wp\/v2\/posts\/456690\/revisions"}],"wp:attachment":[{"href":"https:\/\/www.diarioimagen.net\/index.php?rest_route=%2Fwp%2Fv2%2Fmedia&parent=456690"}],"wp:term":[{"taxonomy":"category","embeddable":true,"href":"https:\/\/www.diarioimagen.net\/index.php?rest_route=%2Fwp%2Fv2%2Fcategories&post=456690"},{"taxonomy":"post_tag","embeddable":true,"href":"https:\/\/www.diarioimagen.net\/index.php?rest_route=%2Fwp%2Fv2%2Ftags&post=456690"}],"curies":[{"name":"wp","href":"https:\/\/api.w.org\/{rel}","templated":true}]}}