{"id":456717,"date":"2020-01-21T00:02:06","date_gmt":"2020-01-21T06:02:06","guid":{"rendered":"https:\/\/www.diarioimagen.net\/?p=456717"},"modified":"2020-01-20T18:05:36","modified_gmt":"2020-01-21T00:05:36","slug":"continuan-transformando-cuautitlan-con-el-apoyo-vecinal","status":"publish","type":"post","link":"https:\/\/www.diarioimagen.net\/?p=456717","title":{"rendered":"Contin\u00faan transformando Cuautitl\u00e1n con el\u00a0apoyo vecinal"},"content":{"rendered":"<p><a href=\"https:\/\/www.diarioimagen.net\/?attachment_id=456718\" rel=\"attachment wp-att-456718\"><img loading=\"lazy\" decoding=\"async\" class=\"aligncenter size-large wp-image-456718\" src=\"https:\/\/www.diarioimagen.net\/wp-content\/uploads\/2020\/01\/CUAUTITL\u00c1N-3-460x348.jpg\" alt=\"\" width=\"460\" height=\"348\" srcset=\"https:\/\/www.diarioimagen.net\/wp-content\/uploads\/2020\/01\/CUAUTITL\u00c1N-3-460x348.jpg 460w, https:\/\/www.diarioimagen.net\/wp-content\/uploads\/2020\/01\/CUAUTITL\u00c1N-3-240x181.jpg 240w, https:\/\/www.diarioimagen.net\/wp-content\/uploads\/2020\/01\/CUAUTITL\u00c1N-3.jpg 700w\" sizes=\"auto, (max-width: 460px) 100vw, 460px\" \/><\/a><\/p>\n<p>&nbsp;<\/p>\n<p><b>Cuautitl\u00e1n, Estado de M\u00e9xico.- <\/b>Con la participaci\u00f3n de los habitantes de la Colonia L\u00e1zaro C\u00e1rdenas y de Villas de Cuautitl\u00e1n, es posible mejorar el entorno urbano y cambiar las formas de convivencia, aseguraron vecinos de estas comunidades al participar en las Jornadas del Programa Transformando tu Comunidad. Este esquema de participaci\u00f3n ciudadana iniciado el a\u00f1o pasado permiti\u00f3 cambiar la imagen de otras colonias como Misiones I y II, Rancho San Blas, I y II, Hacienda de Cuautitl\u00e1n, entre otras por lo que se replicar\u00e1 en todo al territorio de Cuautitl\u00e1n, se\u00f1alaron los responsables del programa.<\/p>\n","protected":false},"excerpt":{"rendered":"<p>Con la participaci\u00f3n de los habitantes de la Colonia L\u00e1zaro C\u00e1rdenas y de Villas de Cuautitl\u00e1n, es posible mejorar el entorno urbano y cambiar las formas de convivencia, aseguraron vecinos de estas comunidades al participar en las Jornadas del Programa Transformando tu Comunidad.<\/p>\n","protected":false},"author":1,"featured_media":456718,"comment_status":"open","ping_status":"open","sticky":false,"template":"","format":"standard","meta":{"_monsterinsights_skip_tracking":false,"_monsterinsights_sitenote_active":false,"_monsterinsights_sitenote_note":"","_monsterinsights_sitenote_category":0,"footnotes":""},"categories":[5],"tags":[681,43675],"class_list":["post-456717","post","type-post","status-publish","format-standard","has-post-thumbnail","hentry","category-estado-de-mexico","tag-cuautitlan","tag-estado-de-mexico"],"_links":{"self":[{"href":"https:\/\/www.diarioimagen.net\/index.php?rest_route=\/wp\/v2\/posts\/456717","targetHints":{"allow":["GET"]}}],"collection":[{"href":"https:\/\/www.diarioimagen.net\/index.php?rest_route=\/wp\/v2\/posts"}],"about":[{"href":"https:\/\/www.diarioimagen.net\/index.php?rest_route=\/wp\/v2\/types\/post"}],"author":[{"embeddable":true,"href":"https:\/\/www.diarioimagen.net\/index.php?rest_route=\/wp\/v2\/users\/1"}],"replies":[{"embeddable":true,"href":"https:\/\/www.diarioimagen.net\/index.php?rest_route=%2Fwp%2Fv2%2Fcomments&post=456717"}],"version-history":[{"count":0,"href":"https:\/\/www.diarioimagen.net\/index.php?rest_route=\/wp\/v2\/posts\/456717\/revisions"}],"wp:featuredmedia":[{"embeddable":true,"href":"https:\/\/www.diarioimagen.net\/index.php?rest_route=\/wp\/v2\/media\/456718"}],"wp:attachment":[{"href":"https:\/\/www.diarioimagen.net\/index.php?rest_route=%2Fwp%2Fv2%2Fmedia&parent=456717"}],"wp:term":[{"taxonomy":"category","embeddable":true,"href":"https:\/\/www.diarioimagen.net\/index.php?rest_route=%2Fwp%2Fv2%2Fcategories&post=456717"},{"taxonomy":"post_tag","embeddable":true,"href":"https:\/\/www.diarioimagen.net\/index.php?rest_route=%2Fwp%2Fv2%2Ftags&post=456717"}],"curies":[{"name":"wp","href":"https:\/\/api.w.org\/{rel}","templated":true}]}}