{"id":456808,"date":"2020-01-21T00:05:52","date_gmt":"2020-01-21T06:05:52","guid":{"rendered":"https:\/\/www.diarioimagen.net\/?p=456808"},"modified":"2020-01-21T00:36:43","modified_gmt":"2020-01-21T06:36:43","slug":"comportamiento-violento-de-ninos-y-adolescentes-esta-relacionado-con-crianza-investigadora-de-uaem","status":"publish","type":"post","link":"https:\/\/www.diarioimagen.net\/?p=456808","title":{"rendered":"Comportamiento violento de ni\u00f1os y adolescentes est\u00e1 relacionado con crianza: investigadora de UAEM"},"content":{"rendered":"<div id=\"attachment_456847\" style=\"width: 470px\" class=\"wp-caption aligncenter\"><a href=\"https:\/\/www.diarioimagen.net\/?attachment_id=456847\" rel=\"attachment wp-att-456847\"><img loading=\"lazy\" decoding=\"async\" aria-describedby=\"caption-attachment-456847\" class=\"size-large wp-image-456847\" src=\"https:\/\/www.diarioimagen.net\/wp-content\/uploads\/2020\/01\/UAEM-21-460x259.jpg\" alt=\"\" width=\"460\" height=\"259\" srcset=\"https:\/\/www.diarioimagen.net\/wp-content\/uploads\/2020\/01\/UAEM-21-460x259.jpg 460w, https:\/\/www.diarioimagen.net\/wp-content\/uploads\/2020\/01\/UAEM-21-240x135.jpg 240w, https:\/\/www.diarioimagen.net\/wp-content\/uploads\/2020\/01\/UAEM-21-235x132.jpg 235w, https:\/\/www.diarioimagen.net\/wp-content\/uploads\/2020\/01\/UAEM-21-202x114.jpg 202w, https:\/\/www.diarioimagen.net\/wp-content\/uploads\/2020\/01\/UAEM-21-350x196.jpg 350w, https:\/\/www.diarioimagen.net\/wp-content\/uploads\/2020\/01\/UAEM-21-220x123.jpg 220w, https:\/\/www.diarioimagen.net\/wp-content\/uploads\/2020\/01\/UAEM-21-237x132.jpg 237w, https:\/\/www.diarioimagen.net\/wp-content\/uploads\/2020\/01\/UAEM-21.jpg 480w\" sizes=\"auto, (max-width: 460px) 100vw, 460px\" \/><\/a><p id=\"caption-attachment-456847\" class=\"wp-caption-text\">Brenda Mendoza Gonz\u00e1lez, investigadora de la UAEM precis\u00f3 que es posible identificar el perfil de bullying en un estudiante antes de que este derive en una tragedia.<\/p><\/div>\n<p>&nbsp;<\/p>\n<p><strong>Toluca, Estado de M\u00e9xico<\/strong>.\u2013 Son m\u00faltiples los motivos por los que un ni\u00f1o o adolescente decide lastimar en el entorno escolar, pero su comportamiento violento est\u00e1 principalmente relacionado con un tipo de crianza caracterizado por el autoritarismo, la negligencia, los golpes o el abandono de los padres, detall\u00f3 la investigadora de la Universidad Aut\u00f3noma del Estado de M\u00e9xico, Brenda Mendoza Gonz\u00e1lez.<\/p>\n<p>La experta de la Facultad de Ciencias de la Conducta de la Aut\u00f3noma mexiquense precis\u00f3 que es posible identificar el perfil de bullying en un estudiante antes de que este derive en una tragedia e, incluso, el revertir este comportamiento nocivo.<\/p>\n<p>\u201cEl ni\u00f1o o adolescente agudiza gradualmente su comportamiento violento y, por esta raz\u00f3n, es necesario capacitar a los profesores para que adquieran herramientas que les permitan identificar esta problem\u00e1tica\u201d, abund\u00f3 la universitaria, quien como parte de su trayectoria profesional ha desarrollado manuales y protocolos de acci\u00f3n para atender el acoso escolar.<\/p>\n<p>Es vital, puntualiz\u00f3, que las escuelas mantengan comunicaci\u00f3n constante y eficiente con los padres o responsables de los ni\u00f1os, que se organicen asambleas escolares para informar sobre lo que ocurre dentro y fuera del aula, que se apliquen los reglamentos internos, as\u00ed como un trabajo coordinado con instituciones de asistencia infantil y familiar.<\/p>\n<p>Tras a\u00f1os de investigaci\u00f3n, la especialista de la UAEM caracteriz\u00f3 el perfil de bullying, que se identifica con estereotipos sociales como el machismo, el racismo o el clasismo. \u201cSon ni\u00f1os impulsivos, sin autocontrol, sin empat\u00eda y que magnifican o distorsionan problemas\u201d.<\/p>\n<p>Brenda Mendoza Gonz\u00e1lez concluy\u00f3 que de no detener el perfil de bullying a temprana edad, el comportamiento violento se replicar\u00e1 en otros entornos y contra otras personas durante la vida adulta.<\/p>\n","protected":false},"excerpt":{"rendered":"<p>Son m\u00faltiples los motivos por los que un ni\u00f1o o adolescente decide lastimar en el entorno escolar, pero su comportamiento violento est\u00e1 principalmente relacionado con un tipo de crianza caracterizado por el autoritarismo, la negligencia, los golpes o el abandono de los padres, detall\u00f3 la investigadora de la Universidad Aut\u00f3noma del Estado de M\u00e9xico, Brenda Mendoza Gonz\u00e1lez.<\/p>\n","protected":false},"author":3,"featured_media":456847,"comment_status":"open","ping_status":"open","sticky":false,"template":"","format":"standard","meta":{"_monsterinsights_skip_tracking":false,"_monsterinsights_sitenote_active":false,"_monsterinsights_sitenote_note":"","_monsterinsights_sitenote_category":0,"footnotes":""},"categories":[5],"tags":[74839,43675,82868,452,70589],"class_list":["post-456808","post","type-post","status-publish","format-standard","has-post-thumbnail","hentry","category-estado-de-mexico","tag-crianza","tag-estado-de-mexico","tag-relacionado","tag-toluca","tag-violento"],"_links":{"self":[{"href":"https:\/\/www.diarioimagen.net\/index.php?rest_route=\/wp\/v2\/posts\/456808","targetHints":{"allow":["GET"]}}],"collection":[{"href":"https:\/\/www.diarioimagen.net\/index.php?rest_route=\/wp\/v2\/posts"}],"about":[{"href":"https:\/\/www.diarioimagen.net\/index.php?rest_route=\/wp\/v2\/types\/post"}],"author":[{"embeddable":true,"href":"https:\/\/www.diarioimagen.net\/index.php?rest_route=\/wp\/v2\/users\/3"}],"replies":[{"embeddable":true,"href":"https:\/\/www.diarioimagen.net\/index.php?rest_route=%2Fwp%2Fv2%2Fcomments&post=456808"}],"version-history":[{"count":0,"href":"https:\/\/www.diarioimagen.net\/index.php?rest_route=\/wp\/v2\/posts\/456808\/revisions"}],"wp:featuredmedia":[{"embeddable":true,"href":"https:\/\/www.diarioimagen.net\/index.php?rest_route=\/wp\/v2\/media\/456847"}],"wp:attachment":[{"href":"https:\/\/www.diarioimagen.net\/index.php?rest_route=%2Fwp%2Fv2%2Fmedia&parent=456808"}],"wp:term":[{"taxonomy":"category","embeddable":true,"href":"https:\/\/www.diarioimagen.net\/index.php?rest_route=%2Fwp%2Fv2%2Fcategories&post=456808"},{"taxonomy":"post_tag","embeddable":true,"href":"https:\/\/www.diarioimagen.net\/index.php?rest_route=%2Fwp%2Fv2%2Ftags&post=456808"}],"curies":[{"name":"wp","href":"https:\/\/api.w.org\/{rel}","templated":true}]}}