{"id":456958,"date":"2020-01-22T00:02:53","date_gmt":"2020-01-22T06:02:53","guid":{"rendered":"https:\/\/www.diarioimagen.net\/?p=456958"},"modified":"2020-01-22T00:25:51","modified_gmt":"2020-01-22T06:25:51","slug":"saldo-blanco-durante-el-primer-macro-simulacro-al-que-se-sumo-huixquilucan","status":"publish","type":"post","link":"https:\/\/www.diarioimagen.net\/?p=456958","title":{"rendered":"Saldo blanco durante el primer macro simulacro, al que se sum\u00f3 Huixquilucan"},"content":{"rendered":"<ul>\n<li><strong><em>Se implementaron protocolos de emergencia<\/em><\/strong><\/li>\n<\/ul>\n<p>&nbsp;<\/p>\n<div id=\"attachment_457009\" style=\"width: 470px\" class=\"wp-caption aligncenter\"><a href=\"https:\/\/www.diarioimagen.net\/?attachment_id=457009\" rel=\"attachment wp-att-457009\"><img loading=\"lazy\" decoding=\"async\" aria-describedby=\"caption-attachment-457009\" class=\"wp-image-457009 size-large\" src=\"https:\/\/www.diarioimagen.net\/wp-content\/uploads\/2020\/01\/HUIXQUILUCAN-5-460x259.jpg\" alt=\"\" width=\"460\" height=\"259\" srcset=\"https:\/\/www.diarioimagen.net\/wp-content\/uploads\/2020\/01\/HUIXQUILUCAN-5-460x259.jpg 460w, https:\/\/www.diarioimagen.net\/wp-content\/uploads\/2020\/01\/HUIXQUILUCAN-5-240x135.jpg 240w, https:\/\/www.diarioimagen.net\/wp-content\/uploads\/2020\/01\/HUIXQUILUCAN-5-235x132.jpg 235w, https:\/\/www.diarioimagen.net\/wp-content\/uploads\/2020\/01\/HUIXQUILUCAN-5-202x114.jpg 202w, https:\/\/www.diarioimagen.net\/wp-content\/uploads\/2020\/01\/HUIXQUILUCAN-5-350x196.jpg 350w, https:\/\/www.diarioimagen.net\/wp-content\/uploads\/2020\/01\/HUIXQUILUCAN-5-220x123.jpg 220w, https:\/\/www.diarioimagen.net\/wp-content\/uploads\/2020\/01\/HUIXQUILUCAN-5-237x132.jpg 237w, https:\/\/www.diarioimagen.net\/wp-content\/uploads\/2020\/01\/HUIXQUILUCAN-5.jpg 480w\" sizes=\"auto, (max-width: 460px) 100vw, 460px\" \/><\/a><p id=\"caption-attachment-457009\" class=\"wp-caption-text\">Huixquilucan se sum\u00f3 con los 46 aparatos de alertamiento municipal conectados al Sistema de Alertamiento S\u00edsmico Mexicano y los 60 equipos de bocinas en las c\u00e1maras de videovigilancia.<\/p><\/div>\n<p>&nbsp;<\/p>\n<p><strong>Huixquilucan, Estado de M\u00e9xico<\/strong>.- Huixquilucan, tuvo saldo blanco en el macro simulacro de sismo realizado este lunes en punto de\u00a0once horas, inform\u00f3 el presidente municipal Enrique Vargas del Villar, tras encabezar desde el Centro de Mando, los protocolos de emergencia implementados en los edificios administrativos, plazas comerciales y escuelas.<\/p>\n<p>El Edil detall\u00f3, que durante este ejercicio de prevenci\u00f3n, Huixquilucan se sum\u00f3 con los 46 aparatos de alertamiento municipal conectados al Sistema de Alertamiento S\u00edsmico Mexicano (SASMEX) y los 60 equipos de bocinas en las c\u00e1maras de videovigilancia del Estado de M\u00e9xico.<\/p>\n<p>Adicionalmente, 153 elementos de seguridad p\u00fablica apoyados con 89 patrullas, recorrieron el municipio, 74 unidades m\u00e1s sonaron sus sirenas junto con la alerta s\u00edsmica, 6 unidades de Protecci\u00f3n Civil y un n\u00famero igual de Unidades de Bomberos, estuvieron al pendiente de este ejercicio, que manej\u00f3 una hip\u00f3tesis de sismo con epicentro en territorio estatal.<\/p>\n<p>Los organismos descentralizados como el Sistema Municipal para el Desarrollo Integral de la Familia y el Sistema Aguas de Huixquilucan, participaron de manera responsable y\u00a0 ordenada.<\/p>\n<p>Al finalizar este simulacro, el Edil agradeci\u00f3 la participaci\u00f3n ciudadana, que hizo de este primer macro simulacro 2020 todo un \u00e9xito y record\u00f3 a la poblaci\u00f3n para que en lo sucesivo, si escuchan la alerta s\u00edsmica apliquen los protocolos de emergencia.<\/p>\n<p>De igual forma, se comprometi\u00f3 a seguir trabajando en la prevenci\u00f3n ante riesgos de desastres, ya que prevenir salva vidas.<\/p>\n","protected":false},"excerpt":{"rendered":"<p>Huixquilucan, tuvo saldo blanco en el macro simulacro de sismo realizado este lunes en punto de\u00a0once horas, inform\u00f3 el presidente municipal Enrique Vargas del Villar, tras encabezar desde el Centro de Mando, los protocolos de emergencia implementados en los edificios administrativos, plazas comerciales y escuelas.\u00a0<\/p>\n","protected":false},"author":3,"featured_media":457009,"comment_status":"open","ping_status":"open","sticky":false,"template":"","format":"standard","meta":{"_monsterinsights_skip_tracking":false,"_monsterinsights_sitenote_active":false,"_monsterinsights_sitenote_note":"","_monsterinsights_sitenote_category":0,"footnotes":""},"categories":[5],"tags":[43675,1097],"class_list":["post-456958","post","type-post","status-publish","format-standard","has-post-thumbnail","hentry","category-estado-de-mexico","tag-estado-de-mexico","tag-huixquilucan"],"_links":{"self":[{"href":"https:\/\/www.diarioimagen.net\/index.php?rest_route=\/wp\/v2\/posts\/456958","targetHints":{"allow":["GET"]}}],"collection":[{"href":"https:\/\/www.diarioimagen.net\/index.php?rest_route=\/wp\/v2\/posts"}],"about":[{"href":"https:\/\/www.diarioimagen.net\/index.php?rest_route=\/wp\/v2\/types\/post"}],"author":[{"embeddable":true,"href":"https:\/\/www.diarioimagen.net\/index.php?rest_route=\/wp\/v2\/users\/3"}],"replies":[{"embeddable":true,"href":"https:\/\/www.diarioimagen.net\/index.php?rest_route=%2Fwp%2Fv2%2Fcomments&post=456958"}],"version-history":[{"count":0,"href":"https:\/\/www.diarioimagen.net\/index.php?rest_route=\/wp\/v2\/posts\/456958\/revisions"}],"wp:featuredmedia":[{"embeddable":true,"href":"https:\/\/www.diarioimagen.net\/index.php?rest_route=\/wp\/v2\/media\/457009"}],"wp:attachment":[{"href":"https:\/\/www.diarioimagen.net\/index.php?rest_route=%2Fwp%2Fv2%2Fmedia&parent=456958"}],"wp:term":[{"taxonomy":"category","embeddable":true,"href":"https:\/\/www.diarioimagen.net\/index.php?rest_route=%2Fwp%2Fv2%2Fcategories&post=456958"},{"taxonomy":"post_tag","embeddable":true,"href":"https:\/\/www.diarioimagen.net\/index.php?rest_route=%2Fwp%2Fv2%2Ftags&post=456958"}],"curies":[{"name":"wp","href":"https:\/\/api.w.org\/{rel}","templated":true}]}}