{"id":457037,"date":"2020-01-22T00:08:30","date_gmt":"2020-01-22T06:08:30","guid":{"rendered":"https:\/\/www.diarioimagen.net\/?p=457037"},"modified":"2020-01-22T01:04:09","modified_gmt":"2020-01-22T07:04:09","slug":"creciente-inversion-en-q-roo-carlos-joaquin-gonzalez","status":"publish","type":"post","link":"https:\/\/www.diarioimagen.net\/?p=457037","title":{"rendered":"Creciente inversi\u00f3n en Q. Roo: Carlos Joaqu\u00edn Gonz\u00e1lez"},"content":{"rendered":"<h2>Detr\u00e1s del Poder<\/h2>\n<h5>Jos\u00e9 Antonio L\u00f3pez Sosa<\/h5>\n<p>&nbsp;<\/p>\n<p><strong>Madrid, Espa\u00f1a<\/strong>.-\u00a0Conversamos con el gobernador de Quintana Roo, Carlos Joaqu\u00edn Gonz\u00e1lez con relaci\u00f3n a su presencia \u2014y la de los destinos tur\u00edsticos de su entidad\u2014 en la Feria Internacional de Turismo (FITUR) en su edici\u00f3n 2020.<\/p>\n<p>La fuerza tur\u00edstica de destinos tan posicionados como Canc\u00fan y Riviera Maya han fortalecido a la industria a nivel nacional con un espectro internacional. \u201cVenimos sobre todo respaldando a los empresarios del sector en Quintana Roo\u201d nos coment\u00f3 el gobernador con relaci\u00f3n a las reuniones que sostendr\u00e1n durante estos d\u00edas en la feria. La agenda del gobernador incluye reuniones con empresarios del sector, inversionistas, operadores mayoristas, aerol\u00edneas y aquellos sectores estrat\u00e9gicos para el crecimiento tur\u00edstico en la entidad.<\/p>\n<p>De nueva cuenta el Caribe mexicano se presenta liderando la presencia tur\u00edstica de M\u00e9xico, tal como ocurri\u00f3 desde la feria de ANATO en Colombia, en febrero del a\u00f1o pasado. Hubo una inversi\u00f3n creciente en 2019 en materia tur\u00edstica,\u00a0nos comparti\u00f3 el gobernador.<\/p>\n<p>En materia de seguridad, Carlos Joaqu\u00edn Gonz\u00e1lez indica que recibieron cuerpos desarticulados en las distintas regiones del estado, cosa que se ha revertido buscando proteger con la misma garant\u00eda tanto al local como al visitante, en un escenario complejo como resulta el de seguridad en nuestro pa\u00eds.<\/p>\n<p>Hay una gran expectativa de los compradores europeos por el Caribe mexicano, \u201cllega una gran cantidad de turoperadores europeos, norteamericanos y pr\u00e1cticamente de todo el mundo en donde se cierran muchos negocios a lo largo del a\u00f1o y, se vuelve muy importante para los destinos de M\u00e9xico\u201d asegur\u00f3 el gobernador de Quintana Roo.<\/p>\n<p>\u201cQuintana Roo tuvo m\u00e1s de 16 millones de visitantes internacionales de pernocta, incluyendo cruceristas en 2019, m\u00e1s el mercado nacional, esto fue un total de 23 millones de turistas, no hemos alcanzado los niveles de crecimiento que tuvimos a\u00f1os atr\u00e1s, derivado de muchas situaciones, pero nos da mucho gusto que podamos alcanzar esos n\u00fameros, son muy importantes para la creaci\u00f3n de empleo, desarrollo social, desarrollo econ\u00f3mico del estado y queremos seguir creciendo\u201d, se\u00f1al\u00f3 Carlos Joaqu\u00edn Gonz\u00e1lez.<\/p>\n<p>Nos coment\u00f3 que adem\u00e1s el turismo ha beneficiado a comunidades enteras que han logrado durante su gesti\u00f3n, tener urbanizaci\u00f3n y acceso a servicios p\u00fablicos que en el pasado no exist\u00edan en ciertas regiones del estado.<\/p>\n<p>Ser\u00e1 muy interesante seguir la agenda del gobernador del estado m\u00e1s visitado de M\u00e9xico, polo del turismo internacional y donde est\u00e1 uno de los destinos tur\u00edsticos m\u00e1s importantes del mundo.<\/p>\n<p><em><a href=\"http:\/\/www.lopezsosa.com\" target=\"_blank\" rel=\"noopener noreferrer\">www.lopezsosa.com<\/a><\/em><br \/>\n<em><a href=\"mailto:joseantonio@lopezsosa.com\" target=\"_blank\" rel=\"noopener noreferrer\">joseantonio@lopezsosa.com<\/a><\/em><br \/>\n<em><a href=\"http:\/\/twitter.com\/joseantonio1977\" target=\"_blank\" rel=\"noopener noreferrer\">@joseantonio1977<\/a><\/em><\/p>\n","protected":false},"excerpt":{"rendered":"<p><span style=\"color: #005497;\"><strong>Jos\u00e9 Antonio L\u00f3pez Sosa<\/strong><\/span><\/p>\n","protected":false},"author":3,"featured_media":0,"comment_status":"open","ping_status":"open","sticky":false,"template":"","format":"standard","meta":{"_monsterinsights_skip_tracking":false,"_monsterinsights_sitenote_active":false,"_monsterinsights_sitenote_note":"","_monsterinsights_sitenote_category":0,"footnotes":""},"categories":[637],"tags":[638,43690],"class_list":["post-457037","post","type-post","status-publish","format-standard","hentry","category-jose-antonio-lopez-sosa","tag-detras-del-poder","tag-jose-antonio-lopez-sosa"],"_links":{"self":[{"href":"https:\/\/www.diarioimagen.net\/index.php?rest_route=\/wp\/v2\/posts\/457037","targetHints":{"allow":["GET"]}}],"collection":[{"href":"https:\/\/www.diarioimagen.net\/index.php?rest_route=\/wp\/v2\/posts"}],"about":[{"href":"https:\/\/www.diarioimagen.net\/index.php?rest_route=\/wp\/v2\/types\/post"}],"author":[{"embeddable":true,"href":"https:\/\/www.diarioimagen.net\/index.php?rest_route=\/wp\/v2\/users\/3"}],"replies":[{"embeddable":true,"href":"https:\/\/www.diarioimagen.net\/index.php?rest_route=%2Fwp%2Fv2%2Fcomments&post=457037"}],"version-history":[{"count":0,"href":"https:\/\/www.diarioimagen.net\/index.php?rest_route=\/wp\/v2\/posts\/457037\/revisions"}],"wp:attachment":[{"href":"https:\/\/www.diarioimagen.net\/index.php?rest_route=%2Fwp%2Fv2%2Fmedia&parent=457037"}],"wp:term":[{"taxonomy":"category","embeddable":true,"href":"https:\/\/www.diarioimagen.net\/index.php?rest_route=%2Fwp%2Fv2%2Fcategories&post=457037"},{"taxonomy":"post_tag","embeddable":true,"href":"https:\/\/www.diarioimagen.net\/index.php?rest_route=%2Fwp%2Fv2%2Ftags&post=457037"}],"curies":[{"name":"wp","href":"https:\/\/api.w.org\/{rel}","templated":true}]}}