{"id":457052,"date":"2020-01-23T00:07:37","date_gmt":"2020-01-23T06:07:37","guid":{"rendered":"https:\/\/www.diarioimagen.net\/?p=457052"},"modified":"2020-01-22T23:03:55","modified_gmt":"2020-01-23T05:03:55","slug":"analizan-posible-primer-caso-de-coronavirus-en-mexico-informa-amlo","status":"publish","type":"post","link":"https:\/\/www.diarioimagen.net\/?p=457052","title":{"rendered":"Estamos preparados para emergencia: Ssa"},"content":{"rendered":"<ul>\n<li><em><strong>En alerta, todas la Unidades de Vigilancia Epidemiol\u00f3gica <\/strong><\/em><\/li>\n<\/ul>\n<p>&nbsp;<\/p>\n<div id=\"attachment_457053\" style=\"width: 470px\" class=\"wp-caption aligncenter\"><img loading=\"lazy\" decoding=\"async\" aria-describedby=\"caption-attachment-457053\" class=\"size-large wp-image-457053\" src=\"https:\/\/www.diarioimagen.net\/wp-content\/uploads\/2020\/01\/CORONAVIRUS23-PORTAL-460x268.png\" alt=\"\" width=\"460\" height=\"268\" srcset=\"https:\/\/www.diarioimagen.net\/wp-content\/uploads\/2020\/01\/CORONAVIRUS23-PORTAL-460x268.png 460w, https:\/\/www.diarioimagen.net\/wp-content\/uploads\/2020\/01\/CORONAVIRUS23-PORTAL-240x140.png 240w, https:\/\/www.diarioimagen.net\/wp-content\/uploads\/2020\/01\/CORONAVIRUS23-PORTAL.png 480w\" sizes=\"auto, (max-width: 460px) 100vw, 460px\" \/><p id=\"caption-attachment-457053\" class=\"wp-caption-text\">Ante la llegada del coronavirus en Am\u00e9rica, se emiti\u00f3 una a todas la Unidades de Vigilancia Epidemiol\u00f3gica \/ Hospitalaria.<\/p><\/div>\n<p>&nbsp;<\/p>\n<p>El gobierno de M\u00e9xico est\u00e1 preparado ante el brote del coronavirus en China, pues tiene protocolos actualizados, asegur\u00f3 Hugo L\u00f3pez-Gatell Ram\u00edrez, subsecretario de Prevenci\u00f3n y Promoci\u00f3n de la Salud.<\/p>\n<p>En conferencia de prensa, L\u00f3pez-Gatell Ram\u00edrez afirm\u00f3 que se han hecho ajustes a los protocolos, por lo que las autoridades est\u00e1n preparadas antes los distintos escenarios o si escala el nivel de alerta por contagio del coronavirus.<\/p>\n<p>\u201cEstamos tranquilos de que estamos preparados. El pa\u00eds est\u00e1 preparado. Est\u00e1 haciendo ajustes en los mecanismos de preparaci\u00f3n y de emergencia. Este fen\u00f3meno es nuevo, pero moderado\u201d, explic\u00f3.<\/p>\n<p>A\u00f1adi\u00f3 que hasta ahora no hay indicios de que el virus tenga un comportamiento grave, sino moderado en su capacidad de producir enfermedad de alto impacto.<\/p>\n<p style=\"text-align: center;\"><strong>El IPN toma medidas preventivas\u00a0 <\/strong><\/p>\n<p>Por su parte, el Instituto Polit\u00e9cnico Nacional (IPN) confirm\u00f3 que el posible portador del coronavirus se trata de un investigador adscrito al Centro de Biotecnolog\u00eda Gen\u00f3mica de este instituto, en Reynosa, Tamaulipas, por lo que asegur\u00f3 que ha tomado las medidas preventivas en espera de los resultados del paciente.<\/p>\n<p>El Polit\u00e9cnico inform\u00f3 que a trav\u00e9s del secretario de Investigaci\u00f3n y Posgrado, Dr. Juan Aranda Barradas, se ha mantenido comunicaci\u00f3n telef\u00f3nica directa con el investigador, de 57 a\u00f1os de origen asi\u00e1tico, para refrendar su apoyo durante este procedimiento.<\/p>\n<p>Adem\u00e1s, se\u00f1al\u00f3 que se mantiene atento de las indicaciones de la Secretar\u00eda de Salud de Tamaulipas, y sobre todo en espera de los resultados de la prueba enviada al Instituto de Diagn\u00f3stico y Referencia Epidemiol\u00f3gicos (InDRE), organismo que determinar\u00e1 la existencia o no del coronavirus en las pr\u00f3ximas 36 horas.<\/p>\n","protected":false},"excerpt":{"rendered":"<p>El gobierno de M\u00e9xico est\u00e1 preparado ante el brote del coronavirus en China, pues tiene protocolos actualizados, asegur\u00f3 Hugo L\u00f3pez-Gatell Ram\u00edrez, subsecretario de Prevenci\u00f3n y Promoci\u00f3n de la Salud.<\/p>\n","protected":false},"author":5,"featured_media":457053,"comment_status":"open","ping_status":"open","sticky":false,"template":"","format":"standard","meta":{"_monsterinsights_skip_tracking":false,"_monsterinsights_sitenote_active":false,"_monsterinsights_sitenote_note":"","_monsterinsights_sitenote_category":0,"footnotes":""},"categories":[877],"tags":[89663,1352,1361,89658,69900,432,89664],"class_list":["post-457052","post","type-post","status-publish","format-standard","has-post-thumbnail","hentry","category-salud","tag-analizan-posible-primer-caso","tag-andres-manuel-lopez-obrador","tag-china","tag-coronavirus","tag-preparados","tag-secretaria-de-salud","tag-unidades-de-vigilancia-epidemiologica"],"_links":{"self":[{"href":"https:\/\/www.diarioimagen.net\/index.php?rest_route=\/wp\/v2\/posts\/457052","targetHints":{"allow":["GET"]}}],"collection":[{"href":"https:\/\/www.diarioimagen.net\/index.php?rest_route=\/wp\/v2\/posts"}],"about":[{"href":"https:\/\/www.diarioimagen.net\/index.php?rest_route=\/wp\/v2\/types\/post"}],"author":[{"embeddable":true,"href":"https:\/\/www.diarioimagen.net\/index.php?rest_route=\/wp\/v2\/users\/5"}],"replies":[{"embeddable":true,"href":"https:\/\/www.diarioimagen.net\/index.php?rest_route=%2Fwp%2Fv2%2Fcomments&post=457052"}],"version-history":[{"count":0,"href":"https:\/\/www.diarioimagen.net\/index.php?rest_route=\/wp\/v2\/posts\/457052\/revisions"}],"wp:featuredmedia":[{"embeddable":true,"href":"https:\/\/www.diarioimagen.net\/index.php?rest_route=\/wp\/v2\/media\/457053"}],"wp:attachment":[{"href":"https:\/\/www.diarioimagen.net\/index.php?rest_route=%2Fwp%2Fv2%2Fmedia&parent=457052"}],"wp:term":[{"taxonomy":"category","embeddable":true,"href":"https:\/\/www.diarioimagen.net\/index.php?rest_route=%2Fwp%2Fv2%2Fcategories&post=457052"},{"taxonomy":"post_tag","embeddable":true,"href":"https:\/\/www.diarioimagen.net\/index.php?rest_route=%2Fwp%2Fv2%2Ftags&post=457052"}],"curies":[{"name":"wp","href":"https:\/\/api.w.org\/{rel}","templated":true}]}}