{"id":457109,"date":"2020-01-23T00:01:57","date_gmt":"2020-01-23T06:01:57","guid":{"rendered":"https:\/\/www.diarioimagen.net\/?p=457109"},"modified":"2020-01-23T00:59:02","modified_gmt":"2020-01-23T06:59:02","slug":"acopio-uaem-mas-de-seis-mil-kilos-de-residuos-electronicos","status":"publish","type":"post","link":"https:\/\/www.diarioimagen.net\/?p=457109","title":{"rendered":"Acopi\u00f3 UAEM m\u00e1s de seis mil kilos de residuos electr\u00f3nicos"},"content":{"rendered":"<ul>\n<li><strong><em>Basura electr\u00f3nica tiene un gran impacto en ambiente y salud<\/em><\/strong><\/li>\n<\/ul>\n<p>&nbsp;<\/p>\n<div id=\"attachment_457184\" style=\"width: 470px\" class=\"wp-caption aligncenter\"><a href=\"https:\/\/www.diarioimagen.net\/?attachment_id=457184\" rel=\"attachment wp-att-457184\"><img loading=\"lazy\" decoding=\"async\" aria-describedby=\"caption-attachment-457184\" class=\"size-large wp-image-457184\" src=\"https:\/\/www.diarioimagen.net\/wp-content\/uploads\/2020\/01\/UAEM-23-460x259.jpg\" alt=\"\" width=\"460\" height=\"259\" srcset=\"https:\/\/www.diarioimagen.net\/wp-content\/uploads\/2020\/01\/UAEM-23-460x259.jpg 460w, https:\/\/www.diarioimagen.net\/wp-content\/uploads\/2020\/01\/UAEM-23-240x135.jpg 240w, https:\/\/www.diarioimagen.net\/wp-content\/uploads\/2020\/01\/UAEM-23-235x132.jpg 235w, https:\/\/www.diarioimagen.net\/wp-content\/uploads\/2020\/01\/UAEM-23-202x114.jpg 202w, https:\/\/www.diarioimagen.net\/wp-content\/uploads\/2020\/01\/UAEM-23-350x196.jpg 350w, https:\/\/www.diarioimagen.net\/wp-content\/uploads\/2020\/01\/UAEM-23-220x123.jpg 220w, https:\/\/www.diarioimagen.net\/wp-content\/uploads\/2020\/01\/UAEM-23-237x132.jpg 237w, https:\/\/www.diarioimagen.net\/wp-content\/uploads\/2020\/01\/UAEM-23.jpg 480w\" sizes=\"auto, (max-width: 460px) 100vw, 460px\" \/><\/a><p id=\"caption-attachment-457184\" class=\"wp-caption-text\">Karina Mej\u00eda Segura, responsable del Departamento de Residuos S\u00f3lidos de la Direcci\u00f3n de Protecci\u00f3n al Ambiente de la UAEM.<\/p><\/div>\n<p>&nbsp;<\/p>\n<p><strong>Toluca, Estado de M\u00e9xico<\/strong>.\u2013 Mediante la Campa\u00f1a de Acopio de Residuos Electr\u00f3nicos 2019, la Universidad Aut\u00f3noma del Estado de M\u00e9xico recopil\u00f3, para su adecuado confinamiento, seis mil 256.14 kilogramos de estos desechos.<\/p>\n<p>Del 12 de agosto al 18 de octubre del a\u00f1o pasado, la instituci\u00f3n acopi\u00f3 laptops, celulares, teclados, CPUs, bocinas, chips, m\u00f3dems, memorias USB, c\u00e1maras digitales, consolas de videojuego, discos duros, m\u00e1quinas de escribir el\u00e9ctricas y cables, entre otros desechos.<\/p>\n<p>La responsable del Departamento de Residuos S\u00f3lidos de la Direcci\u00f3n de Protecci\u00f3n al Ambiente de la UAEM, Karina Mej\u00eda Segura, indic\u00f3 que \u201cla basura electr\u00f3nica tiene un gran impacto en el ambiente y la salud de las personas, por los metales pesados que contiene -ars\u00e9nico, mercurio, plomo y cadmio, entre otros-, que pueden filtrarse y da\u00f1ar agua y suelo, provocar da\u00f1os irreversibles al ambiente\u201d.<\/p>\n<p>La universitaria refiri\u00f3 que la UAEM se enlaz\u00f3 con Opportunity Recycling, que facilit\u00f3 los contenedores y se encarg\u00f3 del traslado, reciclaje y disposici\u00f3n final de los residuos acopiados.<\/p>\n<p>\u201cNos decidimos por esta empresa por la labor social que realiza, su compromiso con el ambiente. Est\u00e1n legalmente constituidos y se comprometen a dar disposici\u00f3n final y reciclaje de todos los componentes de lo acopiado, desde un circuito hasta la carcasa\u201d.<\/p>\n<p>Esta campa\u00f1a, consider\u00f3 la universitaria, es importante porque todos aquellos que trajeron alg\u00fan electr\u00f3nico en desuso dejaron de exponerse a los metales pesados que contienen y garantizaron su adecuada disposici\u00f3n final.<\/p>\n<p>Karina Mej\u00eda Segura manifest\u00f3 que la Facultad de Ciencias Agr\u00edcolas fue el espacio universitario que logr\u00f3 reunir la mayor cantidad de basura electr\u00f3nica, 474.56 kilogramos, por lo que obtendr\u00e1 un reconocimiento en especie, que le permitir\u00e1 mejorar en el \u00e1mbito ambiental.<\/p>\n","protected":false},"excerpt":{"rendered":"<p>Mediante la Campa\u00f1a de Acopio de Residuos Electr\u00f3nicos 2019, la Universidad Aut\u00f3noma del Estado de M\u00e9xico recopil\u00f3, para su adecuado confinamiento, seis mil 256.14 kilogramos de estos desechos.<\/p>\n","protected":false},"author":3,"featured_media":457184,"comment_status":"open","ping_status":"open","sticky":false,"template":"","format":"standard","meta":{"_monsterinsights_skip_tracking":false,"_monsterinsights_sitenote_active":false,"_monsterinsights_sitenote_note":"","_monsterinsights_sitenote_category":0,"footnotes":""},"categories":[5],"tags":[55855,89681,43675,87074,452],"class_list":["post-457109","post","type-post","status-publish","format-standard","has-post-thumbnail","hentry","category-estado-de-mexico","tag-acopio","tag-electronico","tag-estado-de-mexico","tag-residuo","tag-toluca"],"_links":{"self":[{"href":"https:\/\/www.diarioimagen.net\/index.php?rest_route=\/wp\/v2\/posts\/457109","targetHints":{"allow":["GET"]}}],"collection":[{"href":"https:\/\/www.diarioimagen.net\/index.php?rest_route=\/wp\/v2\/posts"}],"about":[{"href":"https:\/\/www.diarioimagen.net\/index.php?rest_route=\/wp\/v2\/types\/post"}],"author":[{"embeddable":true,"href":"https:\/\/www.diarioimagen.net\/index.php?rest_route=\/wp\/v2\/users\/3"}],"replies":[{"embeddable":true,"href":"https:\/\/www.diarioimagen.net\/index.php?rest_route=%2Fwp%2Fv2%2Fcomments&post=457109"}],"version-history":[{"count":0,"href":"https:\/\/www.diarioimagen.net\/index.php?rest_route=\/wp\/v2\/posts\/457109\/revisions"}],"wp:featuredmedia":[{"embeddable":true,"href":"https:\/\/www.diarioimagen.net\/index.php?rest_route=\/wp\/v2\/media\/457184"}],"wp:attachment":[{"href":"https:\/\/www.diarioimagen.net\/index.php?rest_route=%2Fwp%2Fv2%2Fmedia&parent=457109"}],"wp:term":[{"taxonomy":"category","embeddable":true,"href":"https:\/\/www.diarioimagen.net\/index.php?rest_route=%2Fwp%2Fv2%2Fcategories&post=457109"},{"taxonomy":"post_tag","embeddable":true,"href":"https:\/\/www.diarioimagen.net\/index.php?rest_route=%2Fwp%2Fv2%2Ftags&post=457109"}],"curies":[{"name":"wp","href":"https:\/\/api.w.org\/{rel}","templated":true}]}}