{"id":457117,"date":"2020-01-23T00:11:52","date_gmt":"2020-01-23T06:11:52","guid":{"rendered":"https:\/\/www.diarioimagen.net\/?p=457117"},"modified":"2020-01-23T01:26:31","modified_gmt":"2020-01-23T07:26:31","slug":"el-loco-bucaram-y-las-locas-reformas-judiciales-de-la-4t","status":"publish","type":"post","link":"https:\/\/www.diarioimagen.net\/?p=457117","title":{"rendered":"\u201cEl loco\u201d Bucaram y las locas reformas judiciales de la 4T"},"content":{"rendered":"<h2>\u00cdndice pol\u00edtico<\/h2>\n<h5>Francisco Rodr\u00edguez<\/h5>\n<p>&nbsp;<\/p>\n<div id=\"attachment_457193\" style=\"width: 470px\" class=\"wp-caption aligncenter\"><a href=\"https:\/\/www.diarioimagen.net\/?attachment_id=457193\" rel=\"attachment wp-att-457193\"><img loading=\"lazy\" decoding=\"async\" aria-describedby=\"caption-attachment-457193\" class=\"size-large wp-image-457193\" src=\"https:\/\/www.diarioimagen.net\/wp-content\/uploads\/2020\/01\/lopez-cancerbero-de-trump-MARAL-460x332.jpg\" alt=\"\" width=\"460\" height=\"332\" srcset=\"https:\/\/www.diarioimagen.net\/wp-content\/uploads\/2020\/01\/lopez-cancerbero-de-trump-MARAL-460x332.jpg 460w, https:\/\/www.diarioimagen.net\/wp-content\/uploads\/2020\/01\/lopez-cancerbero-de-trump-MARAL-240x173.jpg 240w, https:\/\/www.diarioimagen.net\/wp-content\/uploads\/2020\/01\/lopez-cancerbero-de-trump-MARAL-768x555.jpg 768w, https:\/\/www.diarioimagen.net\/wp-content\/uploads\/2020\/01\/lopez-cancerbero-de-trump-MARAL-90x65.jpg 90w, https:\/\/www.diarioimagen.net\/wp-content\/uploads\/2020\/01\/lopez-cancerbero-de-trump-MARAL.jpg 1200w\" sizes=\"auto, (max-width: 460px) 100vw, 460px\" \/><\/a><p id=\"caption-attachment-457193\" class=\"wp-caption-text\">L\u00f3pez, cancerbero de Trump&#8230; | Maral<\/p><\/div>\n<p>&nbsp;<\/p>\n<p>Abdal\u00e1 Bucaram dur\u00f3 seis meses como Presidente ecuatoriano &#8211;del 10 de agosto de 1996 al 6 de febrero de 1997&#8211; hasta que el Congreso Nacional declar\u00f3 su incapacidad mental para gobernar, y despu\u00e9s fue procesado penalmente por corrupci\u00f3n, convirti\u00e9ndose en un icono de los mandatarios latinoamericanos de esa especie. Pero <em>el loco Bucaram<\/em> hizo otras cosas.<\/p>\n<p>El descendiente de libaneses se dec\u00eda representante del pueblo llano, de los humillados. En su campa\u00f1a busc\u00f3 el apoyo de segmentos empresariales para tranquilizar la inversi\u00f3n extranjera, recoger el apoyo del sindicalismo y dar esperanzas a las capas medias asalariadas respecto a la conservaci\u00f3n del empleo.<\/p>\n<p>Para m\u00e1s coincidencias con lo ocurrido en M\u00e9xico, se declar\u00f3 antineoliberal y en su mandato empez\u00f3 a vender empresas p\u00fablicas, haciendo todo lo contrario a lo que prometi\u00f3. Elev\u00f3 deliberadamente las tarifas del gas y servicios b\u00e1sicos y de acuerdo con los analistas ecuatorianos, siempre denunci\u00f3 la corrupci\u00f3n de otros y no volte\u00f3 a su entorno y ni por asomo se refiri\u00f3 a la suya.<\/p>\n<p>A m\u00e1s de veinte a\u00f1os de su exilio, Abdal\u00e1 Bucaram asegura que fue defenestrado por el poder de una mafia pol\u00edtica ecuatoriana que saqueo su rep\u00fablica. Aunque la expresi\u00f3n del descontento fue masiva e hist\u00f3rica en ese pa\u00eds hermano.<\/p>\n<p style=\"text-align: center;\"><strong>Ramillete de locuras del expresidente ecuatoriano<\/strong><\/p>\n<p>Durante una entrevista con Ismael Cala, conductor de <em>CNN en Espa\u00f1ol<\/em>, Bucaram mencion\u00f3 que \u00ablos locos son interdictos: yo estaba loco para gobernar, pero no estaba loco para ser enjuiciado\u00bb.<\/p>\n<p>Era y es un personaje singular. Prueba de ello es que, cuando su cu\u00f1ado y Presidente de la Rep\u00fablica, Jaime Rold\u00f3s, lo nombr\u00f3 Intendente de Polic\u00eda de Guayaquil, entre otras medidas, <em>El Loco<\/em> sol\u00eda mandar capturar a los maridos infieles para que, en su oficina, los reprendiera violentamente a correa limpia. As\u00ed, como se oye.<\/p>\n<p>Por muchos a\u00f1os, Abdal\u00e1 anduvo con una temida corte de guardaespaldas que reclutaba en los gimnasios de Guayaquil y que se conoc\u00edan como <em>Los Pepudos<\/em>. Eran j\u00f3venes que trabajaban con \u00e9l por su fortaleza f\u00edsica y constitu\u00edan una aut\u00e9ntica guardia pretoriana.<\/p>\n<p>Fue uno de esos famosos <em>pepudos<\/em>\u200e quien confes\u00f3 a un grupo de periodistas que una de las cajas fuertes de Bucaram era la cisterna del ba\u00f1o de su oficina. \u00abAh\u00ed le llegu\u00e9 a guardar un mill\u00f3n de d\u00f3lares\u00bb&#8230; \u00abmanejaba el ingreso y salidas de mercanc\u00edas del puerto de Guayaquil con un solo dedo y por eso recaudaba cantidades industriales\u00bb.<\/p>\n<p style=\"text-align: center;\"><strong>Por poco logra desaparecer y hacer inviable a Ecuador<\/strong><\/p>\n<p>Que \u00bfpor qu\u00e9 lleg\u00f3 un sujeto como Bucaram al poder? Uno, por su verbo encendido; dos, por su f\u00e1cil contacto con las masas y, tres, por su colosal poder econ\u00f3mico. Como l\u00edder del hoy desaparecido Partido Roldosista Ecuatoriano, <em>El Loco<\/em> por poco logra lo que el chavismo en Venezuela: desaparecer y hacer inviable el pa\u00eds.<\/p>\n<p>Siendo Presidente de la Rep\u00fablica cant\u00f3 y grab\u00f3 un disco en el que figur\u00f3 como vocalista principal junto a un grupo uruguayo. Destac\u00e1ndose como presentador de televisi\u00f3n y animador de programas para recaudar dinero, como aqu\u00e9l donde subast\u00f3 su bigote. Hoy dice que \u00e9l es \u00abla fuerza real de los pobres\u00bb.<\/p>\n<p style=\"text-align: center;\"><strong>Se dec\u00eda admirador de Hitler; sus \u201cchairos\u201d lo festejaban<\/strong><\/p>\n<p>La furia de los ecuatorianos, quienes lo sacaron multitudinariamente a la calle, fue en parte contra ellos mismos\u200e porque nadie en Ecuador puede declararse sorprendido por las locuras, excentricidades y mentiras de Bucaram. A comienzos de la d\u00e9cada de los 80s arm\u00f3 una cruzada de moralidad que le permit\u00eda&#8230;<\/p>\n<p>&#8230; seguir a las muchachas en una motoneta para medirles la minifalda y, si era el caso, romperles el dobladillo. El mismo que unos a\u00f1os m\u00e1s tarde exig\u00eda donaciones a los empresarios. El mismo que pregonaba que su min\u00fasculo bigote era un reflejo de su admiraci\u00f3n por Adolfo Hitler. E, igual que aqu\u00ed, sus chairos lo festejaban.<\/p>\n<p style=\"text-align: center;\"><strong>Enga\u00f1ados por la m\u00faltiple personalidad del presidente<\/strong><\/p>\n<p>Al conjuro de la amnesia colectiva, Bucaram aplic\u00f3 en tres intentonas electorales para ser Presidente un populismo sin tapujos. Desde los templetes, donde cantaba en lugar de hablar, lleg\u00f3 a decir: \u00abEl calificativo de <em>Loco<\/em> me lo merezco en tanto y cuanto soy un hombre apasionado que ama a su pueblo exclusivamente\u00bb.<\/p>\n<p>Una vez posesionado, Bucaram dividi\u00f3 la imagen de su gobierno en dos: una para el consumo interno y otra para el externo. Form\u00f3 su equipo econ\u00f3mico para complacer a los organismos internacionales de cr\u00e9dito. Pero sus primeras medidas fueron absolutamente en contra de la econom\u00eda popular.<\/p>\n<p>La imagen para el consumo interno, la del hombre despreocupado y sencillo, logr\u00f3 conformar una espesa cortina de humo. Pero los ecuatorianos poco a poco se sintieron enga\u00f1ados por la doble o m\u00faltiple personalidad del presidente. A base de excentricidades demoli\u00f3 lo que hab\u00eda construido con enga\u00f1os.<\/p>\n<p style=\"text-align: center;\"><strong>Bucaram, el Caudillo y el Acta Patri\u00f3tica de George Bush<\/strong><\/p>\n<p>Entre la forma de aplicar justicia de Bucaram en Ecuador y el paquete de propuestas constitucionales para hacerlo en M\u00e9xico no hay casi diferencias. Alentar la tortura, suprimir garant\u00edas, promover delaciones, legalizar las escuchas, criminalizar a todos, hacer a un lado las garant\u00edas individuales y al Poder Judicial&#8230;<\/p>\n<p>&#8230; convertir en delitos graves las declaraciones fiscales, perseguir el <em>outsourcing<\/em> (hoy constitucional) para castigar las fuentes de empleo, congelar cuentas a los adversarios electorales o a quienes tengan una opini\u00f3n diferente sobre el gobierno, habla m\u00e1s bien de un gran parecido de Bucaram y el Caudillo con el Acta Patri\u00f3tica de George Bush.<\/p>\n<p>Reformas constitucionales que permiten torturas y espionajes sin orden judicial, arrestos de meses fundados s\u00f3lo en sospechas, agentes federales inmunes a toda acci\u00f3n y a todo control legal y jurisdiccional, informaciones confidenciales sin permiso de los afectados y ofendidos, ni aprobaci\u00f3n judicial\u2026 quieren obtener la vigencia sin chistar.<\/p>\n<p>Demuestran una mezcla de salvajismo innato y desconocimiento absoluto de la realidad. La anti-historia en manos de inconsultos y perversos. La serpiente empolla el huevo, pero siempre se muerde la cola. Esta Naci\u00f3n fue fundada por la gente m\u00e1s brillante&#8230;y no la hemos visto desde entonces.<\/p>\n<p style=\"text-align: center;\"><strong>Nadie atiende \u201cel changarro\u201d. \u201cEl payaso va a cargarnos\u201d<\/strong><\/p>\n<p><em>Los pepudos<\/em> ecuatorianos en su tiempo y los <em>amlovers<\/em> criollos ahora est\u00e1n creando un estado psic\u00f3tico. El mismo que apoyan muchos descerebrados que siguen siendo tan retardatarios como sus peores referentes internacionales, de un autoritarismo rampl\u00f3n y de un totalitarismo pre- nazi.<\/p>\n<p>Por lo pronto, los due\u00f1os de las empresas globales ya retiraron todo apoyo al sistema actual mexicano. Va a ser muy dif\u00edcil que inviertan en el pa\u00eds un solo quinto. Opinan que no existen las condiciones ni las seguridades pol\u00edticas necesarias.<\/p>\n<p>Los empresarios nacionales se quejan de lo mismo. Nadie atiende el changarro. El payaso est\u00e1 a punto de cargarnos. Y nuestro mandatario se solaza en chistoretes de rancho. El pueblo mexicano est\u00e1 llamado a despertar de una vez&#8230; o a callar para siempre.<\/p>\n<p>\u00bfNo cree usted?<\/p>\n<p><strong><em>\u00cdndice Flam\u00edgero<\/em><\/strong><em>:<\/em> La propuesta de reforma judicial que ha recibido el rechazo del foro y de los ciudadanos no es novedosa. Alejandro Gertz Manero la present\u00f3 ya durante el foxiato, cuando se desempe\u00f1aba como secretario de Seguridad P\u00fablica. Y lo batearon. Volvi\u00f3 a presentarla como legislador del Movimiento Ciudadano, donde entonces militaba. Lo volvieron a batear. Ahora, como fiscal general de la Rep\u00fablica insiste en su intentona. Lo deseable, por supuesto, es que nuevamente lo manden al <strong><em>dugout. <\/em><\/strong>\u00a1Tres outs! \u00a1Ponchado!<\/p>\n<p><em><u><a href=\"http:\/\/www.indicepolitico.com\" target=\"_blank\" rel=\"noopener noreferrer\">www.indicepolitico.com<\/a><br \/>\n<\/u><\/em><a href=\"mailto:indicepolitico@gmail.com\" target=\"_blank\" rel=\"noopener noreferrer\"><em>indicepolitico@gmail.com<\/em><\/a><br \/>\n<em><a href=\"https:\/\/twitter.com\/indicepolitico?lang=es\" target=\"_blank\" rel=\"noopener noreferrer\">@IndicePolitico<\/a><\/em><br \/>\n<em><u><a href=\"https:\/\/twitter.com\/pacorodriguez\" target=\"_blank\" rel=\"noopener noreferrer\">@pacorodriguez<\/a><\/u><\/em><\/p>\n","protected":false},"excerpt":{"rendered":"<p><span style=\"color: #005497;\"><strong>Francisco Rodr\u00edguez<\/strong><\/span><br \/>\n<br \/>\nAbdal\u00e1 Bucaram dur\u00f3 seis meses como Presidente ecuatoriano &#8211;del 10 de agosto de 1996 al 6 de febrero de 1997&#8211; hasta que el Congreso Nacional declar\u00f3 su incapacidad mental para gobernar, y despu\u00e9s fue procesado penalmente por corrupci\u00f3n, convirti\u00e9ndose en un icono de los mandatarios latinoamericanos de esa especie. Pero el loco Bucaram hizo otras cosas.<\/p>\n","protected":false},"author":3,"featured_media":457193,"comment_status":"open","ping_status":"open","sticky":false,"template":"","format":"standard","meta":{"_monsterinsights_skip_tracking":false,"_monsterinsights_sitenote_active":false,"_monsterinsights_sitenote_note":"","_monsterinsights_sitenote_category":0,"footnotes":""},"categories":[549],"tags":[43689,550,43674],"class_list":["post-457117","post","type-post","status-publish","format-standard","has-post-thumbnail","hentry","category-francisco-rodriguez","tag-francisco-rodriguez","tag-indice-politico","tag-opinion"],"_links":{"self":[{"href":"https:\/\/www.diarioimagen.net\/index.php?rest_route=\/wp\/v2\/posts\/457117","targetHints":{"allow":["GET"]}}],"collection":[{"href":"https:\/\/www.diarioimagen.net\/index.php?rest_route=\/wp\/v2\/posts"}],"about":[{"href":"https:\/\/www.diarioimagen.net\/index.php?rest_route=\/wp\/v2\/types\/post"}],"author":[{"embeddable":true,"href":"https:\/\/www.diarioimagen.net\/index.php?rest_route=\/wp\/v2\/users\/3"}],"replies":[{"embeddable":true,"href":"https:\/\/www.diarioimagen.net\/index.php?rest_route=%2Fwp%2Fv2%2Fcomments&post=457117"}],"version-history":[{"count":0,"href":"https:\/\/www.diarioimagen.net\/index.php?rest_route=\/wp\/v2\/posts\/457117\/revisions"}],"wp:featuredmedia":[{"embeddable":true,"href":"https:\/\/www.diarioimagen.net\/index.php?rest_route=\/wp\/v2\/media\/457193"}],"wp:attachment":[{"href":"https:\/\/www.diarioimagen.net\/index.php?rest_route=%2Fwp%2Fv2%2Fmedia&parent=457117"}],"wp:term":[{"taxonomy":"category","embeddable":true,"href":"https:\/\/www.diarioimagen.net\/index.php?rest_route=%2Fwp%2Fv2%2Fcategories&post=457117"},{"taxonomy":"post_tag","embeddable":true,"href":"https:\/\/www.diarioimagen.net\/index.php?rest_route=%2Fwp%2Fv2%2Ftags&post=457117"}],"curies":[{"name":"wp","href":"https:\/\/api.w.org\/{rel}","templated":true}]}}