{"id":457131,"date":"2020-01-23T00:05:58","date_gmt":"2020-01-23T06:05:58","guid":{"rendered":"https:\/\/www.diarioimagen.net\/?p=457131"},"modified":"2020-01-23T01:12:59","modified_gmt":"2020-01-23T07:12:59","slug":"edil-de-tlalnepantla-acuerda-acciones-con-cuidadania","status":"publish","type":"post","link":"https:\/\/www.diarioimagen.net\/?p=457131","title":{"rendered":"Edil de Tlalnepantla acuerda acciones con cuidadan\u00eda"},"content":{"rendered":"<p><a href=\"https:\/\/www.diarioimagen.net\/?attachment_id=457210\" rel=\"attachment wp-att-457210\"><img loading=\"lazy\" decoding=\"async\" class=\"aligncenter wp-image-457210 size-large\" src=\"https:\/\/www.diarioimagen.net\/wp-content\/uploads\/2020\/01\/TLALNEPANTLA-3-460x259.jpg\" alt=\"\" width=\"460\" height=\"259\" srcset=\"https:\/\/www.diarioimagen.net\/wp-content\/uploads\/2020\/01\/TLALNEPANTLA-3-460x259.jpg 460w, https:\/\/www.diarioimagen.net\/wp-content\/uploads\/2020\/01\/TLALNEPANTLA-3-240x135.jpg 240w, https:\/\/www.diarioimagen.net\/wp-content\/uploads\/2020\/01\/TLALNEPANTLA-3-235x132.jpg 235w, https:\/\/www.diarioimagen.net\/wp-content\/uploads\/2020\/01\/TLALNEPANTLA-3-202x114.jpg 202w, https:\/\/www.diarioimagen.net\/wp-content\/uploads\/2020\/01\/TLALNEPANTLA-3-350x196.jpg 350w, https:\/\/www.diarioimagen.net\/wp-content\/uploads\/2020\/01\/TLALNEPANTLA-3-220x123.jpg 220w, https:\/\/www.diarioimagen.net\/wp-content\/uploads\/2020\/01\/TLALNEPANTLA-3-237x132.jpg 237w, https:\/\/www.diarioimagen.net\/wp-content\/uploads\/2020\/01\/TLALNEPANTLA-3.jpg 480w\" sizes=\"auto, (max-width: 460px) 100vw, 460px\" \/><\/a><\/p>\n<p>&nbsp;<\/p>\n<p><strong>Tlalnepantla, Estado de M\u00e9xico<\/strong><strong>.-<\/strong> Raciel P\u00e9rez Cruz, Presidente Municipal de Tlalnepantla sostuvo una reuni\u00f3n de trabajo con integrantes de los Consejos de Participaci\u00f3n Ciudadana (COPACI) de la unidad habitacional Adolfo L\u00f3pez Mateos, los fraccionamientos Valle de los Pinos Primera Secci\u00f3n y Las Rosas.<\/p>\n<p>Acordaron revisar el uso de suelo de algunos inmuebles, reforzar las acciones de seguridad, entre otros servicios en beneficio de los ciudadanos de estas comunidades.<\/p>\n<p>&nbsp;<\/p>\n","protected":false},"excerpt":{"rendered":"<p>Raciel P\u00e9rez Cruz, Presidente Municipal de Tlalnepantla sostuvo una reuni\u00f3n de trabajo con integrantes de los Consejos de Participaci\u00f3n Ciudadana (COPACI) de la unidad habitacional Adolfo L\u00f3pez Mateos, los fraccionamientos Valle de los Pinos Primera Secci\u00f3n y Las Rosas.<\/p>\n","protected":false},"author":3,"featured_media":457210,"comment_status":"open","ping_status":"open","sticky":false,"template":"","format":"standard","meta":{"_monsterinsights_skip_tracking":false,"_monsterinsights_sitenote_active":false,"_monsterinsights_sitenote_note":"","_monsterinsights_sitenote_category":0,"footnotes":""},"categories":[5],"tags":[43675,81517,169],"class_list":["post-457131","post","type-post","status-publish","format-standard","has-post-thumbnail","hentry","category-estado-de-mexico","tag-estado-de-mexico","tag-raciel-perez-cruz","tag-tlalnepantla"],"_links":{"self":[{"href":"https:\/\/www.diarioimagen.net\/index.php?rest_route=\/wp\/v2\/posts\/457131","targetHints":{"allow":["GET"]}}],"collection":[{"href":"https:\/\/www.diarioimagen.net\/index.php?rest_route=\/wp\/v2\/posts"}],"about":[{"href":"https:\/\/www.diarioimagen.net\/index.php?rest_route=\/wp\/v2\/types\/post"}],"author":[{"embeddable":true,"href":"https:\/\/www.diarioimagen.net\/index.php?rest_route=\/wp\/v2\/users\/3"}],"replies":[{"embeddable":true,"href":"https:\/\/www.diarioimagen.net\/index.php?rest_route=%2Fwp%2Fv2%2Fcomments&post=457131"}],"version-history":[{"count":0,"href":"https:\/\/www.diarioimagen.net\/index.php?rest_route=\/wp\/v2\/posts\/457131\/revisions"}],"wp:featuredmedia":[{"embeddable":true,"href":"https:\/\/www.diarioimagen.net\/index.php?rest_route=\/wp\/v2\/media\/457210"}],"wp:attachment":[{"href":"https:\/\/www.diarioimagen.net\/index.php?rest_route=%2Fwp%2Fv2%2Fmedia&parent=457131"}],"wp:term":[{"taxonomy":"category","embeddable":true,"href":"https:\/\/www.diarioimagen.net\/index.php?rest_route=%2Fwp%2Fv2%2Fcategories&post=457131"},{"taxonomy":"post_tag","embeddable":true,"href":"https:\/\/www.diarioimagen.net\/index.php?rest_route=%2Fwp%2Fv2%2Ftags&post=457131"}],"curies":[{"name":"wp","href":"https:\/\/api.w.org\/{rel}","templated":true}]}}