{"id":457164,"date":"2020-01-23T00:03:01","date_gmt":"2020-01-23T06:03:01","guid":{"rendered":"https:\/\/www.diarioimagen.net\/?p=457164"},"modified":"2020-01-23T00:45:29","modified_gmt":"2020-01-23T06:45:29","slug":"sicilia-lebaron-fuchi-guacala","status":"publish","type":"post","link":"https:\/\/www.diarioimagen.net\/?p=457164","title":{"rendered":"Sicilia-LeBar\u00f3n, \u201c\u00a1fuchi, gu\u00e1cala!\u201d"},"content":{"rendered":"<h2>Espacio Electoral<\/h2>\n<h5>Eleazar Flores<\/h5>\n<p>&nbsp;<\/p>\n<p><strong>CUIDAR INVESTIDURA<\/strong>.- Ahora resulta que para cuidar lo que el ex presidente priista Adolfo Ru\u00edz Cortines defini\u00f3 como la \u201cinvestidura presidencial\u201d el padre de la cuarta transformaci\u00f3n no atender\u00e1 personalmente a los norte\u00f1os LeBar\u00f3n ni al morelense Javier Sicilia para no hacer <em>show<\/em>.<\/p>\n<p>Son palabras del presidente Andr\u00e9s Manuel L\u00f3pez Obrador, que cuando candidato se reuni\u00f3 con el activista Javier Sicilia y sus adeptos, pero hoy sentado en la silla presidencial, argumenta \u201cno soy yo, hay que cuidar la figura presidencial\u201d. Respetable pero peregrina explicaci\u00f3n, pero sus adeptos le justifican esta y muchas decisiones m\u00e1s, incluso algunos columnistas.<\/p>\n<p><strong>EVENTO<\/strong>.- Como sabe, el poeta y activista Javier Sicilia convoc\u00f3 a una peregrinaci\u00f3n de Cuernavaca a la ciudad de M\u00e9xico, con la finalidad de pedir al gobierno federal hacer algo para disminuir los altos grados de inseguridad, asaltos y p\u00e9rdida de vidas, que por desgracia son hechos que se registran todos los d\u00edas, en una entidades m\u00e1s que en otras.<\/p>\n<p>A este movimiento se sum\u00f3 la familia LeBar\u00f3n del norte del pa\u00eds, que el a\u00f1o pasado fue v\u00edctima de la lamentable p\u00e9rdida de siete miembros de esta y otras familias norte\u00f1as, de entre ellas tres mujeres y cuatro ni\u00f1os. El prop\u00f3sito de la marcha Cuernavaca-Ciudad de M\u00e9xico es para pedir al presidente Andr\u00e9s Manuel L\u00f3pz Obrador su intervenci\u00f3n directa\u00a0 en este tema.<\/p>\n<p>Al parecer los LeBar\u00f3n-Sicilia ser\u00e1n los \u00fanicos encabezadores de la marcha, dado que el cl\u00e9rigo Solalinde puso pretextos o argumentos para no participar. Pudiera o no tener raz\u00f3n Solalinde para auto marginarse de la marcha, lo que extra\u00f1a es que siendo un activista en favor de los grupos m\u00e1s vulnerables, ahora prefiere abstenerse el tal Solalinde.<\/p>\n<p>Respecto al cuidado de la investidura presidencial, este \u00e1ngulo deber\u00eda ser integral. Esto significa que el presidente de la rep\u00fablica emplee correctamente el idioma espa\u00f1ol al hablar, no s\u00f3lo en las ma\u00f1aneras, sino en todo su desempe\u00f1o declarativo y de giras. Usted podr\u00e1 pensar que uno es muy fijado en esto de pedirle hablar correctamente al mandatario pero no es as\u00ed.<\/p>\n<p>Esto porque todo lo que dice el mandatario no se queda entre nosotros, los medios se ocupan de que se sepa hasta en el extranjero. Y es en estos pa\u00edses donde llegan las expresiones correctas o incorrectas del presidente de la rep\u00fablica. Hablar correctamente el espa\u00f1ol es tambi\u00e9n cuidar la \u201cinvestidura presidencial\u201d la misma que le dio lustra con su sobriedad el veracruzano Ruiz Cortines.<\/p>\n<p>Por lo dem\u00e1s, se nota el desprecio presidencial no a todos pero s\u00ed a algunos dirigentes sociales, que seguramente no son parte de la convenenciera cuarta transformaci\u00f3n.<\/p>\n<p><a href=\"mailto:elefa44@gmail.com\" target=\"_blank\" rel=\"noopener noreferrer\"><em>elefa44@gmail.com<\/em><\/a><\/p>\n","protected":false},"excerpt":{"rendered":"<p><span style=\"color: #005497;\"><strong>Eleazar Flores<\/strong><\/span><\/p>\n","protected":false},"author":3,"featured_media":0,"comment_status":"open","ping_status":"open","sticky":false,"template":"","format":"standard","meta":{"_monsterinsights_skip_tracking":false,"_monsterinsights_sitenote_active":false,"_monsterinsights_sitenote_note":"","_monsterinsights_sitenote_category":0,"footnotes":""},"categories":[81743],"tags":[81744,81776,43674],"class_list":["post-457164","post","type-post","status-publish","format-standard","hentry","category-eleazar-flores","tag-eleazar-flores","tag-espacio-electoral","tag-opinion"],"_links":{"self":[{"href":"https:\/\/www.diarioimagen.net\/index.php?rest_route=\/wp\/v2\/posts\/457164","targetHints":{"allow":["GET"]}}],"collection":[{"href":"https:\/\/www.diarioimagen.net\/index.php?rest_route=\/wp\/v2\/posts"}],"about":[{"href":"https:\/\/www.diarioimagen.net\/index.php?rest_route=\/wp\/v2\/types\/post"}],"author":[{"embeddable":true,"href":"https:\/\/www.diarioimagen.net\/index.php?rest_route=\/wp\/v2\/users\/3"}],"replies":[{"embeddable":true,"href":"https:\/\/www.diarioimagen.net\/index.php?rest_route=%2Fwp%2Fv2%2Fcomments&post=457164"}],"version-history":[{"count":0,"href":"https:\/\/www.diarioimagen.net\/index.php?rest_route=\/wp\/v2\/posts\/457164\/revisions"}],"wp:attachment":[{"href":"https:\/\/www.diarioimagen.net\/index.php?rest_route=%2Fwp%2Fv2%2Fmedia&parent=457164"}],"wp:term":[{"taxonomy":"category","embeddable":true,"href":"https:\/\/www.diarioimagen.net\/index.php?rest_route=%2Fwp%2Fv2%2Fcategories&post=457164"},{"taxonomy":"post_tag","embeddable":true,"href":"https:\/\/www.diarioimagen.net\/index.php?rest_route=%2Fwp%2Fv2%2Ftags&post=457164"}],"curies":[{"name":"wp","href":"https:\/\/api.w.org\/{rel}","templated":true}]}}