{"id":457281,"date":"2020-01-24T00:02:09","date_gmt":"2020-01-24T06:02:09","guid":{"rendered":"https:\/\/www.diarioimagen.net\/?p=457281"},"modified":"2020-01-24T01:36:15","modified_gmt":"2020-01-24T07:36:15","slug":"construiran-una-base-de-operaciones-para-la-guardia-nacional-en-atizapan","status":"publish","type":"post","link":"https:\/\/www.diarioimagen.net\/?p=457281","title":{"rendered":"Construir\u00e1n una base de operaciones para la Guardia Nacional en Atizap\u00e1n"},"content":{"rendered":"<ul>\n<li><strong><em>Favorecer\u00e1 a 4 municipios m\u00e1s<\/em><\/strong><\/li>\n<\/ul>\n<p>&nbsp;<\/p>\n<div id=\"attachment_457372\" style=\"width: 470px\" class=\"wp-caption aligncenter\"><a href=\"https:\/\/www.diarioimagen.net\/?attachment_id=457372\" rel=\"attachment wp-att-457372\"><img loading=\"lazy\" decoding=\"async\" aria-describedby=\"caption-attachment-457372\" class=\"size-large wp-image-457372\" src=\"https:\/\/www.diarioimagen.net\/wp-content\/uploads\/2020\/01\/ATIZAP\u00c1N-2-460x259.jpg\" alt=\"\" width=\"460\" height=\"259\" srcset=\"https:\/\/www.diarioimagen.net\/wp-content\/uploads\/2020\/01\/ATIZAP\u00c1N-2-460x259.jpg 460w, https:\/\/www.diarioimagen.net\/wp-content\/uploads\/2020\/01\/ATIZAP\u00c1N-2-240x135.jpg 240w, https:\/\/www.diarioimagen.net\/wp-content\/uploads\/2020\/01\/ATIZAP\u00c1N-2-235x132.jpg 235w, https:\/\/www.diarioimagen.net\/wp-content\/uploads\/2020\/01\/ATIZAP\u00c1N-2-202x114.jpg 202w, https:\/\/www.diarioimagen.net\/wp-content\/uploads\/2020\/01\/ATIZAP\u00c1N-2-350x196.jpg 350w, https:\/\/www.diarioimagen.net\/wp-content\/uploads\/2020\/01\/ATIZAP\u00c1N-2-220x123.jpg 220w, https:\/\/www.diarioimagen.net\/wp-content\/uploads\/2020\/01\/ATIZAP\u00c1N-2-237x132.jpg 237w, https:\/\/www.diarioimagen.net\/wp-content\/uploads\/2020\/01\/ATIZAP\u00c1N-2.jpg 480w\" sizes=\"auto, (max-width: 460px) 100vw, 460px\" \/><\/a><p id=\"caption-attachment-457372\" class=\"wp-caption-text\">Norberto Hern\u00e1ndez Bautista, asesor del ayuntamiento, se\u00f1al\u00f3 que Atizap\u00e1n respeta los resultados recientemente dados a conocer por el Inegi respecto a la percepci\u00f3n de inseguridad en los municipios.<\/p><\/div>\n<p>&nbsp;<\/p>\n<p><strong>Atizap\u00e1n, Estdo de M\u00e9xico<\/strong>.- El gobierno de Atizap\u00e1n de Zaragoza se pronunci\u00f3 porque exista una metodolog\u00eda \u00fanica en el pa\u00eds, avalada por el Secretariado Ejecutivo del Sistema Nacional de Seguridad P\u00fablica (SESNSP), para la elaboraci\u00f3n de estudios de opini\u00f3n respecto al tema de seguridad p\u00fablica. En conferencia de prensa, Norberto Hern\u00e1ndez Bautista, asesor de la Presidencia municipal, se\u00f1al\u00f3 que Atizap\u00e1n respeta los resultados recientemente dados a conocer por el Inegi respecto a la percepci\u00f3n de inseguridad en los municipios, sin embargo, se\u00f1al\u00f3 que el tema de seguridad p\u00fablica tiene que ser evaluado \u201ccon todo el rigor metodol\u00f3gico y t\u00e9cnico para tener una evaluaci\u00f3n que permita mejorar (a los gobiernos municipales, en este \u00e1mbito) si existe una sanci\u00f3n negativa, o incluso, positiva.<\/p>\n<p>Norberto Hern\u00e1ndez apunt\u00f3 que Atizap\u00e1n de Zaragoza se acoge a lo que t\u00e9cnica, jur\u00eddica y cient\u00edficamente a los datos otorgados por el SESNSP, los cuales reportan que la localidad no se encuentra dentro de las 50 ciudades con mayor inseguridad o incidencia delictiva.<\/p>\n<p>En este sentido, el Subdirector Operativo de Seguridad P\u00fablica, Carlos Gabriel Main, agreg\u00f3 que en lo que va de la administraci\u00f3n se ha logrado disminuir hasta 36 por ciento la incidencia delictiva en general.<\/p>\n<p>Asimismo resalt\u00f3 el desmantelamiento de bandas organizadas dedicadas al robo a transe\u00fantes, a cuentahabientes, casa habitaci\u00f3n, entre otros, debido al trabajo conjunto con las autoridades federales.<\/p>\n<p>Por su parte, el secretario t\u00e9cnico de la Presidencia, Adolfo Saucedo, dio a conocer que para fortalecer las acciones de seguridad, el gobierno de Atizap\u00e1n se coordina con la Guardia Nacional para construir aqu\u00ed una base de operaciones permanente que favorecer\u00e1 al municipio y la regi\u00f3n, incluyendo Cuautitl\u00e1n Izcalli, Nicol\u00e1s Romero, Naucalpan y Tlalnepantla.<\/p>\n<p>Detall\u00f3 que hay tres propuestas de predios para la instalaci\u00f3n de la base, por lo que esta semana se tendr\u00e1 la visita de un equipo de la Guardia Nacional a fin de evaluar y determinar el lugar m\u00e1s id\u00f3neo para tener la mayor capacidad de respuesta posible en todas las zonas de la localidad.<\/p>\n","protected":false},"excerpt":{"rendered":"<p>El gobierno de Atizap\u00e1n de Zaragoza se pronunci\u00f3 porque exista una metodolog\u00eda \u00fanica en el pa\u00eds, avalada por el Secretariado Ejecutivo del Sistema Nacional de Seguridad P\u00fablica (SESNSP), para la elaboraci\u00f3n de estudios de opini\u00f3n respecto al tema de seguridad p\u00fablica.<\/p>\n","protected":false},"author":3,"featured_media":457372,"comment_status":"open","ping_status":"open","sticky":false,"template":"","format":"standard","meta":{"_monsterinsights_skip_tracking":false,"_monsterinsights_sitenote_active":false,"_monsterinsights_sitenote_note":"","_monsterinsights_sitenote_category":0,"footnotes":""},"categories":[5],"tags":[969,89703,50036,89099,70876],"class_list":["post-457281","post","type-post","status-publish","format-standard","has-post-thumbnail","hentry","category-estado-de-mexico","tag-atizapan","tag-base","tag-estdo-de-mexico","tag-guarcia-nacional","tag-operaciones"],"_links":{"self":[{"href":"https:\/\/www.diarioimagen.net\/index.php?rest_route=\/wp\/v2\/posts\/457281","targetHints":{"allow":["GET"]}}],"collection":[{"href":"https:\/\/www.diarioimagen.net\/index.php?rest_route=\/wp\/v2\/posts"}],"about":[{"href":"https:\/\/www.diarioimagen.net\/index.php?rest_route=\/wp\/v2\/types\/post"}],"author":[{"embeddable":true,"href":"https:\/\/www.diarioimagen.net\/index.php?rest_route=\/wp\/v2\/users\/3"}],"replies":[{"embeddable":true,"href":"https:\/\/www.diarioimagen.net\/index.php?rest_route=%2Fwp%2Fv2%2Fcomments&post=457281"}],"version-history":[{"count":0,"href":"https:\/\/www.diarioimagen.net\/index.php?rest_route=\/wp\/v2\/posts\/457281\/revisions"}],"wp:featuredmedia":[{"embeddable":true,"href":"https:\/\/www.diarioimagen.net\/index.php?rest_route=\/wp\/v2\/media\/457372"}],"wp:attachment":[{"href":"https:\/\/www.diarioimagen.net\/index.php?rest_route=%2Fwp%2Fv2%2Fmedia&parent=457281"}],"wp:term":[{"taxonomy":"category","embeddable":true,"href":"https:\/\/www.diarioimagen.net\/index.php?rest_route=%2Fwp%2Fv2%2Fcategories&post=457281"},{"taxonomy":"post_tag","embeddable":true,"href":"https:\/\/www.diarioimagen.net\/index.php?rest_route=%2Fwp%2Fv2%2Ftags&post=457281"}],"curies":[{"name":"wp","href":"https:\/\/api.w.org\/{rel}","templated":true}]}}