{"id":457314,"date":"2020-01-24T00:02:52","date_gmt":"2020-01-24T06:02:52","guid":{"rendered":"https:\/\/www.diarioimagen.net\/?p=457314"},"modified":"2020-01-24T00:41:43","modified_gmt":"2020-01-24T06:41:43","slug":"lopez-obrador-y-sus-chivos-expiatorios","status":"publish","type":"post","link":"https:\/\/www.diarioimagen.net\/?p=457314","title":{"rendered":"L\u00f3pez Obrador y sus chivos expiatorios"},"content":{"rendered":"<h2>La Retaguardia<\/h2>\n<h5>Adriana Moreno Cordero<\/h5>\n<p>&nbsp;<\/p>\n<ul>\n<li><strong><em>Padres de ni\u00f1os con c\u00e1ncer ya no le creen al Presidente<\/em><\/strong><\/li>\n<\/ul>\n<p>&nbsp;<\/p>\n<p>El presidente <strong>Andr\u00e9s Manuel L\u00f3pez Obrador<\/strong> y sus chivos expiatorios, as\u00ed se podr\u00eda titular el cap\u00edtulo que en esta semana que termina, gan\u00f3 la atenci\u00f3n: el desabasto de medicamentos para tratar a ni\u00f1os con c\u00e1ncer y las movilizaciones que padres y madres de \u00e9stos, desplegaron principalmente en el Aeropuerto Internacional de la Ciudad de M\u00e9xico.<\/p>\n<p>Lo que hay que subrayar es que en este conflicto, -desde que se inici\u00f3-, el jefe del Ejecutivo mostr\u00f3 total insensibilidad ante esta tragedia; unas veces evad\u00eda y otras, hac\u00eda como que no sab\u00eda y algo es totalmente cierto, como lo dijeron los padres de los ni\u00f1os afectados, el mandatario se ha dedicado mucho m\u00e1s a apoyar con abundantes recursos a su deporte favorito, el beisbol.<\/p>\n<p>Por lo pronto, L\u00f3pez Obrador se comprometi\u00f3 a garantizar que no faltar\u00e1n los\u00a0medicamentos\u00a0para los ni\u00f1os con c\u00e1ncer y se\u00f1al\u00f3 que el Gobierno de M\u00e9xico cuenta con el presupuesto suficiente para la adquisici\u00f3n, y de ser necesario el medicamento se comprar\u00e1 en otros pa\u00edses, por cierto, con esos mega ahorros que acostumbra la llamada cuarta transformaci\u00f3n.<\/p>\n<p>Sin embargo, los padres y madres de ni\u00f1os con c\u00e1ncer forman parte de esa ciudadan\u00eda que ya no le cre\u00e9 al presidente que aun viviendo en Palacio Nacional, sigue haciendo promesas\u00a0 de campa\u00f1a y por eso, uno de los m\u00e1s activos en este movimiento, <strong>Israel Rivas<\/strong>, le respondi\u00f3 al tabasque\u00f1o: \u201cNo queremos promesas falsas, que lo pongan por escrito\u201d. Ello porque cada vez que los funcionarios de la llamada cuarta transformaci\u00f3n ven que en este tema las cosas est\u00e1n a punto de explotar, entonces tratan de apagar el fuego argumentando que de \u00faltima hora, lleg\u00f3 el medicamento y culpan a todo mundo menos a ellos.<\/p>\n<p>No obstante, la sorpresa vino ayer en la gustad\u00edsima conferencia de prensa ma\u00f1anera, donde el tabasque\u00f1o se sac\u00f3 un as de la manga para culpar, esta vez no al pasado, (\u00a1milagro!), sino al director del Hospital Infantil de M\u00e9xico, <strong>Jaime Nieto Zerme\u00f1o<\/strong>\u00a0 y otros funcionarios de ese nosocomio, como lo inform\u00f3 la mism\u00edsima secretaria de la Funci\u00f3n P\u00fablica, <strong>Irma Er\u00e9ndira Sandoval<\/strong> y es principalmente el Jefe de Hemato Oncolog\u00eda, \u201ces quien de forma irresponsable, consideramos en el expediente, gener\u00f3 este supuesto desabasto\u201d, se\u00f1al\u00f3 la funcionaria.<\/p>\n<p>Por su parte, el director del Hospital Infantil de M\u00e9xico, el doctor Nieto Zerme\u00f1o, declar\u00f3 que est\u00e1n abiertos a que se realice la indagatoria: \u00abYo creo que el Presidente tiene todo el derecho de investigar y ver las cosas. Estamos totalmente abiertos para la investigaci\u00f3n\u00bb.<\/p>\n<p>Los padres y madres de ni\u00f1os con c\u00e1ncer quisieron corroborar directamente en el Hospital Infantil que el abasto de los medicamentos que requieren de forma urgente sus hijos, est\u00e1 garantizado pero no les dieron acceso al nosocomio.<\/p>\n<p>Lo raro es que el secretario de Salud, <strong>Jorge Alcocer<\/strong>, no ha dado la cara y env\u00eda al subsecretario <strong>Hugo L\u00f3pez Gatel<\/strong>, tanto para este como para otros temas como el del coronavirus.<\/p>\n<p>Finalmente, si el presidente L\u00f3pez Obrador se ha comprometido a acabar y erradicar a la corrupci\u00f3n en todos los campos, -de hecho, esa fue una de sus principales banderas de campa\u00f1a-, deber\u00eda demostrar que puede con esa misi\u00f3n, pero por lo menos hasta el momento, ha demostrado todo lo contrario, o sea, nada m\u00e1s no puede. Habr\u00eda que recordarle al mandatario el significado de la palabra hip\u00f3tesis. De acuerdo a la Real Academia Espa\u00f1ola: \u201cSuposici\u00f3n de algo posible o imposible para sacar de ello una consecuencia. Hip\u00f3tesis de trabajo, que se establece provisionalmente como base de una investigaci\u00f3n que puede confirmar o negar la validez de aquella\u201d. \u00a1Qu\u00e9 tal!<\/p>\n<p style=\"text-align: center;\"><strong>MUNICIONES<\/strong><\/p>\n<p>*** En el marco de la Feria Internacional de Turismo, que se realiza en Madrid, el estado de Puebla, que gobierna <strong>Luis Miguel Barbosa<\/strong>, recibi\u00f3 el premio \u201cAire Libre\u201d al colocarse como la \u201cMejor Marca Destino Sustentable\u201d del evento. Adem\u00e1s, la entidad fue reconocida con otro galard\u00f3n en el rubro gastron\u00f3mico por la conservaci\u00f3n de las recetas tradicionales poblanas como los chiles en nogada, el mole poblano y el mole de caderas.<\/p>\n<p>*** \u00bfY ahora, qu\u00e9 cuentas le va a entregar el sobrino favorito a la t\u00eda favorita? Resulta que el flamante juez <strong>Felipe de Jes\u00fas Delgadillo Padierna<\/strong>, dej\u00f3, a partir de enero, todos los procesos y juicios que estaban a su cargo, entre ellos el de la extitular de la Sedatu, <strong>Rosario Robles<\/strong>. Esta noticia no le cay\u00f3 nada bien a la diputada <strong>Mar\u00eda de los Dolores Padierna<\/strong> que sigue descargando todo su odio sobre la exjefa de Gobierno de la CDMX. Sin embargo, hay una raz\u00f3n y es que el juez Delgadillo Padierna asumi\u00f3 el despacho de juez administrador del Reclusorio Sur pero, ojo, solo por un a\u00f1o, as\u00ed que la defensa de Robles Berlanga, se tendr\u00e1 que apurar para resolver su situaci\u00f3n y, por qu\u00e9 no, liberarla. Y otra cuesti\u00f3n \u00bfse podr\u00e1 hacer algo con respecto a que a finales del a\u00f1o pasado, Felipe de Jes\u00fas Padierna orden\u00f3, en una acci\u00f3n totalmente arbitraria, la liberaci\u00f3n de 27 personas detenidas en un operativo realizado en Tepito y a quienes la Fiscal\u00eda General de la Rep\u00fablica (FGR), de <strong>Alejandro Gertz Manero<\/strong>, buscaba imputar delitos contra la salud y portaci\u00f3n de arma de fuego? Nada m\u00e1s es pregunta.<\/p>\n<p>*** Si la flamante presidenta de la Comisi\u00f3n Nacional de Derechos, <strong>Rosario Piedra Ibarra<\/strong> no quiso hablar de lo que ocurre en la frontera sur del pa\u00eds con las caravanas migrantes durante su comparecencia, alguno de sus asesores le deber\u00eda de informar que no es una acci\u00f3n espor\u00e1dica la de la Guardia Nacional, -como asegur\u00f3 AMLO-, lanzar gases lacrim\u00f3genos a los migrantes. Eso s\u00ed, la CNDH, emiti\u00f3 un comunicado en el que se\u00f1al\u00f3 que \u201ccon relaci\u00f3n a la Caminata por la Verdad, Justicia y Paz, que parti\u00f3 de la Paloma de la Paz en Cuernavaca para dirigirse a la Ciudad de M\u00e9xico, se informa que se solicitaron medidas cautelares a la @SSPCMexico @SSP_CDMX @CES_Morelos y al @CuernavacaGob.\u00a0A efecto de vigilar el cumplimiento de estas medidas, que permitir\u00e1n evitar la consumaci\u00f3n irreparable de las violaciones denunciadas o la producci\u00f3n de da\u00f1os de dif\u00edcil reparaci\u00f3n, personal de este organismo brinda acompa\u00f1amiento a los integrantes de la Caravana en su recorrido\u201d. No pues, qu\u00e9 bonito comunicado.<\/p>\n<p><a href=\"mailto:morcora@gmail.com\" target=\"_blank\" rel=\"noopener noreferrer\"><em>morcora@gmail.com<\/em><\/a><\/p>\n","protected":false},"excerpt":{"rendered":"<p><span style=\"color: #005497;\"><strong>Adriana Moreno Cordero<\/strong><\/span><\/p>\n","protected":false},"author":3,"featured_media":0,"comment_status":"open","ping_status":"open","sticky":false,"template":"","format":"standard","meta":{"_monsterinsights_skip_tracking":false,"_monsterinsights_sitenote_active":false,"_monsterinsights_sitenote_note":"","_monsterinsights_sitenote_category":0,"footnotes":""},"categories":[69370],"tags":[69369,69368,43674],"class_list":["post-457314","post","type-post","status-publish","format-standard","hentry","category-adriana-moreno-cordero","tag-adriana-moreno-cordero","tag-la-retaguardia","tag-opinion"],"_links":{"self":[{"href":"https:\/\/www.diarioimagen.net\/index.php?rest_route=\/wp\/v2\/posts\/457314","targetHints":{"allow":["GET"]}}],"collection":[{"href":"https:\/\/www.diarioimagen.net\/index.php?rest_route=\/wp\/v2\/posts"}],"about":[{"href":"https:\/\/www.diarioimagen.net\/index.php?rest_route=\/wp\/v2\/types\/post"}],"author":[{"embeddable":true,"href":"https:\/\/www.diarioimagen.net\/index.php?rest_route=\/wp\/v2\/users\/3"}],"replies":[{"embeddable":true,"href":"https:\/\/www.diarioimagen.net\/index.php?rest_route=%2Fwp%2Fv2%2Fcomments&post=457314"}],"version-history":[{"count":0,"href":"https:\/\/www.diarioimagen.net\/index.php?rest_route=\/wp\/v2\/posts\/457314\/revisions"}],"wp:attachment":[{"href":"https:\/\/www.diarioimagen.net\/index.php?rest_route=%2Fwp%2Fv2%2Fmedia&parent=457314"}],"wp:term":[{"taxonomy":"category","embeddable":true,"href":"https:\/\/www.diarioimagen.net\/index.php?rest_route=%2Fwp%2Fv2%2Fcategories&post=457314"},{"taxonomy":"post_tag","embeddable":true,"href":"https:\/\/www.diarioimagen.net\/index.php?rest_route=%2Fwp%2Fv2%2Ftags&post=457314"}],"curies":[{"name":"wp","href":"https:\/\/api.w.org\/{rel}","templated":true}]}}