{"id":457464,"date":"2020-01-27T00:01:43","date_gmt":"2020-01-27T06:01:43","guid":{"rendered":"https:\/\/www.diarioimagen.net\/?p=457464"},"modified":"2020-01-27T01:03:56","modified_gmt":"2020-01-27T07:03:56","slug":"cerro-la-fitur-vimos-por-que-espana-rompe-records-en-todos-los-aspectos-de-turismo-y-a-mexicanos-que-nos-honran","status":"publish","type":"post","link":"https:\/\/www.diarioimagen.net\/?p=457464","title":{"rendered":"Cerr\u00f3 la Fitur; vimos por qu\u00e9 Espa\u00f1a rompe r\u00e9cords en todos los aspectos de turismo, y a mexicanos que nos honran"},"content":{"rendered":"<h2>De cinco estrellas<\/h2>\n<h5>Victoria Gonz\u00e1lez Prado<\/h5>\n<h5><\/h5>\n<p>&nbsp;<\/p>\n<div id=\"attachment_457520\" style=\"width: 310px\" class=\"wp-caption alignleft\"><a href=\"https:\/\/www.diarioimagen.net\/?attachment_id=457520\" rel=\"attachment wp-att-457520\"><img loading=\"lazy\" decoding=\"async\" aria-describedby=\"caption-attachment-457520\" class=\" wp-image-457520\" src=\"https:\/\/www.diarioimagen.net\/wp-content\/uploads\/2020\/01\/turismo-6-371x460.jpg\" alt=\"\" width=\"300\" height=\"372\" srcset=\"https:\/\/www.diarioimagen.net\/wp-content\/uploads\/2020\/01\/turismo-6-371x460.jpg 371w, https:\/\/www.diarioimagen.net\/wp-content\/uploads\/2020\/01\/turismo-6-194x240.jpg 194w, https:\/\/www.diarioimagen.net\/wp-content\/uploads\/2020\/01\/turismo-6.jpg 565w\" sizes=\"auto, (max-width: 300px) 100vw, 300px\" \/><\/a><p id=\"caption-attachment-457520\" class=\"wp-caption-text\">Jes\u00fas Radilla, Luis Guillermo Ben\u00edtez Torres, David Gonz\u00e1lez Torrentera y Reyes Maroto Illera.<\/p><\/div>\n<p><strong>Madrid, Espa\u00f1a<\/strong>.- La versi\u00f3n 40 de la Feria Internacional de Turismo (Fitur) lleg\u00f3 a su fin ayer domingo en esta ciudad. Fue una jornada intensa \u2013tres d\u00edas consecutivos\u2014 para los profesionales del turismo que se dieron cita en la Feria de Madrid, instalada en 69 mil 697.5 metros cuadrados. El pa\u00eds socio: Corea. Participaron once mil 40 empresas con 918 expositores de 165 pa\u00edses o regiones.<\/p>\n<p>En el pabell\u00f3n 3 se ubic\u00f3 Am\u00e9rica y justo a la entrada se ve el estand de M\u00e9xico, que este a\u00f1o fue m\u00e1s peque\u00f1o, poco m\u00e1s amontonado, y muy cerca \u2013contrario a otros a\u00f1os\u2014 los del Caribe Mexicano y el estado de Guerrero, \u00e9ste siempre colorido con hamacas de intensas tonalidades formando especie de \u00e1rbol, y otro con las famosas cabezas de jaguares amarillos con negro que representan al sol y al universo.<\/p>\n<p>Los tres primeros d\u00edas los estands mexicanos tuvieron visitantes con citas pactadas, se ofrecieron muestras de mezcal y tequila, bailes relativos al Carnaval de Mazatl\u00e1n y tambi\u00e9n alguna muestra gastron\u00f3mica mazatleca.<\/p>\n<p>Recorrer la Feria Internacional de Turismo en su totalidad no fue f\u00e1cil, ni siquiera usando los pasillos m\u00f3viles de un pabell\u00f3n a otro. Y si te deten\u00edas a pedir informaci\u00f3n, lo m\u00e1s seguro es que s\u00f3lo recorrieras la mitad y del resto s\u00f3lo supieras que estaba \u00c1frica o Asia-Pac\u00edfico, Oriente pr\u00f3ximo o Europa, empresas de tecnolog\u00eda o asociaciones.<\/p>\n<p>Vimos mucho trabajo, pasillos amplios repletos de gente que llevaba peque\u00f1as maletas con ruedas para guardar la innumerable folleter\u00eda que recib\u00edan luego de su paso por los estands. Otros cargaban bolsas y bolsas repletas.<\/p>\n<p>Este a\u00f1o quisimos constatar qu\u00e9 pasaba con los estands en los distintos pabellones el primer d\u00eda de entrada al p\u00fablico (s\u00e1bado), y, \u00a1oh, sorpresa!, el estand de M\u00e9xico vac\u00edo, los operadores, hoteleros, destinos y dem\u00e1s prestadores de servicios tur\u00edsticos abandonaron sus lugares de trabajo, M\u00e9xico y el Caribe Mexicano se ve\u00edan tristemente desolados.<\/p>\n<p>Por fortuna para los mazatlecos, quienes ocuparon una esquina del stand de M\u00e9xico segu\u00edan ah\u00ed activos en lo que hoy han denominado \u201cRiviera Mazatl\u00e1n\u201d, los bailarines de carnaval daban muestra de sus dotes; quienes pasaban los ve\u00edan bailar e intentaban imitar sus movimientos y les ped\u00edan tomarse fotograf\u00edas con ellos, mientras el presidente municipal de Mazatl\u00e1n, <strong>Luis Guillermo Ben\u00edtez Torres<\/strong>, proporcionaba informaci\u00f3n de este \u201cnuevo\u201d destino que integra los seis municipios del sur de Sinaloa:<\/p>\n<p>Elota, pueblo se\u00f1orial con numerosas playas dotadas con los mejores servicios.<\/p>\n<p>San Ignacio, ba\u00f1ado por las aguas del r\u00edo Piaxtla, con 31 kil\u00f3metros de playa, te recibe con la imagen del Cristo de La Mesa, escultura de m\u00e1s de 20 metros. Sus sitios de inter\u00e9s son Barras de Piaxtla, Las Labradas y La Mesa de Cacaxtla.<\/p>\n<p>Mazatl\u00e1n, llamada Ciudad del Carnaval, es uno de los principales destinos tur\u00edsticos del pa\u00eds, que combina sol y playa con la riqueza arquitect\u00f3nica de su Centro Hist\u00f3rico, la belleza de sus atractivos naturales, paradisiacas playas, riqueza en su fauna marina, clima, gastronom\u00eda, cultura, deportes, vida nocturna y su gente.<\/p>\n<p>Concordia, antiguo pueblo minero ubicado entre los majestuosos paisajes de la Sierra Madre Occidental, conocido popularmente por la producci\u00f3n de muebles de madera, gastronom\u00eda t\u00edpica y producci\u00f3n de ciruela.<\/p>\n<p>Rosario: Pueblo M\u00e1gico, pr\u00f3spero en minerales preciosos, y con atractivas playas a lo largo de sus 40 kil\u00f3metros, desde la costa del Pac\u00edfico hasta las estribaciones de la Sierra Madre Oriental.<\/p>\n<p>Escuinapa<strong>, <\/strong>pueblo pesquero orgullosamente \u201cbicicletero\u201d, rico en marismas y manglares donde viven infinidad de especies costeras, caracterizado por sus recursos naturales, paisajes, zona centro y su ic\u00f3nica pir\u00e1mide de conchas.<\/p>\n<p>El presidente municipal de Mazatl\u00e1n tambi\u00e9n nos comparti\u00f3: \u201cMazatl\u00e1n es el destino m\u00e1s importante de Sinaloa en materia tur\u00edstica, por lo que es importante posicionarlo con este nombre de Riviera Mazatl\u00e1n. En esta oferta tur\u00edstica se contemplaron recorridos por zonas arqueol\u00f3gicas y atractivos naturales. Es la primera vez que promocionamos Mazatl\u00e1n y queremos llegar muy lejos\u201d.<\/p>\n<p>Tambi\u00e9n, por ah\u00ed andaba el secretario de Desarrollo Econ\u00f3mico y Turismo municipal de Mazatl\u00e1n, <strong>David Gonz\u00e1lez Torrentera,<\/strong> andaba de un lado a otro promoviendo su estado, hablando de la deliciosa gastronom\u00eda de Oaxaca con sus ocho moles, el famoso quesillo y los deliciosos chapulines.<\/p>\n<p>A s\u00f3lo unos pasos estaba el local de Guerrero, tambi\u00e9n trabajando intensamente el s\u00e1bado. Mostrando la belleza de su estand, los bailes y trajes t\u00edpicos y brindando informaci\u00f3n a quienes se acercaban a ver qu\u00e9 ofrec\u00eda la entidad, y ah\u00ed estaba <strong>Jes\u00fas Radilla Calder\u00f3n, <\/strong>subsecretario de Promoci\u00f3n de la Secretar\u00eda de Fomento Tur\u00edstico del estado de Guerrero.<\/p>\n<p>En lo personal me llen\u00f3 de orgullo ver al menos a los funcionarios mencionados trabajando de cara al p\u00fablico. Su objetivo era promover los atractivos que ofrece cada una de esas entidades, sin importar si los visitantes eran profesionales de turismo o p\u00fablico en general. Tengo que decirlo; me sent\u00ed feliz de verlos ah\u00ed como decimos coloquialmente, \u201cal pie del ca\u00f1\u00f3n\u201d.<\/p>\n<p>Tambi\u00e9n entend\u00ed por qu\u00e9 Espa\u00f1a logr\u00f3 otro r\u00e9cord de turistas extranjeros en 2019, con 83.7 millones de viajeros internacionales y gasto de 92 mil 337 millones de euros, seg\u00fan cifras presentadas por la ministra de Industria, Comercio y Turismo, <strong>Reyes Maroto Illera<\/strong>. (Datos definitivos se dar\u00e1n a conocer el pr\u00f3ximo 3 de febrero).<\/p>\n<p>Y es que en el pabell\u00f3n de Espa\u00f1a, s\u00f3lo uno para toda la pen\u00ednsula, no se dej\u00f3 de trabajar ni un instante. Aun cuando se abri\u00f3 la Fitur al p\u00fablico, todos los prestadores de servicios tur\u00edsticos daban informaci\u00f3n, ofrec\u00edan paquetes, y estaban todos: aerol\u00edneas, hoteles, restaurantes, tour-operadores, mientras \u201cpersonajes\u201d vestidos con trajes regionales o bailando recorr\u00edan otros pabellones llevando informaci\u00f3n de sus destinos.<\/p>\n<p>Por esa perseverancia Espa\u00f1a tiene el segundo lugar mundial y se dice f\u00e1cil y r\u00e1pido pero cuando se trata de promover est\u00e1n todos donde tienen que estar.<\/p>\n<p><em><span class=\"Apple-converted-space\"><a href=\"mailto:victoriagprado@gmail.com\" target=\"_blank\" rel=\"noopener noreferrer\">victoriagprado@gmail.com<\/a><br \/>\nTwitter: <a href=\"https:\/\/twitter.com\/victoriagprado\" target=\"_blank\" rel=\"noopener noreferrer\">@victoriagprado<\/a><\/span><\/em><\/p>\n","protected":false},"excerpt":{"rendered":"<p>La versi\u00f3n 40 de la Feria Internacional de Turismo (Fitur) lleg\u00f3 a su fin ayer domingo en esta ciudad. Fue una jornada intensa \u2013tres d\u00edas consecutivos\u2014 para los profesionales del turismo que se dieron cita en la Feria de Madrid, instalada en 69 mil 697.5 metros cuadrados. El pa\u00eds socio: Corea. Participaron once mil 40 empresas con 918 expositores de 165 pa\u00edses o regiones.<\/p>\n","protected":false},"author":3,"featured_media":457522,"comment_status":"open","ping_status":"open","sticky":false,"template":"","format":"standard","meta":{"_monsterinsights_skip_tracking":false,"_monsterinsights_sitenote_active":false,"_monsterinsights_sitenote_note":"","_monsterinsights_sitenote_category":0,"footnotes":""},"categories":[11],"tags":[107,43674,43681,106],"class_list":["post-457464","post","type-post","status-publish","format-standard","has-post-thumbnail","hentry","category-turismo","tag-de-cinco-estrellas","tag-opinion","tag-turismo","tag-victoria-gonzalez-prado"],"_links":{"self":[{"href":"https:\/\/www.diarioimagen.net\/index.php?rest_route=\/wp\/v2\/posts\/457464","targetHints":{"allow":["GET"]}}],"collection":[{"href":"https:\/\/www.diarioimagen.net\/index.php?rest_route=\/wp\/v2\/posts"}],"about":[{"href":"https:\/\/www.diarioimagen.net\/index.php?rest_route=\/wp\/v2\/types\/post"}],"author":[{"embeddable":true,"href":"https:\/\/www.diarioimagen.net\/index.php?rest_route=\/wp\/v2\/users\/3"}],"replies":[{"embeddable":true,"href":"https:\/\/www.diarioimagen.net\/index.php?rest_route=%2Fwp%2Fv2%2Fcomments&post=457464"}],"version-history":[{"count":0,"href":"https:\/\/www.diarioimagen.net\/index.php?rest_route=\/wp\/v2\/posts\/457464\/revisions"}],"wp:featuredmedia":[{"embeddable":true,"href":"https:\/\/www.diarioimagen.net\/index.php?rest_route=\/wp\/v2\/media\/457522"}],"wp:attachment":[{"href":"https:\/\/www.diarioimagen.net\/index.php?rest_route=%2Fwp%2Fv2%2Fmedia&parent=457464"}],"wp:term":[{"taxonomy":"category","embeddable":true,"href":"https:\/\/www.diarioimagen.net\/index.php?rest_route=%2Fwp%2Fv2%2Fcategories&post=457464"},{"taxonomy":"post_tag","embeddable":true,"href":"https:\/\/www.diarioimagen.net\/index.php?rest_route=%2Fwp%2Fv2%2Ftags&post=457464"}],"curies":[{"name":"wp","href":"https:\/\/api.w.org\/{rel}","templated":true}]}}