{"id":457521,"date":"2020-01-27T00:04:41","date_gmt":"2020-01-27T06:04:41","guid":{"rendered":"https:\/\/www.diarioimagen.net\/?p=457521"},"modified":"2020-01-28T00:33:46","modified_gmt":"2020-01-28T06:33:46","slug":"la-pesadilla-2","status":"publish","type":"post","link":"https:\/\/www.diarioimagen.net\/?p=457521","title":{"rendered":"La pesadilla"},"content":{"rendered":"<h2>Punto por punto<\/h2>\n<h5>Augusto Corro<\/h5>\n<p>&nbsp;<\/p>\n<p>La semana pasada el secretario de Seguridad y Protecci\u00f3n Ciudadana, Alfonso Durazo, declar\u00f3 que el trabajo de seguridad requiere \u201cperseverancia\u201d y \u201cestamos seguros que a fin de a\u00f1o vamos a entregar buenas cuentas\u201d.<\/p>\n<p>Ignoramos en que funda su optimismo el funcionario encargado de brindar paz y tranquilidad a la sociedad mexicana. A m\u00e1s de un a\u00f1o del gobierno del presidente Andr\u00e9s Manuel L\u00f3pez Obrador la ola de violencia contin\u00faa en el pa\u00eds.<\/p>\n<p>El \u00edndice de asaltos, secuestros, feminicidios, asesinatos, etc., no disminuye. Al contrario, m\u00e1s de un estado increment\u00f3 su registro de cr\u00edmenes para convertirse en \u201cpara\u00edso de la impunidad\u201d.<\/p>\n<p>\u00bfCu\u00e1l ser\u00e1 la actitud de Durazo? \u00bfqu\u00e9 medidas tomar\u00e1 para acabar con la delincuencia organizada? Un a\u00f1o es insuficiente para regresar a M\u00e9xico a aquellos tiempos de paz y armon\u00eda.<\/p>\n<p>Es cierto que el problema de la delincuencia fue una terrible herencia de gobiernos anteriores, pero el tiempo transcurre y lo que urge en el presente son resultados que reflejen la labor de las autoridades contra los criminales.<\/p>\n<p>Pero la acci\u00f3n criminal no cesa. Contin\u00faan las\u00a0 masacres, los asesinatos de mujeres y toda clase de delito amenaza a la poblaci\u00f3n. De nada sirve que se conozcan las cifras de la violencia si no se tiene la capacidad para reducirlas o desaparecerlas.<\/p>\n<p>Uno de los problemas de criminalidad incontrolable lo tiene el estado de Guanajuato. De entidad propicia para el turismo, hoy en esa parte del territorio nacional los ba\u00f1os de sangre ocurren diariamente.<\/p>\n<p>La noche del viernes en un parador carretero guanajuatense un grupo de sujetos asesin\u00f3 a tiros a nueve personas. Seis v\u00edctimas perecieron en el lugar y otras tres fuera de ese sitio ubicado en la carretera que conecta al municipio de Villagr\u00e1n, Guanajuato, con el estado de Quer\u00e9taro.<\/p>\n<p>Este hecho se suma a la serie de cr\u00edmenes contra la sociedad guanajuatense. Son muchos los polic\u00edas que perdieron la vida a manos de narcos, \u201chuachicoleros\u201d y secuestradores.\u00a0 Concretamente, el a\u00f1o pasado fueron asesinados 65 uniformados.<\/p>\n<p>La problem\u00e1tica social que llev\u00f3 la violencia a Guanajuato surgi\u00f3 cuando los criminales se dieron cuenta que nadie era castigado por los delitos que cometiera. As\u00ed, surgi\u00f3 el narcotr\u00e1fico y sus consecuencias de asesinatos en la lucha sangrienta por las plazas.<\/p>\n<p>Adem\u00e1s, el \u201chuachicoleo\u201d (la extracci\u00f3n ilegal de ductos de combustible) tambi\u00e9n tuvo su \u00e9poca esplendor, cuando se comprob\u00f3 que ese delito no era castigado debido a la laxitud de las leyes o a la corrupci\u00f3n de las autoridades.<\/p>\n<p>Los jefes de las bandas de narcos o \u201chuachicoleros\u201d amasaron fortunas millonarias en pesos y en\u00a0 propiedades fastuosas, dignas de los jeques petroleros de los pa\u00edses \u00e1rabes. Los jefes de esas bandas se encuentran libres.<\/p>\n<p>Lo que ocurre en Guanajuato se multiplica en otras regiones del pa\u00eds. En esos lugares, sus habitantes tienen que someterse a las leyes del crimen organizado o huir. Ya son miles de desplazados los que dejaron sus hogares para buscar mejores condiciones de vida.<\/p>\n<p>El estado de Guerrero es una de esas entidades en las que la delincuencia organizada lleg\u00f3 a sembrar violencia desde hace varios a\u00f1os. Los grupos conocidos como \u201cLos Ardillos\u201d y \u201cLos Rojos\u201d se encuentran en plena guerra derivada de la producci\u00f3n y trasiego del opio.<\/p>\n<p>En este espacio ya nos referimos a los ni\u00f1os soldados de Guerrero, quienes ante el temor de ser agredidos optaron por armar a la comunidad. As\u00ed, los menores son entrenados en el uso de escopetas y rifles para su defensa.<\/p>\n<p>En Acapulco, hace tiempo que las autoridades tienen conocimiento de la acci\u00f3n de m\u00e1s diez bandas criminales que tienen en jaque a la poblaci\u00f3n. \u00bfY las autoridades? Su ineptitud no les permite actuar.<\/p>\n<p>El panorama delincuencial en M\u00e9xico es dif\u00edcil, complejo. \u00bfEn qu\u00e9 se apoya el secretario de Seguridad y Protecci\u00f3n Ciudadana, Alfonso Durazo? \u00bfEn las nuevas leyes penales para castigar con m\u00e1s rigor a los criminales? \u00bfA una actuaci\u00f3n mejor de la Guardia Nacional ahora encargada de controlar el flujo migratorio?<\/p>\n<p>No se ve la manera en que el funcionario Durazo termine con esa pesadilla que tiene en jaque a los mexicanos debido al sinn\u00famero de actos criminales, como asaltos, secuestros, feminicidios y asesinatos registrados en un pa\u00eds, donde m\u00e1s del noventa por ciento de los delitos no son castigados. \u00bfUsted qu\u00e9 opina amable lector?<\/p>\n<p><span class=\"Apple-converted-space\"><em><u><a href=\"mailto:aco2742@hotmail.com\" target=\"_blank\" rel=\"noopener noreferrer\">aco2742@hotmail.com<\/a><\/u><\/em><\/span><\/p>\n","protected":false},"excerpt":{"rendered":"<p><span style=\"color: #005497;\"><strong>Augusto Corro<\/strong><\/span><\/p>\n","protected":false},"author":3,"featured_media":0,"comment_status":"open","ping_status":"open","sticky":false,"template":"","format":"standard","meta":{"_monsterinsights_skip_tracking":false,"_monsterinsights_sitenote_active":false,"_monsterinsights_sitenote_note":"","_monsterinsights_sitenote_category":0,"footnotes":""},"categories":[157],"tags":[43686,43674,11515],"class_list":["post-457521","post","type-post","status-publish","format-standard","hentry","category-augusto-corro","tag-augusto-corro","tag-opinion","tag-punto-por-punto"],"_links":{"self":[{"href":"https:\/\/www.diarioimagen.net\/index.php?rest_route=\/wp\/v2\/posts\/457521","targetHints":{"allow":["GET"]}}],"collection":[{"href":"https:\/\/www.diarioimagen.net\/index.php?rest_route=\/wp\/v2\/posts"}],"about":[{"href":"https:\/\/www.diarioimagen.net\/index.php?rest_route=\/wp\/v2\/types\/post"}],"author":[{"embeddable":true,"href":"https:\/\/www.diarioimagen.net\/index.php?rest_route=\/wp\/v2\/users\/3"}],"replies":[{"embeddable":true,"href":"https:\/\/www.diarioimagen.net\/index.php?rest_route=%2Fwp%2Fv2%2Fcomments&post=457521"}],"version-history":[{"count":0,"href":"https:\/\/www.diarioimagen.net\/index.php?rest_route=\/wp\/v2\/posts\/457521\/revisions"}],"wp:attachment":[{"href":"https:\/\/www.diarioimagen.net\/index.php?rest_route=%2Fwp%2Fv2%2Fmedia&parent=457521"}],"wp:term":[{"taxonomy":"category","embeddable":true,"href":"https:\/\/www.diarioimagen.net\/index.php?rest_route=%2Fwp%2Fv2%2Fcategories&post=457521"},{"taxonomy":"post_tag","embeddable":true,"href":"https:\/\/www.diarioimagen.net\/index.php?rest_route=%2Fwp%2Fv2%2Ftags&post=457521"}],"curies":[{"name":"wp","href":"https:\/\/api.w.org\/{rel}","templated":true}]}}