{"id":457656,"date":"2020-01-28T00:04:56","date_gmt":"2020-01-28T06:04:56","guid":{"rendered":"https:\/\/www.diarioimagen.net\/?p=457656"},"modified":"2020-01-28T05:29:16","modified_gmt":"2020-01-28T11:29:16","slug":"entrega-patricia-duran-reveles-patrullas-y-equipo-para-atender-violencia-de-genero","status":"publish","type":"post","link":"https:\/\/www.diarioimagen.net\/?p=457656","title":{"rendered":"Entrega Patricia Dur\u00e1n Reveles patrullas y equipo para atender violencia de g\u00e9nero"},"content":{"rendered":"<ul>\n<li><strong><em>Inversi\u00f3n de 2 mdp Naucalpan<\/em><\/strong><\/li>\n<\/ul>\n<p>&nbsp;<\/p>\n<div id=\"attachment_457754\" style=\"width: 470px\" class=\"wp-caption aligncenter\"><a href=\"https:\/\/www.diarioimagen.net\/?attachment_id=457754\" rel=\"attachment wp-att-457754\"><img loading=\"lazy\" decoding=\"async\" aria-describedby=\"caption-attachment-457754\" class=\"size-large wp-image-457754\" src=\"https:\/\/www.diarioimagen.net\/wp-content\/uploads\/2020\/01\/naucalpan-9-460x259.jpg\" alt=\"\" width=\"460\" height=\"259\" srcset=\"https:\/\/www.diarioimagen.net\/wp-content\/uploads\/2020\/01\/naucalpan-9-460x259.jpg 460w, https:\/\/www.diarioimagen.net\/wp-content\/uploads\/2020\/01\/naucalpan-9-240x135.jpg 240w, https:\/\/www.diarioimagen.net\/wp-content\/uploads\/2020\/01\/naucalpan-9-235x132.jpg 235w, https:\/\/www.diarioimagen.net\/wp-content\/uploads\/2020\/01\/naucalpan-9-202x114.jpg 202w, https:\/\/www.diarioimagen.net\/wp-content\/uploads\/2020\/01\/naucalpan-9-350x196.jpg 350w, https:\/\/www.diarioimagen.net\/wp-content\/uploads\/2020\/01\/naucalpan-9-220x123.jpg 220w, https:\/\/www.diarioimagen.net\/wp-content\/uploads\/2020\/01\/naucalpan-9-237x132.jpg 237w, https:\/\/www.diarioimagen.net\/wp-content\/uploads\/2020\/01\/naucalpan-9.jpg 480w\" sizes=\"auto, (max-width: 460px) 100vw, 460px\" \/><\/a><p id=\"caption-attachment-457754\" class=\"wp-caption-text\">La alcaldesa Patricia Dur\u00e1n Reveles entreg\u00f3 veh\u00edculos y equipo para atender y combatir la violencia contra las mujeres.<\/p><\/div>\n<p>&nbsp;<\/p>\n<p><strong>Naucalpan, Estado de M\u00e9xico<\/strong>.- La Presidenta Municipal, Patricia Dur\u00e1n Reveles, acompa\u00f1ada de representantes del Gobierno del Estado de M\u00e9xico y diputadas, entreg\u00f3 veh\u00edculos y equipo para atender y combatir la violencia contra las mujeres.<\/p>\n<p>La inversi\u00f3n fue de m\u00e1s de 2 millones de pesos, como parte del recurso estatal para la Mitigaci\u00f3n de la Alerta de Violencia de G\u00e9nero, monto con el que se adquirieron 2 veh\u00edculos tipo sed\u00e1n para la Polic\u00eda de G\u00e9nero, una camioneta tipo pick up para la C\u00e9lula de B\u00fasqueda, 80 mil impresos informativos que se distribuir\u00e1n en las comunidades, 400 textiles, 10 sillas secretariales, 4 escritorios, 4 archiveros, 5 computadoras de alto rendimiento y 3 de escritorio, entre otros.<\/p>\n<p>La Alcaldesa agradeci\u00f3 a las diputadas Mariana Uribe y Liliana Goll\u00e1s, as\u00ed como a la titular de la Comisi\u00f3n Ejecutiva de Atenci\u00f3n a V\u00edctimas del Estado de M\u00e9xico (CEAVEM), Mar\u00eda Isabel S\u00e1nchez Holgu\u00edn, por la coordinaci\u00f3n que se ha establecido para atender el problema.<\/p>\n<p>\u201cGracias a nuestras diputadas locales, en coordinaci\u00f3n con el Gobierno del Estado, es como estos recursos pudieron llegar a donde est\u00e1n en este momento.<\/p>\n<p>\u201cAqu\u00ed en Naucalpan estaremos invirtiendo bien los recursos que se asignen para erradicar la violencia de g\u00e9nero y a combatir completamente el feminicidio\u201d, se\u00f1al\u00f3 Dur\u00e1n Reveles.<\/p>\n<p>Mar\u00eda Isabel S\u00e1nchez Holgu\u00edn afirm\u00f3 que estas labores fortalecer la relaci\u00f3n entre gobiernos y sociedad civil, pues se trata de un problema que debe ser atendido de forma integral.<\/p>\n<p>Adem\u00e1s, recalc\u00f3 que el 90 por ciento de la violencia generada contra las mujeres se produce dentro de sus propios hogares, e inst\u00f3 a las autoridades naucalpenses a comprometerse en la profesionalizaci\u00f3n y capacitaci\u00f3n constante para brindar un servicio especializado y emp\u00e1tico hacia las v\u00edctimas.<\/p>\n<p>\u201cEs una responsabilidad com\u00fan y un esfuerzo com\u00fan. No es suficiente esta suma de esfuerzos entre los gobiernos. El Gobierno del Estado fortalece estas alianzas con los gobiernos municipales, pero sin la sociedad sumada en este compromiso de generar espacios de seguridad y de certeza para las ni\u00f1as y las mujeres, ser\u00e1 imposible que terminemos con la violencia contra las mujeres.<\/p>\n<p>\u201cHoy me complace saber y comprobar que en Naucalpan tanto la Polic\u00eda de G\u00e9nero como la C\u00e9lula de B\u00fasqueda son dos instancias preocupadas, ocupadas y comprometidas en profesionalizarse\u201d, afirm\u00f3.<\/p>\n<p>La Vicepresidenta y fundadora del Museo Memoria y Tolerancia, Milly Cohen, afirm\u00f3 que continuar\u00e1 colaborando con el Municipio para sensibilizar a los servidores p\u00fablicos y recalc\u00f3 que la violencia no debe ser normalizada.<\/p>\n","protected":false},"excerpt":{"rendered":"<p>La Presidenta Municipal, Patricia Dur\u00e1n Reveles, acompa\u00f1ada de representantes del Gobierno del Estado de M\u00e9xico y diputadas, entreg\u00f3 veh\u00edculos y equipo para atender y combatir la violencia contra las mujeres.<\/p>\n","protected":false},"author":3,"featured_media":457754,"comment_status":"open","ping_status":"open","sticky":false,"template":"","format":"standard","meta":{"_monsterinsights_skip_tracking":false,"_monsterinsights_sitenote_active":false,"_monsterinsights_sitenote_note":"","_monsterinsights_sitenote_category":0,"footnotes":""},"categories":[5],"tags":[43675,970,81467,25778],"class_list":["post-457656","post","type-post","status-publish","format-standard","has-post-thumbnail","hentry","category-estado-de-mexico","tag-estado-de-mexico","tag-naucalpan","tag-patricia-duran-reveles","tag-patrullas"],"_links":{"self":[{"href":"https:\/\/www.diarioimagen.net\/index.php?rest_route=\/wp\/v2\/posts\/457656","targetHints":{"allow":["GET"]}}],"collection":[{"href":"https:\/\/www.diarioimagen.net\/index.php?rest_route=\/wp\/v2\/posts"}],"about":[{"href":"https:\/\/www.diarioimagen.net\/index.php?rest_route=\/wp\/v2\/types\/post"}],"author":[{"embeddable":true,"href":"https:\/\/www.diarioimagen.net\/index.php?rest_route=\/wp\/v2\/users\/3"}],"replies":[{"embeddable":true,"href":"https:\/\/www.diarioimagen.net\/index.php?rest_route=%2Fwp%2Fv2%2Fcomments&post=457656"}],"version-history":[{"count":0,"href":"https:\/\/www.diarioimagen.net\/index.php?rest_route=\/wp\/v2\/posts\/457656\/revisions"}],"wp:featuredmedia":[{"embeddable":true,"href":"https:\/\/www.diarioimagen.net\/index.php?rest_route=\/wp\/v2\/media\/457754"}],"wp:attachment":[{"href":"https:\/\/www.diarioimagen.net\/index.php?rest_route=%2Fwp%2Fv2%2Fmedia&parent=457656"}],"wp:term":[{"taxonomy":"category","embeddable":true,"href":"https:\/\/www.diarioimagen.net\/index.php?rest_route=%2Fwp%2Fv2%2Fcategories&post=457656"},{"taxonomy":"post_tag","embeddable":true,"href":"https:\/\/www.diarioimagen.net\/index.php?rest_route=%2Fwp%2Fv2%2Ftags&post=457656"}],"curies":[{"name":"wp","href":"https:\/\/api.w.org\/{rel}","templated":true}]}}