{"id":457659,"date":"2020-01-28T00:03:03","date_gmt":"2020-01-28T06:03:03","guid":{"rendered":"https:\/\/www.diarioimagen.net\/?p=457659"},"modified":"2020-01-28T05:50:59","modified_gmt":"2020-01-28T11:50:59","slug":"gobierno-de-tultepec-entrega-mas-de-17-mil-cobertores-a-grupos-vulnerables","status":"publish","type":"post","link":"https:\/\/www.diarioimagen.net\/?p=457659","title":{"rendered":"Gobierno de Tultepec entrega m\u00e1s de 17 mil cobertores a grupos vulnerables"},"content":{"rendered":"<ul>\n<li><strong><em>Para dignificar sus condiciones de vida<\/em><\/strong><\/li>\n<\/ul>\n<p>&nbsp;<\/p>\n<div id=\"attachment_457757\" style=\"width: 470px\" class=\"wp-caption aligncenter\"><a href=\"https:\/\/www.diarioimagen.net\/?attachment_id=457757\" rel=\"attachment wp-att-457757\"><img loading=\"lazy\" decoding=\"async\" aria-describedby=\"caption-attachment-457757\" class=\"size-large wp-image-457757\" src=\"https:\/\/www.diarioimagen.net\/wp-content\/uploads\/2020\/01\/TULTEPEC-7-460x292.jpg\" alt=\"\" width=\"460\" height=\"292\" srcset=\"https:\/\/www.diarioimagen.net\/wp-content\/uploads\/2020\/01\/TULTEPEC-7-460x292.jpg 460w, https:\/\/www.diarioimagen.net\/wp-content\/uploads\/2020\/01\/TULTEPEC-7-240x152.jpg 240w, https:\/\/www.diarioimagen.net\/wp-content\/uploads\/2020\/01\/TULTEPEC-7.jpg 700w\" sizes=\"auto, (max-width: 460px) 100vw, 460px\" \/><\/a><p id=\"caption-attachment-457757\" class=\"wp-caption-text\">El alcalde Armando Portuguez Fuentes y Mar\u00eda F\u00e9lix Espinosa Hern\u00e1ndez, presidenta del DIF municipal, entregaron m\u00e1s 17 mil cobertores a grupos vulnerables.<\/p><\/div>\n<p>&nbsp;<\/p>\n<p><strong>Tultepec, Estado de M\u00e9xico<\/strong>.- El gobierno de Tultepec encabezado por el alcalde Armando Portuguez Fuentes en coordinaci\u00f3n con Mar\u00eda F\u00e9lix Espinosa Hern\u00e1ndez, presidenta del DIF municipal, entregaron m\u00e1s 17 mil cobertores a grupos vulnerables durante la presente temporada invernal como parte de los programas de asistencia social impulsados por la administraci\u00f3n 2019-2021.<\/p>\n<p>Al realizar la entrega, el presidente municipal reiter\u00f3 el compromiso de la presente administraci\u00f3n de continuar impulsando los apoyos necesarios en favor de los grupos m\u00e1s vulnerables como son, adultos mayores, personas con capacidades diferentes y a todos aquellos que m\u00e1s lo necesitan.<\/p>\n<p>Asegur\u00f3 que los recortes presupuestales realizados por el gobierno federal, no deben ser ning\u00fan impedimento para seguir velando por dignificar las condiciones de vida de los m\u00e1s necesitados, como es el caso de este sencillo apoyo, \u201cque, aunque es como un granito de arena, si cubre en algo sus necesidades durante la presente temporada invernal\u201d.<\/p>\n<p>De manera coordinada servidores p\u00fablicos de la presidencia municipal y del DIF local, recorrieron en dos grupos diferentes comunidades de todo el territorio municipal durante dos d\u00edas, para entregar los cobertores directamente a cada uno de los beneficiarios.<\/p>\n<p>Durante la entrega, el alcalde inform\u00f3 que el gobierno que preside contin\u00faa realizando obras y acciones concretas para seguir dignificando la vida de los tultepequenses como es el caso de la construcci\u00f3n de cuartos habitaci\u00f3n, cuartos para ba\u00f1o, instalaci\u00f3n de calentadores solares, la construcci\u00f3n de la cl\u00ednica en la colonia El Mirador, rehabilitaci\u00f3n preventiva de pozos de agua, as\u00ed como en los cinco deportivos de todo el municipio entre otras obras.<\/p>\n<p>Finalmente, Armando Portuguez Fuentes asegur\u00f3 que, pese a los recortes presupuestales por parte del gobierno federal, la administraci\u00f3n que encabeza siempre seguir\u00e1 pendiente de hacer llegar obras y acciones a favor de quienes m\u00e1s lo necesitan y de todos los tultepequenses en general sin distingos de credos o colores partidistas.<\/p>\n","protected":false},"excerpt":{"rendered":"<p>El gobierno de Tultepec encabezado por el alcalde Armando Portuguez Fuentes en coordinaci\u00f3n con Mar\u00eda F\u00e9lix Espinosa Hern\u00e1ndez, presidenta del DIF municipal, entregaron m\u00e1s 17 mil cobertores a grupos vulnerables durante la presente temporada invernal como parte de los programas de asistencia social impulsados por la administraci\u00f3n 2019-2021.<\/p>\n","protected":false},"author":3,"featured_media":457757,"comment_status":"open","ping_status":"open","sticky":false,"template":"","format":"standard","meta":{"_monsterinsights_skip_tracking":false,"_monsterinsights_sitenote_active":false,"_monsterinsights_sitenote_note":"","_monsterinsights_sitenote_category":0,"footnotes":""},"categories":[5],"tags":[43675,73624,3802,22417],"class_list":["post-457659","post","type-post","status-publish","format-standard","has-post-thumbnail","hentry","category-estado-de-mexico","tag-estado-de-mexico","tag-grupos","tag-tultepec","tag-vulnerables"],"_links":{"self":[{"href":"https:\/\/www.diarioimagen.net\/index.php?rest_route=\/wp\/v2\/posts\/457659","targetHints":{"allow":["GET"]}}],"collection":[{"href":"https:\/\/www.diarioimagen.net\/index.php?rest_route=\/wp\/v2\/posts"}],"about":[{"href":"https:\/\/www.diarioimagen.net\/index.php?rest_route=\/wp\/v2\/types\/post"}],"author":[{"embeddable":true,"href":"https:\/\/www.diarioimagen.net\/index.php?rest_route=\/wp\/v2\/users\/3"}],"replies":[{"embeddable":true,"href":"https:\/\/www.diarioimagen.net\/index.php?rest_route=%2Fwp%2Fv2%2Fcomments&post=457659"}],"version-history":[{"count":0,"href":"https:\/\/www.diarioimagen.net\/index.php?rest_route=\/wp\/v2\/posts\/457659\/revisions"}],"wp:featuredmedia":[{"embeddable":true,"href":"https:\/\/www.diarioimagen.net\/index.php?rest_route=\/wp\/v2\/media\/457757"}],"wp:attachment":[{"href":"https:\/\/www.diarioimagen.net\/index.php?rest_route=%2Fwp%2Fv2%2Fmedia&parent=457659"}],"wp:term":[{"taxonomy":"category","embeddable":true,"href":"https:\/\/www.diarioimagen.net\/index.php?rest_route=%2Fwp%2Fv2%2Fcategories&post=457659"},{"taxonomy":"post_tag","embeddable":true,"href":"https:\/\/www.diarioimagen.net\/index.php?rest_route=%2Fwp%2Fv2%2Ftags&post=457659"}],"curies":[{"name":"wp","href":"https:\/\/api.w.org\/{rel}","templated":true}]}}