{"id":457662,"date":"2020-01-28T00:02:33","date_gmt":"2020-01-28T06:02:33","guid":{"rendered":"https:\/\/www.diarioimagen.net\/?p=457662"},"modified":"2020-01-28T05:57:57","modified_gmt":"2020-01-28T11:57:57","slug":"atizapan-implementa-51-lineas-de-accion-en-proyectos-culturales-y-socioproductivos","status":"publish","type":"post","link":"https:\/\/www.diarioimagen.net\/?p=457662","title":{"rendered":"Atizap\u00e1n implementa 51 l\u00ecneas de acci\u00f3n en proyectos culturales y socioproductivos"},"content":{"rendered":"<ul>\n<li><strong><em>Estrategia para reconstrucci\u00f3n del tejido social<\/em><\/strong><\/li>\n<\/ul>\n<p>&nbsp;<\/p>\n<div id=\"attachment_457760\" style=\"width: 470px\" class=\"wp-caption aligncenter\"><a href=\"https:\/\/www.diarioimagen.net\/?attachment_id=457760\" rel=\"attachment wp-att-457760\"><img loading=\"lazy\" decoding=\"async\" aria-describedby=\"caption-attachment-457760\" class=\"size-large wp-image-457760\" src=\"https:\/\/www.diarioimagen.net\/wp-content\/uploads\/2020\/01\/ATIZAP\u00c1N--460x233.jpg\" alt=\"\" width=\"460\" height=\"233\" srcset=\"https:\/\/www.diarioimagen.net\/wp-content\/uploads\/2020\/01\/ATIZAP\u00c1N--460x233.jpg 460w, https:\/\/www.diarioimagen.net\/wp-content\/uploads\/2020\/01\/ATIZAP\u00c1N--240x121.jpg 240w, https:\/\/www.diarioimagen.net\/wp-content\/uploads\/2020\/01\/ATIZAP\u00c1N-.jpg 700w\" sizes=\"auto, (max-width: 460px) 100vw, 460px\" \/><\/a><p id=\"caption-attachment-457760\" class=\"wp-caption-text\">El PROPREV fue aprobado por unanimidad en la Cuadrag\u00e9sima Cuarta Sesi\u00f3n Ordinaria de Cabildo, celebrada el 16 de enero de 2020.<\/p><\/div>\n<p>&nbsp;<\/p>\n<p><strong>Atizap\u00e1n, Estado de M\u00e9xico<\/strong>.- Como parte de la estrategia integral para la reconstrucci\u00f3n del tejido social y disminuci\u00f3n de las conductas delictivas en el municipio, el gobierno de Atizap\u00e1n de Zaragoza implementa 51 l\u00ecneas de acci\u00f3n que involucran proyectos culturales, socioproductivos, deportivos, entre otros, a trav\u00e9s del Programa Municipal de Prevenci\u00f3n Social de la Violencia y la Delincuencia (PROPREV).<\/p>\n<p>Cabe destacar que este programa fue aprobado por unanimidad en la Cuadrag\u00e9sima Cuarta Sesi\u00f3n Ordinaria de Cabildo, celebrada el 16 de enero de 2020, posicionando al municipio entre los primeros de la entidad en contar con un instrumento estrat\u00e9gico de este tipo, que tambi\u00e9n contribuye activamente a impulsar la convivencia comunitaria.<\/p>\n<p>Eduardo P\u00e9rez Monroy, titular de la Unidad de Informaci\u00f3n, Planeaci\u00f3n, Programaci\u00f3n y Evaluaci\u00f3n (UIPPE) de Atizap\u00e1n de Zaragoza -\u00e1rea que evaluar\u00e1 la implementaci\u00f3n del programa-, explic\u00f3 que el PROPREV est\u00e1 orientado a la atenci\u00f3n de las causas que generan la violencia y la delincuencia en aquellas comunidades, donde predomina la mayor incidencia de factores de riesgo, y que han sido denominadas territorios de paz. \u201cSe desarrollar\u00e1 un modelo integral y transversal de proyectos educativos, culturales, recreativos, deportivos, de infraestructura y equipamiento urbano y psicosociales, con la participaci\u00f3n de todas las dependencias y entidades de la administraci\u00f3n p\u00fablica\u201d.<\/p>\n<p>Tambi\u00e9n estar\u00e1n involucrados organizaciones sociales, ciudadanos, e instituciones de educaci\u00f3n superior, con el fin de mejorar las condiciones sociales, econ\u00f3micas, del entorno comunitario, seguridad y servicios.<\/p>\n<p>El funcionario destac\u00f3 que este programa constituye una iniciativa sin precedentes en Atizap\u00e1n, ya que nunca se hab\u00eda integrado una pol\u00edtica p\u00fablica que contemplara tal cantidad de acciones y la participaci\u00f3n de todos<\/p>\n<p>\u201cLa alcaldesa Ruth Olvera Nieto tiene como prioridad este programa para que sus ciudadanos puedan contar con una sociedad m\u00e1s pr\u00f3spera, pac\u00edfica, equitativa, responsable e incluyente, basada en la justicia\u201d, apunt\u00f3 Eduardo Monroy.<\/p>\n<p>El PROPREV se formul\u00f3 en cumplimiento a lo dispuesto por la Ley para la Prevenci\u00f3n Social de la Violencia y la Delincuencia con Participaci\u00f3n Ciudadana del Estado de M\u00e9xico, y conlleva un enfoque estrat\u00e9gico, con base en la normatividad y metodolog\u00eda aplicables, para lo cual cuenta con la validaci\u00f3n del Centro Estatal de Prevenci\u00f3n del Delito del Gobierno del Estado de M\u00e9xico.<\/p>\n<p>Adem\u00e1s, por su enfoque preventivo, el PROPREV se constituye como pol\u00edtica p\u00fablica municipal que dar\u00e1 cumplimiento a diversas l\u00edneas de acci\u00f3n contempladas en el Plan de Desarrollo Municipal 2019-2021 y a los Objetivos del Desarrollo Sostenible (ODS) de la Agenda 230 de la ONU, mediante la corresponsabilidad de la sociedad en la prevenci\u00f3n de la violencia y la delincuencia, as\u00ed como la promoci\u00f3n de la cultura de la legalidad en la demarcaci\u00f3n.<\/p>\n","protected":false},"excerpt":{"rendered":"<p>Como parte de la estrategia integral para la reconstrucci\u00f3n del tejido social y disminuci\u00f3n de las conductas delictivas en el municipio, el gobierno de Atizap\u00e1n de Zaragoza implementa 51 l\u00ecneas de acci\u00f3n que involucran proyectos culturales, socioproductivos, deportivos, entre otros, a trav\u00e9s del Programa Municipal de Prevenci\u00f3n Social de la Violencia y la Delincuencia (PROPREV).<\/p>\n","protected":false},"author":3,"featured_media":457760,"comment_status":"open","ping_status":"open","sticky":false,"template":"","format":"standard","meta":{"_monsterinsights_skip_tracking":false,"_monsterinsights_sitenote_active":false,"_monsterinsights_sitenote_note":"","_monsterinsights_sitenote_category":0,"footnotes":""},"categories":[5],"tags":[969,43675,89747],"class_list":["post-457662","post","type-post","status-publish","format-standard","has-post-thumbnail","hentry","category-estado-de-mexico","tag-atizapan","tag-estado-de-mexico","tag-programa-municipal-de-prevencion-social-de-la-violencia-y-la-delincuencia"],"_links":{"self":[{"href":"https:\/\/www.diarioimagen.net\/index.php?rest_route=\/wp\/v2\/posts\/457662","targetHints":{"allow":["GET"]}}],"collection":[{"href":"https:\/\/www.diarioimagen.net\/index.php?rest_route=\/wp\/v2\/posts"}],"about":[{"href":"https:\/\/www.diarioimagen.net\/index.php?rest_route=\/wp\/v2\/types\/post"}],"author":[{"embeddable":true,"href":"https:\/\/www.diarioimagen.net\/index.php?rest_route=\/wp\/v2\/users\/3"}],"replies":[{"embeddable":true,"href":"https:\/\/www.diarioimagen.net\/index.php?rest_route=%2Fwp%2Fv2%2Fcomments&post=457662"}],"version-history":[{"count":0,"href":"https:\/\/www.diarioimagen.net\/index.php?rest_route=\/wp\/v2\/posts\/457662\/revisions"}],"wp:featuredmedia":[{"embeddable":true,"href":"https:\/\/www.diarioimagen.net\/index.php?rest_route=\/wp\/v2\/media\/457760"}],"wp:attachment":[{"href":"https:\/\/www.diarioimagen.net\/index.php?rest_route=%2Fwp%2Fv2%2Fmedia&parent=457662"}],"wp:term":[{"taxonomy":"category","embeddable":true,"href":"https:\/\/www.diarioimagen.net\/index.php?rest_route=%2Fwp%2Fv2%2Fcategories&post=457662"},{"taxonomy":"post_tag","embeddable":true,"href":"https:\/\/www.diarioimagen.net\/index.php?rest_route=%2Fwp%2Fv2%2Ftags&post=457662"}],"curies":[{"name":"wp","href":"https:\/\/api.w.org\/{rel}","templated":true}]}}