{"id":457696,"date":"2020-01-28T00:02:19","date_gmt":"2020-01-28T06:02:19","guid":{"rendered":"https:\/\/www.diarioimagen.net\/?p=457696"},"modified":"2020-01-28T00:29:12","modified_gmt":"2020-01-28T06:29:12","slug":"lopez-obrador-se-deslinda-de-guerra-en-morena","status":"publish","type":"post","link":"https:\/\/www.diarioimagen.net\/?p=457696","title":{"rendered":"L\u00f3pez Obrador se deslinda de guerra en Morena"},"content":{"rendered":"<h2>La Retaguardia<\/h2>\n<h5>Adriana Moreno Cordero<\/h5>\n<p><em>\u00a0<\/em><\/p>\n<ul>\n<li><strong><em>Si no puede con el pa\u00eds, menos con su partido<\/em><\/strong><\/li>\n<li><strong><em>Monreal les desea buena suerte<\/em><\/strong><\/li>\n<\/ul>\n<p>&nbsp;<\/p>\n<p>Los conflictos internos que vive Morena en la rebatinga por la dirigencia, est\u00e1n m\u00e1s enredados que un queso Oaxaca. Entre <strong>Bertha Luj\u00e1n Uranga<\/strong>, que, -como se consign\u00f3 en anterior entrega en este espacio-, se le salt\u00f3 las trancas ni m\u00e1s ni menos que al Tribunal Electoral del Poder Judicial de la Federaci\u00f3n; <strong>Yeidckol Polevnsky<\/strong>, que no quiere soltar la presidencia del Comit\u00e9 Ejecutivo Nacional morenista y un nuevo actor, el diputado <strong>Alfonso Ram\u00edrez Cu\u00e9llar<\/strong>, presidente de la Comisi\u00f3n de Presupuesto y Cuenta P\u00fablica de la C\u00e1mara Baja, que dice que sali\u00f3 electo como dirigente provisional, en un Congreso Nacional Extraordinario totalmente ap\u00f3crifo, el caso es que sin duda, Morena super\u00f3 las pr\u00e1cticas que en sus mejores tiempos llevaba a cabo el PRD, cuando muchos militantes que migraron posteriormente al partido en el poder, protagonizaban verdaderas \u201ccenas de negros\u201d para renovar a sus liderazgos.<\/p>\n<p>Totalmente cierto es que esta guerra intestina que a diario se representa en el partido que fundara el presidente Andr\u00e9s Manuel L\u00f3pez Obrador, es la antesala a lo que ser\u00e1 la disputa por la candidatura de Morena a la presidencia de la Rep\u00fablica, m\u00e1xima posici\u00f3n a la que le tiran: la jefa de Gobierno de la Ciudad de M\u00e9xico, <strong>Claudia Sheinbaum<\/strong> y el secretario de Relaciones Exteriores, <strong>Marcelo Ebrard<\/strong>, aunque no por ello, hay que descartar a otros \u201ctiradores\u201d que esperan y conf\u00edan llegar fortalecidos para la carrera presidencial.<\/p>\n<p>Diversos analistas estiman que este partido ya est\u00e1, desde hace tiempo, totalmente \u201cperredizado\u201d en todas sus pr\u00e1cticas. Lo cierto es que Morena ya est\u00e1 llegando al caos y la disciplina ha sido asesinada o m\u00e1s bien, nunca ha existido. Prueba de ello est\u00e1 en los dimes y diretes que unos y otros se lanzan a diario.<\/p>\n<p>Por ejemplo, la se\u00f1ora Polevnsky dice que es ilegal ese Congreso y precisamente por esa raz\u00f3n no lo va a impugnar, am\u00e9n de que subray\u00f3 que se hab\u00eda violado la ley y los institutos de dicho instituto pol\u00edtico. Ram\u00edrez Cuellar por su parte se comprometi\u00f3 a que en cuatro meses se repondr\u00e1 el proceso para ver si ahora s\u00ed, los del partido en el poder se pueden poner de acuerdo y elegir a una nueva dirigencia.<\/p>\n<p>En los afanes del grupo de Bertha Luj\u00e1n por tumbar a Polevnsky, en el Congreso Nacional Extraordinario se acord\u00f3 que diez gentes de Yeidckol permanecer\u00e1n en el supuesto nuevo CEN, mientras que la tambi\u00e9n empresaria, se quedar\u00e1 solamente como secretaria general de ese instituto pol\u00edtico. O sea, le quieren dar una posici\u00f3n de ornato al quitarle las labores de presidenta de partido.<\/p>\n<p>Luj\u00e1n Uranga asegura que el Congreso celebrado el domingo, pleno estaba blindado jur\u00eddicamente para evitar que el TEPJF pudiera anularlo. \u00bfSer\u00e1?<\/p>\n<p>Lo il\u00f3gico, es que el primer morenista de este pa\u00eds, <strong>Andr\u00e9s Manuel L\u00f3pez Obrador<\/strong> haya optado por \u201clavarse las manos\u201d y deslindarse de la bomba de tiempo en la que se ha vuelto el partido que fund\u00f3. Bueno, si el presidente ha dado muestras sobradas de que nada m\u00e1s no puede con el pa\u00eds y se le est\u00e1 saliendo de las manos, pues menos ha podido meter al orden a sus siempre fieles seguidores.<\/p>\n<p>Y como Alejandro Rojas D\u00edaz Dur\u00e1n, -suplente del senador Ricardo Monreal-, tambi\u00e9n aspira a la dirigencia morenista, el senador zacatecano, tuvo que hacer dotes de sus conocimientos taurinos y con muleta y capote sorte\u00f3 una copiosa embestida de cuestionamientos de los reporteros que cubren las actividades del Senado de la Rep\u00fablica.<\/p>\n<p>Sin duda, desde afuera, el conflicto morenista luce como una guerra entre tribus, por lo que el presidente de la Jucopo en la C\u00e1mara Alta subray\u00f3 que si bien lleva a Morena en el fondo de su coraz\u00f3n se deslinda de la vida partidaria por respeto, e hizo votos porque la ca\u00f3tica situaci\u00f3n se resuelva pronto.<\/p>\n<p>Contundente expuso que nadie \u201ctiene mi representaci\u00f3n para hablar en mi nombre sobre el partido ni para intervenir en la vida partidaria, as\u00ed se trate de mi suplente al Senado (Rojas D\u00edaz Dur\u00e1n)\u201d y dese\u00f3 lo mejor a las contendientes en disputa: \u201cno voy a opinar ni nadie est\u00e1 autorizado para que pueda expresar a mi nombre alguna posici\u00f3n, las respeto a las tres\u201d.<\/p>\n<p>Sobre si Morena va a acabar como el PRD, Monreal respondi\u00f3: \u201cNo lo s\u00e9, yo bastante trabajo aqu\u00ed tengo con el Senado, ustedes lo saben, estoy cien por ciento inmerso en mi trabajo en el Senado y no me voy a desviar de ese prop\u00f3sito\u201d.<\/p>\n<p style=\"text-align: center;\">\u00a0<strong>MUNICIONES<\/strong><\/p>\n<p>*** Habitantes del municipio de Coxcatl\u00e1n, de plano rechazaron la visita del alcalde de San Luis Potos\u00ed<strong>, Xavier Nava Palacios<\/strong>, quien acudi\u00f3 a esta localidad en una intentona de promover su imagen entre morenistas y panistas, pero contrario a su deseo, no tuvo ning\u00fan \u00e9xito.\u00a0Los inconformes recibieron al edil con pancartas en mano en las que se pod\u00eda leer: \u201cNava no queremos una Huasteca llena de sangre\u201d,\u00a0 \u201cXavier Nava no te queremos en la Huasteca por inepto\u201d y \u201cNava en la Huasteca NO\u201d, y acusaron que el mun\u00edcipe nunca se ha interesado por recorrer la regi\u00f3n y menos por conocer la problem\u00e1tica que vive la gente que ah\u00ed vive. En contraste, el diputado federal <strong>Ricardo Gallardo Cardona<\/strong>, lleva meses asistiendo a diversos eventos muy concurridos en la misma zona de la Huasteca y se le ha visto en redes sociales escuchar y convivir con la gente de esa zona, donde estuvo muy activo durante el fin de a\u00f1o.\u00a0Como dice el dicho: \u201ctrabajo mata carita\u201d.<\/p>\n<p>*** Empresarios de Metepec se reunieron por segunda ocasi\u00f3n con la alcaldesa <strong>Gabriela Gamboa S\u00e1nchez<\/strong> para avanzar en las acciones conjuntas para mejorar el desarrollo econ\u00f3mico, el ordenamiento, la estabilidad social y la seguridad en el municipio. Se fijaron metas para lograr generaci\u00f3n de empleo, el desarrollo sustentable y un mejor crecimiento urbano con alianzas entre la iniciativa privada y las autoridades de la localidad. La presidente municipal se reuni\u00f3 con los Consejos Coordinador Empresarial y de C\u00e1maras y Asociaciones Empresariales del Estado de M\u00e9xico, as\u00ed como con los restauranteros, la ANTAD y la C\u00e1mara Mexicana de la Industria de la Construcci\u00f3n. Gamboa S\u00e1nchez ponder\u00f3 el programa de mejora regulatoria para estimular la inversi\u00f3n con tr\u00e1mites \u00e1giles y transparentes y resalt\u00f3 las medidas para mejorar el ordenamiento territorial,\u00a0 el medio ambiente y la seguridad p\u00fablica.<\/p>\n<p><a href=\"mailto:morcora@gmail.com\" target=\"_blank\" rel=\"noopener noreferrer\"><em>morcora@gmail.com<\/em><\/a><\/p>\n","protected":false},"excerpt":{"rendered":"<p><span style=\"color: #005497;\"><strong>Adriana Moreno Cordero<\/strong><\/span><\/p>\n","protected":false},"author":3,"featured_media":0,"comment_status":"open","ping_status":"open","sticky":false,"template":"","format":"standard","meta":{"_monsterinsights_skip_tracking":false,"_monsterinsights_sitenote_active":false,"_monsterinsights_sitenote_note":"","_monsterinsights_sitenote_category":0,"footnotes":""},"categories":[69370],"tags":[69369,69368,43674],"class_list":["post-457696","post","type-post","status-publish","format-standard","hentry","category-adriana-moreno-cordero","tag-adriana-moreno-cordero","tag-la-retaguardia","tag-opinion"],"_links":{"self":[{"href":"https:\/\/www.diarioimagen.net\/index.php?rest_route=\/wp\/v2\/posts\/457696","targetHints":{"allow":["GET"]}}],"collection":[{"href":"https:\/\/www.diarioimagen.net\/index.php?rest_route=\/wp\/v2\/posts"}],"about":[{"href":"https:\/\/www.diarioimagen.net\/index.php?rest_route=\/wp\/v2\/types\/post"}],"author":[{"embeddable":true,"href":"https:\/\/www.diarioimagen.net\/index.php?rest_route=\/wp\/v2\/users\/3"}],"replies":[{"embeddable":true,"href":"https:\/\/www.diarioimagen.net\/index.php?rest_route=%2Fwp%2Fv2%2Fcomments&post=457696"}],"version-history":[{"count":0,"href":"https:\/\/www.diarioimagen.net\/index.php?rest_route=\/wp\/v2\/posts\/457696\/revisions"}],"wp:attachment":[{"href":"https:\/\/www.diarioimagen.net\/index.php?rest_route=%2Fwp%2Fv2%2Fmedia&parent=457696"}],"wp:term":[{"taxonomy":"category","embeddable":true,"href":"https:\/\/www.diarioimagen.net\/index.php?rest_route=%2Fwp%2Fv2%2Fcategories&post=457696"},{"taxonomy":"post_tag","embeddable":true,"href":"https:\/\/www.diarioimagen.net\/index.php?rest_route=%2Fwp%2Fv2%2Ftags&post=457696"}],"curies":[{"name":"wp","href":"https:\/\/api.w.org\/{rel}","templated":true}]}}