{"id":457698,"date":"2020-01-28T00:01:36","date_gmt":"2020-01-28T06:01:36","guid":{"rendered":"https:\/\/www.diarioimagen.net\/?p=457698"},"modified":"2020-01-28T00:30:33","modified_gmt":"2020-01-28T06:30:33","slug":"ninos-en-pie-de-guerra","status":"publish","type":"post","link":"https:\/\/www.diarioimagen.net\/?p=457698","title":{"rendered":"Ni\u00f1os, en pie de guerra"},"content":{"rendered":"<h2>De pe a pa<\/h2>\n<h5>Alberto Vieyra G.<\/h5>\n<p>&nbsp;<\/p>\n<p>Dos hechos pat\u00e9ticos estremecieron la semana pasada a todos los mexicanos, incluyendo a una insensible y simuladora clase pol\u00edtica: La protesta de ni\u00f1os con c\u00e1ncer en el Aeropuerto Internacional Benito Ju\u00e1rez de la Ciudad de M\u00e9xico y la presentaci\u00f3n en sociedad de un peque\u00f1o ej\u00e9rcito de 19 ni\u00f1os perfectamente bien armados y entrenados que hoy est\u00e1n en pie de guerra en Chilapa, Guerrero ante la incapacidad de ineptos gobiernos federal, estatal y municipal. \u00bfPor qu\u00e9 tienen que ocurrir hechos extremos en M\u00e9xico para que el gobierno voltee a ver, lo que no quiere ver pero que nos habla del caos que vive la ni\u00f1ez mexicana y en general la patria mexicana y que la insensible clase pol\u00edtica se niega a resolver?<\/p>\n<p>Una fotograf\u00eda en primera plana publica por el diario <em>MILENIO<\/em> le ha dado la vuelta al mundo y en ella se pueden ver a ni\u00f1os de entre 5 y 15 a\u00f1os que forman parte de la Coordinadora Regional de Autoridades Comunitarias-Pueblos Fundadores (CRAC-PF), que para algunos estudiosos es una extensi\u00f3n del llamado c\u00e1rtel de \u201cLos Rojos\u201d que hoy se disputa la supremac\u00eda en la Monta\u00f1a de Guerrero por la siembra de amapola contra los llamados \u201cLos Ardillos\u201d y juntos han creado escenarios infernales con matanzas, tras matanzas.<\/p>\n<p>Otros diarios de circulaci\u00f3n nacional publicar\u00edan las desgarradoras fotograf\u00edas tomadas a los ni\u00f1os y sus padres en el Aeropuerto de la Ciudad de M\u00e9xico reclamando y con urgencia medicamentos, mientras la ineptitud gubernamental justifica sus hierros ech\u00e1ndole la culpa a m\u00e9dicos, directores de hospitales, empresas farmac\u00e9uticas, la corrupci\u00f3n y el presidente de la rep\u00fablica se niega a recibir a esos ni\u00f1os que de no ser atendidos con la urgencia que reclaman esos casos de c\u00e1ncer, irremediablemente ir\u00e1n muriendo poco a poco.<\/p>\n<p>\u00bfQu\u00e9 nos dicen ambos casos extremistas? Qu\u00e9 el Estado no funciona es un estado fallido o que no hay gobierno en M\u00e9xico, o bien que los presupuestos aprobados por la C\u00e1mara de Diputados alguien se los est\u00e1 robando o est\u00e1 lucrando electoralmente con ellos para perpetuarse en el poder.<\/p>\n<p>El ej\u00e9rcito de ni\u00f1os en Chilapa har\u00eda que AMLO y su sequito voltearan a la Monta\u00f1a de Guerrero, donde impera la ley del tali\u00f3n o la ley de la selva, pues la disputa territorial entre los grupos delincuenciales ha provocado que miles de personas tengan que dejar sus casas y sus tierras porque los gobiernos son incapaces de poner orden y traer la paz y la seguridad que reclaman los pobladores. El gobierno amlista acusa hoy a los grandulones de violar los Derechos Humanos de los ni\u00f1os que est\u00e1n en pie de guerra. \u00a1Vaya asunto social y cultural de grueso calibre!<\/p>\n<p>Ese hecho, nos habla tambi\u00e9n del estrepitoso fracaso sobre \u201cla estrategia\u201d de AMLO para combatir a las mafias criminales con \u201cabrazos y no con balazos\u201d. \u00bfSer\u00e1 la ni\u00f1ez mexicana la que tenga que poner orden en tant\u00edsimo desorden en esta patria mexicana ante la probada incapacidad de una maldita clase pol\u00edtica que o bien, es c\u00f3mplice o socia del crimen organizado?<\/p>\n<p><em><a href=\"mailto:info@agenciamn.com\" target=\"_blank\" rel=\"noopener noreferrer\">info@agenciamn.com<\/a><\/em><\/p>\n","protected":false},"excerpt":{"rendered":"<p><span style=\"color: #005497;\"><strong>Alberto Vieyra G.<\/strong><\/span><\/p>\n","protected":false},"author":3,"featured_media":0,"comment_status":"open","ping_status":"open","sticky":false,"template":"","format":"standard","meta":{"_monsterinsights_skip_tracking":false,"_monsterinsights_sitenote_active":false,"_monsterinsights_sitenote_note":"","_monsterinsights_sitenote_category":0,"footnotes":""},"categories":[4596],"tags":[43697,4597,43674],"class_list":["post-457698","post","type-post","status-publish","format-standard","hentry","category-alberto-vieyra-g","tag-alberto-vieyra-g","tag-de-pe-a-pa","tag-opinion"],"_links":{"self":[{"href":"https:\/\/www.diarioimagen.net\/index.php?rest_route=\/wp\/v2\/posts\/457698","targetHints":{"allow":["GET"]}}],"collection":[{"href":"https:\/\/www.diarioimagen.net\/index.php?rest_route=\/wp\/v2\/posts"}],"about":[{"href":"https:\/\/www.diarioimagen.net\/index.php?rest_route=\/wp\/v2\/types\/post"}],"author":[{"embeddable":true,"href":"https:\/\/www.diarioimagen.net\/index.php?rest_route=\/wp\/v2\/users\/3"}],"replies":[{"embeddable":true,"href":"https:\/\/www.diarioimagen.net\/index.php?rest_route=%2Fwp%2Fv2%2Fcomments&post=457698"}],"version-history":[{"count":0,"href":"https:\/\/www.diarioimagen.net\/index.php?rest_route=\/wp\/v2\/posts\/457698\/revisions"}],"wp:attachment":[{"href":"https:\/\/www.diarioimagen.net\/index.php?rest_route=%2Fwp%2Fv2%2Fmedia&parent=457698"}],"wp:term":[{"taxonomy":"category","embeddable":true,"href":"https:\/\/www.diarioimagen.net\/index.php?rest_route=%2Fwp%2Fv2%2Fcategories&post=457698"},{"taxonomy":"post_tag","embeddable":true,"href":"https:\/\/www.diarioimagen.net\/index.php?rest_route=%2Fwp%2Fv2%2Ftags&post=457698"}],"curies":[{"name":"wp","href":"https:\/\/api.w.org\/{rel}","templated":true}]}}