{"id":457874,"date":"2020-01-29T00:04:20","date_gmt":"2020-01-29T06:04:20","guid":{"rendered":"https:\/\/www.diarioimagen.net\/?p=457874"},"modified":"2020-01-29T06:52:23","modified_gmt":"2020-01-29T12:52:23","slug":"tultepec-brindara-garantias-a-personal-de-inegi-en-realizacion-del-censo-2020","status":"publish","type":"post","link":"https:\/\/www.diarioimagen.net\/?p=457874","title":{"rendered":"Tultepec brindar\u00e1 garant\u00edas a personal de Inegi en realizaci\u00f3n del censo 2020"},"content":{"rendered":"<ul>\n<li><strong><em>Se realizar\u00e1 del 2 al 27 de marzo<\/em><\/strong><\/li>\n<\/ul>\n<p>&nbsp;<\/p>\n<div id=\"attachment_457953\" style=\"width: 470px\" class=\"wp-caption aligncenter\"><a href=\"https:\/\/www.diarioimagen.net\/?attachment_id=457953\" rel=\"attachment wp-att-457953\"><img loading=\"lazy\" decoding=\"async\" aria-describedby=\"caption-attachment-457953\" class=\"size-large wp-image-457953\" src=\"https:\/\/www.diarioimagen.net\/wp-content\/uploads\/2020\/01\/TULTEPEC-8-460x259.jpg\" alt=\"\" width=\"460\" height=\"259\" srcset=\"https:\/\/www.diarioimagen.net\/wp-content\/uploads\/2020\/01\/TULTEPEC-8-460x259.jpg 460w, https:\/\/www.diarioimagen.net\/wp-content\/uploads\/2020\/01\/TULTEPEC-8-240x135.jpg 240w, https:\/\/www.diarioimagen.net\/wp-content\/uploads\/2020\/01\/TULTEPEC-8-235x132.jpg 235w, https:\/\/www.diarioimagen.net\/wp-content\/uploads\/2020\/01\/TULTEPEC-8-202x114.jpg 202w, https:\/\/www.diarioimagen.net\/wp-content\/uploads\/2020\/01\/TULTEPEC-8-350x196.jpg 350w, https:\/\/www.diarioimagen.net\/wp-content\/uploads\/2020\/01\/TULTEPEC-8-220x123.jpg 220w, https:\/\/www.diarioimagen.net\/wp-content\/uploads\/2020\/01\/TULTEPEC-8-237x132.jpg 237w, https:\/\/www.diarioimagen.net\/wp-content\/uploads\/2020\/01\/TULTEPEC-8.jpg 480w\" sizes=\"auto, (max-width: 460px) 100vw, 460px\" \/><\/a><p id=\"caption-attachment-457953\" class=\"wp-caption-text\">El alcalde Armando Portuguez, dio la bienvenida a la primera mesa de trabajo entre autoridades municipales, auxiliares y del INEGI.<\/p><\/div>\n<p>&nbsp;<\/p>\n<p><strong>Tultepec, Estado de M\u00e9xico<\/strong>.- El gobierno municipal declar\u00f3 su total apoyo y disponibilidad para colaborar con el personal asignado por el Instituto Nacional de Estad\u00edstica y Geograf\u00eda (INEGI), en la realizaci\u00f3n del\u00a0Censo Nacional de Poblaci\u00f3n y Vivienda 2020, que se llevar\u00e1 a cabo en la localidad y en todo el pa\u00eds del 2 al 27 de marzo. Al dar la bienvenida a la primera mesa de trabajo entre autoridades municipales, auxiliares y del INEGI; el alcalde Armando Portuguez Fuentes dijo que \u201cel\u00a0Censo Nacional de Poblaci\u00f3n y Vivienda 2020\u00a0es un recuento de informaci\u00f3n estad\u00edstica confiable, veraz y oportuna a cerca de la magnitud, estructura, crecimiento, distribuci\u00f3n de la poblaci\u00f3n y de sus caracter\u00edsticas, econ\u00f3micas, sociales y demogr\u00e1ficas\u201d.<\/p>\n<p>Ante Mayra Penagos Rodr\u00edguez y Jos\u00e9 Antonio Flores Cruz, representantes del INEGI en Tultepec, asegur\u00f3 que la informaci\u00f3n de las encuestas servir\u00e1 de base a nivel nacional para la elaboraci\u00f3n de planes generales de desarrollo y formulaci\u00f3n de programas y proyectos a cargo de los sectores p\u00fablico y privado, \u201ccon el objetivo de avanzar en la direcci\u00f3n correcta\u201d.<\/p>\n<p>Estas mesas conjuntas de trabajo fueron acordadas durante la\u00a02\u00aa Sesi\u00f3n Ordinaria del Comit\u00e9 del Censo de Poblaci\u00f3n y Vivienda 2020,\u00a0con el objetivo de ajustar los pormenores que deber\u00e1n enfrentar los encuestadores y en general el personal del INEGI en el desarrollo de su trabajo en nuestro territorio.<\/p>\n<p>Se convino que participen de manera interactiva presidentes de los Consejos de Participaci\u00f3n Ciudadana (COPACI) y Delegados municipales, con el objetivo de que conozcan de primera mano la din\u00e1mica de los encuestadores, sus horarios, uniformes y gafetes que los acredita como operarios oficiales del INEGI para mayor tranquilidad de la ciudadan\u00eda.<\/p>\n<p>Armando Cervantes Punzo, director de Planeaci\u00f3n y Evaluaci\u00f3n, en su calidad de presidente del\u00a0Comit\u00e9 del Censo Nacional de Poblaci\u00f3n y Vivienda 2020, destac\u00f3 la importancia de estas reuniones conjuntas de trabajo para informar, dar confianza y certeza a la ciudadan\u00eda en la realizaci\u00f3n de este importante ejercicio para conocer la realidad actual en torno a c\u00f3mo estamos integrados en el sector p\u00fablico, privado y social.<\/p>\n<p>Asegur\u00f3 que el gobierno municipal trabajar\u00e1 muy de cerca y en coordinaci\u00f3n con el personal del INEGI asignado en Tultepec en las diferentes comunidades del territorio municipal, a fin de brindarles todas las garant\u00edas y la seguridad necesaria durante el desarrollo de su trabajo.<\/p>\n<p>Llam\u00f3 a la ciudadan\u00eda en general a estar informados y pendientes de este ejercicio en nuestro municipio, donde se les solicitar\u00e1 informaci\u00f3n general respecto del n\u00famero de personas que habitan en sus domicilios, edades, nivel m\u00e1ximo de estudios, si trabajan, servicios con los que cuentan y mucho m\u00e1s; informaci\u00f3n que tendr\u00e1 un uso estrictamente confidencial.<\/p>\n<p>Se estima que para la realizaci\u00f3n del\u00a0Censo Nacional de Poblaci\u00f3n y Vivienda 2020, en Tultepec estar\u00e1n trabajando de manera simult\u00e1nea alrededor de 180 personas entre supervisores, instructores y encuestadores plenamente identificados con chalecos y gafetes distintivos de la dependencia.<\/p>\n<p>Por su parte, Jos\u00e9 Antonio Flores Cruz, uno de los representantes del INEGI en Tultepec, hizo un llamado a los interesados en trabajar como entrevistadores, encuestadores, verificadores y otros puestos durante este ejercicio, para que consulten el calendario de reclutamiento y los requisitos a trav\u00e9s de la p\u00e1gina oficial de la dependencia\u00a0www.inegi.org.mx<\/p>\n","protected":false},"excerpt":{"rendered":"<p>El gobierno municipal declar\u00f3 su total apoyo y disponibilidad para colaborar con el personal asignado por el Instituto Nacional de Estad\u00edstica y Geograf\u00eda (INEGI), en la realizaci\u00f3n del\u00a0Censo Nacional de Poblaci\u00f3n y Vivienda 2020, que se llevar\u00e1 a cabo en la localidad y en todo el pa\u00eds del 2 al 27 de marzo.<\/p>\n","protected":false},"author":3,"featured_media":457953,"comment_status":"open","ping_status":"open","sticky":false,"template":"","format":"standard","meta":{"_monsterinsights_skip_tracking":false,"_monsterinsights_sitenote_active":false,"_monsterinsights_sitenote_note":"","_monsterinsights_sitenote_category":0,"footnotes":""},"categories":[5],"tags":[65771,43675,87121,193,3802],"class_list":["post-457874","post","type-post","status-publish","format-standard","has-post-thumbnail","hentry","category-estado-de-mexico","tag-censo","tag-estado-de-mexico","tag-garantia","tag-inegi","tag-tultepec"],"_links":{"self":[{"href":"https:\/\/www.diarioimagen.net\/index.php?rest_route=\/wp\/v2\/posts\/457874","targetHints":{"allow":["GET"]}}],"collection":[{"href":"https:\/\/www.diarioimagen.net\/index.php?rest_route=\/wp\/v2\/posts"}],"about":[{"href":"https:\/\/www.diarioimagen.net\/index.php?rest_route=\/wp\/v2\/types\/post"}],"author":[{"embeddable":true,"href":"https:\/\/www.diarioimagen.net\/index.php?rest_route=\/wp\/v2\/users\/3"}],"replies":[{"embeddable":true,"href":"https:\/\/www.diarioimagen.net\/index.php?rest_route=%2Fwp%2Fv2%2Fcomments&post=457874"}],"version-history":[{"count":0,"href":"https:\/\/www.diarioimagen.net\/index.php?rest_route=\/wp\/v2\/posts\/457874\/revisions"}],"wp:featuredmedia":[{"embeddable":true,"href":"https:\/\/www.diarioimagen.net\/index.php?rest_route=\/wp\/v2\/media\/457953"}],"wp:attachment":[{"href":"https:\/\/www.diarioimagen.net\/index.php?rest_route=%2Fwp%2Fv2%2Fmedia&parent=457874"}],"wp:term":[{"taxonomy":"category","embeddable":true,"href":"https:\/\/www.diarioimagen.net\/index.php?rest_route=%2Fwp%2Fv2%2Fcategories&post=457874"},{"taxonomy":"post_tag","embeddable":true,"href":"https:\/\/www.diarioimagen.net\/index.php?rest_route=%2Fwp%2Fv2%2Ftags&post=457874"}],"curies":[{"name":"wp","href":"https:\/\/api.w.org\/{rel}","templated":true}]}}