{"id":457876,"date":"2020-01-29T00:03:58","date_gmt":"2020-01-29T06:03:58","guid":{"rendered":"https:\/\/www.diarioimagen.net\/?p=457876"},"modified":"2020-01-29T06:56:02","modified_gmt":"2020-01-29T12:56:02","slug":"presentan-el-libro-arqueologia-e-historia-de-cuautitlan-trabajo-de-excavacion-de-2016","status":"publish","type":"post","link":"https:\/\/www.diarioimagen.net\/?p=457876","title":{"rendered":"Presentan el libro \u201cArqueolog\u00eda e historia de Cuautitl\u00e1n\u201d; trabajo de excavaci\u00f3n de 2016"},"content":{"rendered":"<ul>\n<li><strong><em>De la \u00e9poca prehisp\u00e1nica al siglo XX<\/em><\/strong><\/li>\n<\/ul>\n<p>&nbsp;<\/p>\n<div id=\"attachment_457957\" style=\"width: 470px\" class=\"wp-caption aligncenter\"><a href=\"https:\/\/www.diarioimagen.net\/?attachment_id=457957\" rel=\"attachment wp-att-457957\"><img loading=\"lazy\" decoding=\"async\" aria-describedby=\"caption-attachment-457957\" class=\"size-large wp-image-457957\" src=\"https:\/\/www.diarioimagen.net\/wp-content\/uploads\/2020\/01\/CUAUTITL\u00c1N-6-460x225.jpg\" alt=\"\" width=\"460\" height=\"225\" srcset=\"https:\/\/www.diarioimagen.net\/wp-content\/uploads\/2020\/01\/CUAUTITL\u00c1N-6-460x225.jpg 460w, https:\/\/www.diarioimagen.net\/wp-content\/uploads\/2020\/01\/CUAUTITL\u00c1N-6-240x118.jpg 240w, https:\/\/www.diarioimagen.net\/wp-content\/uploads\/2020\/01\/CUAUTITL\u00c1N-6.jpg 700w\" sizes=\"auto, (max-width: 460px) 100vw, 460px\" \/><\/a><p id=\"caption-attachment-457957\" class=\"wp-caption-text\">Diana Mart\u00ednez Torres, directora del Instituto Municipal de Cultura y Vestigios Arqueol\u00f3gicos, asisti\u00f3 la presentaci\u00f3n del libro.<\/p><\/div>\n<p>&nbsp;<\/p>\n<p><strong>Cuautitl\u00e1n, Estado de M\u00e9xico<\/strong>.- Como resultado del trabajo de excavaci\u00f3n arqueol\u00f3gica realizada durante 2016 en el centro del municipio, se logr\u00f3 reunir en el libro \u201cArqueolog\u00eda e Historia de Cuautitl\u00e1n\u201d, de la \u00e9poca prehisp\u00e1nica al siglo XX, diversas investigaciones realizadas por los especialistas, reconoci\u00f3 Diana Mart\u00ednez Torres, directora del Instituto Municipal de Cultura y Vestigios Arqueol\u00f3gicos, durante la presentaci\u00f3n de este trabajo.<\/p>\n<p>La edici\u00f3n de esta obra a cargo de la Administraci\u00f3n Municipal 2019-2021, permite dar a conocer la grandeza de quienes nos antecedieron, pero sobre todo suma los esfuerzos de los investigadores y autoridades que buscan dar difusi\u00f3n sobre la importancia de Cuautitl\u00e1n en la cultura mexicana\u201d, asever\u00f3 Mart\u00ednez Torres.<\/p>\n<p>Durante la presentaci\u00f3n del libro participaron los arque\u00f3logos que realizaron las excavaciones, destinando sus estudios y an\u00e1lisis a la conformaci\u00f3n de la presente investigaci\u00f3n, donde localizaron estructuras prehisp\u00e1nicas, entierros humanos, ofrendas de vasijas, sahumadores, herramientas de obsidiana y fragmentos de cer\u00e1micas, entre otros objetos.<\/p>\n<p>Francisco Osorio D\u00e1vila, arque\u00f3logo del Instituto Nacional de Antropolog\u00eda e Historia (INAH) y participante de este libro, se\u00f1al\u00f3 que el presente trabajo contiene investigaciones realizadas alrededor del jard\u00edn principal, donde se ubicaron cientos de vestigios de cer\u00e1micas y otros objetos, los cuales dicen mucho de las personas que vivieron en este sitio y la importancia en nuestra cultura.<\/p>\n<p>Este libro consta de 13 cap\u00edtulos, 182 p\u00e1ginas y escritos de 10 investigadores, arque\u00f3logos y arquitectos, con los t\u00edtulos: Alt\u00e9peltl de Cuautitl\u00e1n, elementos te\u00f3ricos y arqueol\u00f3gicos para probar su existencia; An\u00e1lisis de material \u00f3seo procedente de la Cruz Atrial y de la Calle Pino Su\u00e1rez de Cuautitl\u00e1n, as\u00ed como, Algunos apuntes sobre las pr\u00e1cticas funerarias prehisp\u00e1nicas en Cuautitl\u00e1n y el de Historia de la catedral de San Buenaventura, entre otros temas.<\/p>\n<p>Por su importancia como material de consulta para investigadores, estudiantes e interesados en temas de arqueolog\u00eda e historia se tiene planeado en pr\u00f3ximos d\u00edas realizar una edici\u00f3n especial del libro para su venta al p\u00fablico, adem\u00e1s de ponerlo a disposici\u00f3n de toda la poblaci\u00f3n de forma digital a trav\u00e9s de la p\u00e1gina web del gobierno municipal, inform\u00f3 el instituto de cultura.<\/p>\n","protected":false},"excerpt":{"rendered":"<p>Como resultado del trabajo de excavaci\u00f3n arqueol\u00f3gica realizada durante 2016 en el centro del municipio, se logr\u00f3 reunir en el libro \u201cArqueolog\u00eda e Historia de Cuautitl\u00e1n\u201d, de la \u00e9poca prehisp\u00e1nica al siglo XX, diversas investigaciones realizadas por los especialistas, reconoci\u00f3 Diana Mart\u00ednez Torres, directora del Instituto Municipal de Cultura y Vestigios Arqueol\u00f3gicos, durante la presentaci\u00f3n de este trabajo.<\/p>\n","protected":false},"author":3,"featured_media":457957,"comment_status":"open","ping_status":"open","sticky":false,"template":"","format":"standard","meta":{"_monsterinsights_skip_tracking":false,"_monsterinsights_sitenote_active":false,"_monsterinsights_sitenote_note":"","_monsterinsights_sitenote_category":0,"footnotes":""},"categories":[5],"tags":[681,43675,89771,7545],"class_list":["post-457876","post","type-post","status-publish","format-standard","has-post-thumbnail","hentry","category-estado-de-mexico","tag-cuautitlan","tag-estado-de-mexico","tag-excavacion","tag-libro"],"_links":{"self":[{"href":"https:\/\/www.diarioimagen.net\/index.php?rest_route=\/wp\/v2\/posts\/457876","targetHints":{"allow":["GET"]}}],"collection":[{"href":"https:\/\/www.diarioimagen.net\/index.php?rest_route=\/wp\/v2\/posts"}],"about":[{"href":"https:\/\/www.diarioimagen.net\/index.php?rest_route=\/wp\/v2\/types\/post"}],"author":[{"embeddable":true,"href":"https:\/\/www.diarioimagen.net\/index.php?rest_route=\/wp\/v2\/users\/3"}],"replies":[{"embeddable":true,"href":"https:\/\/www.diarioimagen.net\/index.php?rest_route=%2Fwp%2Fv2%2Fcomments&post=457876"}],"version-history":[{"count":0,"href":"https:\/\/www.diarioimagen.net\/index.php?rest_route=\/wp\/v2\/posts\/457876\/revisions"}],"wp:featuredmedia":[{"embeddable":true,"href":"https:\/\/www.diarioimagen.net\/index.php?rest_route=\/wp\/v2\/media\/457957"}],"wp:attachment":[{"href":"https:\/\/www.diarioimagen.net\/index.php?rest_route=%2Fwp%2Fv2%2Fmedia&parent=457876"}],"wp:term":[{"taxonomy":"category","embeddable":true,"href":"https:\/\/www.diarioimagen.net\/index.php?rest_route=%2Fwp%2Fv2%2Fcategories&post=457876"},{"taxonomy":"post_tag","embeddable":true,"href":"https:\/\/www.diarioimagen.net\/index.php?rest_route=%2Fwp%2Fv2%2Ftags&post=457876"}],"curies":[{"name":"wp","href":"https:\/\/api.w.org\/{rel}","templated":true}]}}