{"id":457878,"date":"2020-01-29T00:02:12","date_gmt":"2020-01-29T06:02:12","guid":{"rendered":"https:\/\/www.diarioimagen.net\/?p=457878"},"modified":"2020-01-29T06:56:52","modified_gmt":"2020-01-29T12:56:52","slug":"atizapan-pone-en-funcionamiento-el-semaforo-deportivo-contra-adicciones","status":"publish","type":"post","link":"https:\/\/www.diarioimagen.net\/?p=457878","title":{"rendered":"Atizap\u00e1n pone en funcionamiento el Sem\u00e1foro Deportivo contra adicciones"},"content":{"rendered":"<ul>\n<li><strong><em>Apoyo de la Fundaci\u00f3n Alfredo Harp Hel\u00fa<\/em><\/strong><\/li>\n<\/ul>\n<p>&nbsp;<\/p>\n<div id=\"attachment_457960\" style=\"width: 470px\" class=\"wp-caption aligncenter\"><a href=\"https:\/\/www.diarioimagen.net\/?attachment_id=457960\" rel=\"attachment wp-att-457960\"><img loading=\"lazy\" decoding=\"async\" aria-describedby=\"caption-attachment-457960\" class=\"size-large wp-image-457960\" src=\"https:\/\/www.diarioimagen.net\/wp-content\/uploads\/2020\/01\/ATIZAP\u00c1N-3-460x243.jpg\" alt=\"\" width=\"460\" height=\"243\" srcset=\"https:\/\/www.diarioimagen.net\/wp-content\/uploads\/2020\/01\/ATIZAP\u00c1N-3-460x243.jpg 460w, https:\/\/www.diarioimagen.net\/wp-content\/uploads\/2020\/01\/ATIZAP\u00c1N-3-240x127.jpg 240w, https:\/\/www.diarioimagen.net\/wp-content\/uploads\/2020\/01\/ATIZAP\u00c1N-3.jpg 700w\" sizes=\"auto, (max-width: 460px) 100vw, 460px\" \/><\/a><p id=\"caption-attachment-457960\" class=\"wp-caption-text\">El gobierno de Atizap\u00e1n puso en funcionamiento el \u201cSem\u00e1foro Deportivo\u201d para hacer un alto a las adicciones.<\/p><\/div>\n<p>&nbsp;<\/p>\n<p><strong>Atizap\u00e1n, Estado de M\u00e9xico<\/strong>.- \u00c9ste municipio puso en funcionamiento el \u201cSem\u00e1foro Deportivo\u201d para hacer un alto a las adicciones, con el color rojo; enfatizar en el cuidado de la salud, con el amarillo y, crear la cultura de paz en el municipio, con el color verde.<\/p>\n<p>Con el apoyo de la Fundaci\u00f3n Alfredo Harp Hel\u00fa, y ante la presencia de su director, el medallista ol\u00edmpico Daniel Aceves Villagr\u00e1n, el gobierno local encendi\u00f3 el sem\u00e1foro y entreg\u00f3 paquetes deportivos a los alumnos de la escuela primaria \u201cSor Juana In\u00e9s de la Cruz\u201d, ubicada en la colonia Lomas de Monte Mar\u00eda.<\/p>\n<p>El objetivo del programa es realizar acciones que conllevan al fortalecimiento de la promoci\u00f3n y desarrollo del deporte estudiantil, toda vez que para la alcaldesa Ruth Olvera \u00e9ste es una de las mejores formas de reconstruir el tejido social y disminuir la violencia.<\/p>\n<p>El director de Bienestar, Miguel \u00c1ngel Vel\u00e1zquez Hern\u00e1ndez, inform\u00f3 que los materiales deportivos ser\u00e1n entregados en al menos 60 planteles escolares, sobre todo en primarias y secundarias contempladas en el Programa Municipal de Prevenci\u00f3n Social de la Violencia y la Delincuencia (PROPREV).<\/p>\n<p>Los paquetes incluyen m\u00e1s de 90 art\u00edculos deportivos, entre los que se encuentran medallas, casacas, balones de basquetbol, futbol y voleibol, redes de voleibol, conos, silbatos, entre otros.<\/p>\n<p>En el evento estuvieron presentes los regidores Francisco Mariano L\u00f3pez y Silvia Nava L\u00f3pez; el subdirector del Deporte, Jos\u00e9 Alfredo D\u00e1vila Vivanco; y la directora escolar Claudia Luna Herrera.<\/p>\n","protected":false},"excerpt":{"rendered":"<p>\u00c9ste municipio puso en funcionamiento el \u201cSem\u00e1foro Deportivo\u201d para hacer un alto a las adicciones, con el color rojo; enfatizar en el cuidado de la salud, con el amarillo y, crear la cultura de paz en el municipio, con el color verde.<\/p>\n","protected":false},"author":3,"featured_media":457960,"comment_status":"open","ping_status":"open","sticky":false,"template":"","format":"standard","meta":{"_monsterinsights_skip_tracking":false,"_monsterinsights_sitenote_active":false,"_monsterinsights_sitenote_note":"","_monsterinsights_sitenote_category":0,"footnotes":""},"categories":[5],"tags":[969,43675,89772],"class_list":["post-457878","post","type-post","status-publish","format-standard","has-post-thumbnail","hentry","category-estado-de-mexico","tag-atizapan","tag-estado-de-mexico","tag-semaforo-deportivo"],"_links":{"self":[{"href":"https:\/\/www.diarioimagen.net\/index.php?rest_route=\/wp\/v2\/posts\/457878","targetHints":{"allow":["GET"]}}],"collection":[{"href":"https:\/\/www.diarioimagen.net\/index.php?rest_route=\/wp\/v2\/posts"}],"about":[{"href":"https:\/\/www.diarioimagen.net\/index.php?rest_route=\/wp\/v2\/types\/post"}],"author":[{"embeddable":true,"href":"https:\/\/www.diarioimagen.net\/index.php?rest_route=\/wp\/v2\/users\/3"}],"replies":[{"embeddable":true,"href":"https:\/\/www.diarioimagen.net\/index.php?rest_route=%2Fwp%2Fv2%2Fcomments&post=457878"}],"version-history":[{"count":0,"href":"https:\/\/www.diarioimagen.net\/index.php?rest_route=\/wp\/v2\/posts\/457878\/revisions"}],"wp:featuredmedia":[{"embeddable":true,"href":"https:\/\/www.diarioimagen.net\/index.php?rest_route=\/wp\/v2\/media\/457960"}],"wp:attachment":[{"href":"https:\/\/www.diarioimagen.net\/index.php?rest_route=%2Fwp%2Fv2%2Fmedia&parent=457878"}],"wp:term":[{"taxonomy":"category","embeddable":true,"href":"https:\/\/www.diarioimagen.net\/index.php?rest_route=%2Fwp%2Fv2%2Fcategories&post=457878"},{"taxonomy":"post_tag","embeddable":true,"href":"https:\/\/www.diarioimagen.net\/index.php?rest_route=%2Fwp%2Fv2%2Ftags&post=457878"}],"curies":[{"name":"wp","href":"https:\/\/api.w.org\/{rel}","templated":true}]}}