{"id":457880,"date":"2020-01-29T00:01:19","date_gmt":"2020-01-29T06:01:19","guid":{"rendered":"https:\/\/www.diarioimagen.net\/?p=457880"},"modified":"2020-01-29T06:58:03","modified_gmt":"2020-01-29T12:58:03","slug":"tlalnepantla-refuerza-lucha-contra-las-adicciones","status":"publish","type":"post","link":"https:\/\/www.diarioimagen.net\/?p=457880","title":{"rendered":"Tlalnepantla refuerza lucha contra las adicciones"},"content":{"rendered":"<p><a href=\"https:\/\/www.diarioimagen.net\/?attachment_id=457963\" rel=\"attachment wp-att-457963\"><img loading=\"lazy\" decoding=\"async\" class=\"aligncenter size-large wp-image-457963\" src=\"https:\/\/www.diarioimagen.net\/wp-content\/uploads\/2020\/01\/TLALNEPANTLA-5-460x259.jpg\" alt=\"\" width=\"460\" height=\"259\" srcset=\"https:\/\/www.diarioimagen.net\/wp-content\/uploads\/2020\/01\/TLALNEPANTLA-5-460x259.jpg 460w, https:\/\/www.diarioimagen.net\/wp-content\/uploads\/2020\/01\/TLALNEPANTLA-5-240x135.jpg 240w, https:\/\/www.diarioimagen.net\/wp-content\/uploads\/2020\/01\/TLALNEPANTLA-5-235x132.jpg 235w, https:\/\/www.diarioimagen.net\/wp-content\/uploads\/2020\/01\/TLALNEPANTLA-5-202x114.jpg 202w, https:\/\/www.diarioimagen.net\/wp-content\/uploads\/2020\/01\/TLALNEPANTLA-5-350x196.jpg 350w, https:\/\/www.diarioimagen.net\/wp-content\/uploads\/2020\/01\/TLALNEPANTLA-5-220x123.jpg 220w, https:\/\/www.diarioimagen.net\/wp-content\/uploads\/2020\/01\/TLALNEPANTLA-5-237x132.jpg 237w, https:\/\/www.diarioimagen.net\/wp-content\/uploads\/2020\/01\/TLALNEPANTLA-5.jpg 480w\" sizes=\"auto, (max-width: 460px) 100vw, 460px\" \/><\/a><\/p>\n<p>&nbsp;<\/p>\n<p><strong>Tlalnepantla, Estado de M\u00e9xico<\/strong><strong>.-<\/strong> El gobierno local lleva a las colonias actividades deportivas, recreativas y culturales con las jornadas \u2018J\u00f3venes transformando Nuestra Ciudad\u2019, para prevenir las adicciones y fortalecer las redes vecinales de seguridad por cuadra.<\/p>\n<p>La jornada se realiz\u00f3 en la colonia Bosques de Ceyl\u00e1n, donde las familias participaron en una clase de defensa personal, recibieron pl\u00e1ticas de educaci\u00f3n sexual, informaci\u00f3n sobre seguridad y de los programas que se llevan a cabo para atender el problema del consumo de drogas.<\/p>\n","protected":false},"excerpt":{"rendered":"<p>El Gobierno local lleva a las colonias actividades deportivas, recreativas y culturales con las jornadas \u2018J\u00f3venes transformando Nuestra Ciudad\u2019, para prevenir las adicciones y fortalecer las redes vecinales de seguridad por cuadra.<\/p>\n","protected":false},"author":3,"featured_media":457963,"comment_status":"open","ping_status":"open","sticky":false,"template":"","format":"standard","meta":{"_monsterinsights_skip_tracking":false,"_monsterinsights_sitenote_active":false,"_monsterinsights_sitenote_note":"","_monsterinsights_sitenote_category":0,"footnotes":""},"categories":[5],"tags":[6986,43675,46346,169],"class_list":["post-457880","post","type-post","status-publish","format-standard","has-post-thumbnail","hentry","category-estado-de-mexico","tag-adicciones","tag-estado-de-mexico","tag-lucha","tag-tlalnepantla"],"_links":{"self":[{"href":"https:\/\/www.diarioimagen.net\/index.php?rest_route=\/wp\/v2\/posts\/457880","targetHints":{"allow":["GET"]}}],"collection":[{"href":"https:\/\/www.diarioimagen.net\/index.php?rest_route=\/wp\/v2\/posts"}],"about":[{"href":"https:\/\/www.diarioimagen.net\/index.php?rest_route=\/wp\/v2\/types\/post"}],"author":[{"embeddable":true,"href":"https:\/\/www.diarioimagen.net\/index.php?rest_route=\/wp\/v2\/users\/3"}],"replies":[{"embeddable":true,"href":"https:\/\/www.diarioimagen.net\/index.php?rest_route=%2Fwp%2Fv2%2Fcomments&post=457880"}],"version-history":[{"count":0,"href":"https:\/\/www.diarioimagen.net\/index.php?rest_route=\/wp\/v2\/posts\/457880\/revisions"}],"wp:featuredmedia":[{"embeddable":true,"href":"https:\/\/www.diarioimagen.net\/index.php?rest_route=\/wp\/v2\/media\/457963"}],"wp:attachment":[{"href":"https:\/\/www.diarioimagen.net\/index.php?rest_route=%2Fwp%2Fv2%2Fmedia&parent=457880"}],"wp:term":[{"taxonomy":"category","embeddable":true,"href":"https:\/\/www.diarioimagen.net\/index.php?rest_route=%2Fwp%2Fv2%2Fcategories&post=457880"},{"taxonomy":"post_tag","embeddable":true,"href":"https:\/\/www.diarioimagen.net\/index.php?rest_route=%2Fwp%2Fv2%2Ftags&post=457880"}],"curies":[{"name":"wp","href":"https:\/\/api.w.org\/{rel}","templated":true}]}}