{"id":457898,"date":"2020-01-29T00:02:45","date_gmt":"2020-01-29T06:02:45","guid":{"rendered":"https:\/\/www.diarioimagen.net\/?p=457898"},"modified":"2020-01-29T01:27:23","modified_gmt":"2020-01-29T07:27:23","slug":"mejor-que-amlo-descuide-investidura-presidencial","status":"publish","type":"post","link":"https:\/\/www.diarioimagen.net\/?p=457898","title":{"rendered":"Mejor que AMLO descuide investidura presidencial"},"content":{"rendered":"<h2>La Retaguardia<\/h2>\n<h5>Adriana Moreno Cordero<\/h5>\n<p><em>\u00a0<\/em><\/p>\n<ul>\n<li><strong><em>El diputado Mario Delgado, \u201cpati\u00f1o\u201d del Presidente L\u00f3pez Obrador<\/em><\/strong><\/li>\n<\/ul>\n<p>&nbsp;<\/p>\n<p>&nbsp;<\/p>\n<p>\u00bfA qui\u00e9n quiere enga\u00f1ar el presidente <strong>Andr\u00e9s Manuel L\u00f3pez Obrador<\/strong>? Ayer, su gustad\u00edsima conferencia de prensa ma\u00f1anera result\u00f3 una burla; sin duda de pena ajena que nos lleva a preguntar: \u00bfas\u00ed es como el Ejecutivo cuida la investidura presidencial?, no, pues mejor que la descuide, le va mejor.<\/p>\n<p>Pat\u00e9tico result\u00f3 que en Palacio Nacional presentara el \u201ccachito\u201d de la Loter\u00eda Nacional mediante el cual, se rifar\u00e1 el avi\u00f3n presidencial. Antes, por las \u201cbenditas redes\u201d, le estuvieron recordando que no est\u00e1 permitido que la Lotenal entregue premios en especie; de seguro, el tabasque\u00f1o ni enterado estaba. Entonces anunci\u00f3 que pr\u00e1cticamente reformar\u00eda la ley para que quedara a su gusto y de inmediato, integrantes de su gabinete como la flamante secretaria de Gobernaci\u00f3n, <strong>Olga S\u00e1nchez Cordero<\/strong>, luego de aplaudir el \u201cshow\u201d del de Macuspana, anunci\u00f3 que trabajar\u00eda en la ardua labor de darle gusto a su jefe.<\/p>\n<p>Mucho se ha dicho que lo que intenta el presidente con shows rid\u00edculos como el que protagoniz\u00f3 ayer, es correr\u00a0 y correr \u201ccortinas de humo\u201d sobre uno y otro tema de la agenda nacional que vienen a confirmar que por todos lados, al mandatario se le fue ya el pa\u00eds de las manos. En el caso del avi\u00f3n, el de Macuspana ya no sabe ni qu\u00e9 hacer con eso. Confiaba en que el primer ministro de Canad\u00e1, <strong>Justin Trudeau<\/strong> se lo comprar\u00eda, ahora que la aeronave del canadiense se le descompuso, pero la realidad es que ni caso le hicieron.<\/p>\n<p>Total, que la incompetencia que d\u00eda a d\u00eda fluye de Palacio Nacional, es evidente. De cualquier manera, en la reuni\u00f3n que tiene programada ma\u00f1ana el presidente con los gobernadores emanados del PAN, quienes le presentar\u00e1n una nueva opci\u00f3n para \u201caterrizar\u201d e instrumentar el tan llevado y tra\u00eddo INSABI, se puede adelantar que no les ir\u00e1 nada bien porque adem\u00e1s de los problemas y serias diferencias que tienen los panistas con L\u00f3pez Obrador, dada la necedad y obstinaci\u00f3n que caracteriza al Ejecutivo, har\u00e1 o\u00eddos sordos de cualquier recomendaci\u00f3n que le hagan y les ponga a los albiazules, la cara m\u00e1s larga que tiene el tabasque\u00f1o.<\/p>\n<p>Y para rematar con el rid\u00edculo de la rifa del TP01, el coordinador de la bancada de Morena en la C\u00e1mara de Diputados, <strong>Mario Mart\u00edn Delgado<\/strong>, ya est\u00e1 en San L\u00e1zaro muy afanosito; va y viene organizando la compra de billetes de loter\u00eda, a ver cu\u00e1ntos diputados se apuntan, pero ser\u00e1n solo los de su fracci\u00f3n parlamentaria, porque de las otras bancadas, desde luego que le \u201crespingaron\u201d al \u201cPati\u00f1o\u201d de L\u00f3pez Obrador.<\/p>\n<p>El coordinador de la bancada de Acci\u00f3n Nacional en la C\u00e1mara Baja, <strong>Juan Carlos Romero Hicks<\/strong>, critic\u00f3 la propuesta del boleto de la rifa del avi\u00f3n presidencial, a realizarse, a lo mejor,\u00a0 el 5 de mayo y la calific\u00f3 como una \u201cocurrencia de esc\u00e1ndalo de risa mundial\u201d.<\/p>\n<p>Sin duda y como el exgobernador de Guanajuato lo apunt\u00f3, el sexenio de la llamada cuarta transformaci\u00f3n, es uno totalmente perdido. Agreg\u00f3 que \u201cel tema de mayor preocupaci\u00f3n del a\u00eds es la violencia y la inseguridad y tienen quejas que son alarmantes y que merecen una gran reflexi\u00f3n. Es una pena que el Presidente no escuche, as\u00ed como no escucha al Poder Legislativo tampoco escucha a los ciudadanos. Necesitamos corregir eso\u201d.<\/p>\n<p>Por su parte, <strong>Ren\u00e9 Ju\u00e1rez<\/strong>, coordinador de los diputados pri\u00edstas,\u00a0coincidi\u00f3\u00a0que hay cosas m\u00e1s preocupantes que est\u00e1n pasando en M\u00e9xico y no las visiones de L\u00f3pez Obrador y su \u201cPati\u00f1o\u201d Delgado. \u201cYo tengo otras preocupaciones. Yo quiero que haya medicinas para los ni\u00f1os enfermos con c\u00e1ncer. Quiero que baje la delincuencia, que haya paz, que haya m\u00e1s seguridad\u201d\u2026 Yo, la verdad, no tengo ning\u00fan comentario, porque estoy ocupado en otros temas. No quisiera distraer el poco tiempo que tengo en ese tipo de temas que para m\u00ed son irrelevantes\u201d.<\/p>\n<p style=\"text-align: center;\"><strong>MUNICIONES<\/strong><\/p>\n<p>*** \u00bfQu\u00e9 M\u00e9xico es de los pa\u00edses mejores preparados para enfrentar el coronavirus que viene de China?, \u00bfpues a quien querr\u00e1 enga\u00f1ar el presidente L\u00f3pez Obrador? A ver, si no puede con la implementaci\u00f3n del Instituto de Salud para el Bienestar porque carece de la m\u00e1s m\u00ednima planeaci\u00f3n y programaci\u00f3n, \u00bfs\u00ed podr\u00e1 esta llamada cuarta transformaci\u00f3n controlar este extra\u00f1o virus? Porque no debe olvidar el Ejecutivo que el subsecretario de Salud, <strong>Hugo L\u00f3pez Gatel<\/strong>, ya anunci\u00f3 precisamente en una de las gustad\u00edsimas conferencias ma\u00f1aneras que muy a pesar de lo esperado, el coronavirus que viene del continente Asi\u00e1tico, ya no tarda en manifestarse en nuestro pa\u00eds.<\/p>\n<p>*** Con gran \u00e9xito, se inaugur\u00f3 ayer la quinta edici\u00f3n de Energy M\u00e9xico. El corte de list\u00f3n para dar inicio a las actividades corri\u00f3 a cargo del<strong> Jes\u00fas Reyes Heroles G.G<\/strong>., Presidente de EnergeA y exdirector de Pemex durante la gesti\u00f3n de Vicente Fox;\u00a0<strong>Paul St. Amour,<\/strong>\u00a0Vicepresidente para Am\u00e9rica Latina de Tarsus;<strong>\u00a0Jos\u00e9 Navarro<\/strong>\u00a0<strong>Meneses<\/strong>, Director General de Tarsus M\u00e9xico;\u00a0<strong>Rodrigo Favela Fierro<\/strong>, Socio de HCX;\u00a0<strong>Francisco Javier Fern\u00e1ndez Perroni<\/strong>, Director General de Marina Mercante de la SCT; H\u00e9ctor<strong>\u00a0Olea<\/strong>, Presidente de la ASOLMEX; y\u00a0<strong>H\u00e9ctor Trevi\u00f1o,<\/strong>\u00a0Director Ejecutivo de la AMDEE. Jes\u00fas Reyes Heroles destac\u00f3 el compromiso de Tarsus M\u00e9xico como socio estrat\u00e9gico para realizar este magno evento, as\u00ed como el apoyo de Energy Intelligence Group, de Londres.\u00a0 Agreg\u00f3 que a lo largo de estos tres d\u00edas, los asistentes podr\u00e1n informarse y actualizarse sobre las condiciones de los mercados internacionales de hidrocarburos; los principales conflictos geopol\u00edticos; los cambios en curso en regulaciones en M\u00e9xico; y el \u00e1nimo y expectativas de los principales actores del sector.<\/p>\n<p>*** La bancada del PRI en el Senado de la Rep\u00fablica, que coordina <strong>Miguel Angel Osorio Chong<\/strong>, realizar\u00e1n a partir del pr\u00f3ximo viernes, su reuni\u00f3n plenaria. Con <strong>Eduardo Guerrero Guti\u00e9rrez<\/strong>, de Lantia Consultores, abordar\u00e1n temas de seguridad; con el consultor <strong>Mario Di Costanzo<\/strong> y el investigador <strong>Horacio Sobarzo<\/strong>, expertos en pol\u00edtica econ\u00f3mica y federalismo fiscal. Asimismo, se reunir\u00e1n con <strong>Rodrigo Galv\u00e1n de las Heras<\/strong>, de Demotecnia, para intercambiar opiniones sobre la situaci\u00f3n nacional y la utilidad y beneficio de las encuestas. Para cerrar \u201ccon broche de oro\u201d, sostendr\u00e1n una comida de trabajo con el presidente del Comit\u00e9 Ejecutivo Nacional del PRI, <strong>Alejandro Moreno C\u00e1rdenas<\/strong>, con quien analizar\u00e1n la situaci\u00f3n pol\u00edtica nacional y el papel del otrora poderoso Revolucionario Institucional como oposici\u00f3n responsable y los retos que enfrentan ante la administraci\u00f3n federal. Desde ahorita se puede concluir que los pri\u00edstas ya no son ni sombra de lo que fueron; que eso de que se van a revolucionar, es m\u00e1s bien un slogan que otra cosa y por ende, est\u00e1n totalmente desarticulados como oposici\u00f3n. \u00a1Qu\u00e9 tal!<\/p>\n<p>*** El Fiscal <strong>Alejandro Gertz Manero<\/strong>; la titular de la Segob, Olga S\u00e1nchez Cordero; el de Seguridad y Protecci\u00f3n Ciudadana, <strong>Alfonso Durazo<\/strong>; el consejero jur\u00eddico de la presidencia, <strong>Julio Scherer Ibarra<\/strong>; el titular de la SEP, <strong>Esteban Moctezuma Barrag\u00e1n<\/strong> y el flamante canciller <strong>Marcelo Ebrard<\/strong>, son algunos de los integrantes del gabinete que se reunir\u00e1n con los senadores de Morena, que coordina <strong>Ricardo Monreal<\/strong>, durante la reuni\u00f3n plenaria de esta bancada.<\/p>\n<p><a href=\"mailto:morcora@gmail.com\" target=\"_blank\" rel=\"noopener noreferrer\"><em>morcora@gmail.com<\/em><\/a><\/p>\n","protected":false},"excerpt":{"rendered":"<p><span style=\"color: #005497;\"><strong>Adriana Moreno Cordero<\/strong><\/span><\/p>\n","protected":false},"author":3,"featured_media":0,"comment_status":"open","ping_status":"open","sticky":false,"template":"","format":"standard","meta":{"_monsterinsights_skip_tracking":false,"_monsterinsights_sitenote_active":false,"_monsterinsights_sitenote_note":"","_monsterinsights_sitenote_category":0,"footnotes":""},"categories":[69370],"tags":[69369,69368,43674],"class_list":["post-457898","post","type-post","status-publish","format-standard","hentry","category-adriana-moreno-cordero","tag-adriana-moreno-cordero","tag-la-retaguardia","tag-opinion"],"_links":{"self":[{"href":"https:\/\/www.diarioimagen.net\/index.php?rest_route=\/wp\/v2\/posts\/457898","targetHints":{"allow":["GET"]}}],"collection":[{"href":"https:\/\/www.diarioimagen.net\/index.php?rest_route=\/wp\/v2\/posts"}],"about":[{"href":"https:\/\/www.diarioimagen.net\/index.php?rest_route=\/wp\/v2\/types\/post"}],"author":[{"embeddable":true,"href":"https:\/\/www.diarioimagen.net\/index.php?rest_route=\/wp\/v2\/users\/3"}],"replies":[{"embeddable":true,"href":"https:\/\/www.diarioimagen.net\/index.php?rest_route=%2Fwp%2Fv2%2Fcomments&post=457898"}],"version-history":[{"count":0,"href":"https:\/\/www.diarioimagen.net\/index.php?rest_route=\/wp\/v2\/posts\/457898\/revisions"}],"wp:attachment":[{"href":"https:\/\/www.diarioimagen.net\/index.php?rest_route=%2Fwp%2Fv2%2Fmedia&parent=457898"}],"wp:term":[{"taxonomy":"category","embeddable":true,"href":"https:\/\/www.diarioimagen.net\/index.php?rest_route=%2Fwp%2Fv2%2Fcategories&post=457898"},{"taxonomy":"post_tag","embeddable":true,"href":"https:\/\/www.diarioimagen.net\/index.php?rest_route=%2Fwp%2Fv2%2Ftags&post=457898"}],"curies":[{"name":"wp","href":"https:\/\/api.w.org\/{rel}","templated":true}]}}