{"id":458044,"date":"2020-01-30T00:01:18","date_gmt":"2020-01-30T06:01:18","guid":{"rendered":"https:\/\/www.diarioimagen.net\/?p=458044"},"modified":"2020-01-30T06:33:05","modified_gmt":"2020-01-30T12:33:05","slug":"especialidad-en-administracion-de-empresas-turisticas-de-uaem-cuenta-con-certificacion-de-la-organizacion-mundial-del-turismo","status":"publish","type":"post","link":"https:\/\/www.diarioimagen.net\/?p=458044","title":{"rendered":"Especialidad en Administraci\u00f3n de Empresas Tur\u00edsticas de UAEM cuenta con certificaci\u00f3n de la Organizaci\u00f3n Mundial del Turismo"},"content":{"rendered":"<div id=\"attachment_458129\" style=\"width: 470px\" class=\"wp-caption aligncenter\"><a href=\"https:\/\/www.diarioimagen.net\/?attachment_id=458129\" rel=\"attachment wp-att-458129\"><img loading=\"lazy\" decoding=\"async\" aria-describedby=\"caption-attachment-458129\" class=\"size-large wp-image-458129\" src=\"https:\/\/www.diarioimagen.net\/wp-content\/uploads\/2020\/01\/UAEM-4-460x259.jpg\" alt=\"\" width=\"460\" height=\"259\" srcset=\"https:\/\/www.diarioimagen.net\/wp-content\/uploads\/2020\/01\/UAEM-4-460x259.jpg 460w, https:\/\/www.diarioimagen.net\/wp-content\/uploads\/2020\/01\/UAEM-4-240x135.jpg 240w, https:\/\/www.diarioimagen.net\/wp-content\/uploads\/2020\/01\/UAEM-4-235x132.jpg 235w, https:\/\/www.diarioimagen.net\/wp-content\/uploads\/2020\/01\/UAEM-4-202x114.jpg 202w, https:\/\/www.diarioimagen.net\/wp-content\/uploads\/2020\/01\/UAEM-4-350x196.jpg 350w, https:\/\/www.diarioimagen.net\/wp-content\/uploads\/2020\/01\/UAEM-4-220x123.jpg 220w, https:\/\/www.diarioimagen.net\/wp-content\/uploads\/2020\/01\/UAEM-4-237x132.jpg 237w, https:\/\/www.diarioimagen.net\/wp-content\/uploads\/2020\/01\/UAEM-4.jpg 480w\" sizes=\"auto, (max-width: 460px) 100vw, 460px\" \/><\/a><p id=\"caption-attachment-458129\" class=\"wp-caption-text\">La coordinadora de la Especialidad en Administraci\u00f3n de Empresas Tur\u00edsticas, Mar\u00eda del Consuelo M\u00e9ndez Sosa, detall\u00f3 que esta certificaci\u00f3n internacional, permite a los estudiantes realizar movilidad internacional.<\/p><\/div>\n<p>&nbsp;<\/p>\n<p><strong>Toluca, Estado de M\u00e9xico<\/strong>.\u2013 Por su calidad acad\u00e9mica, la Especialidad en Administraci\u00f3n de Empresas Tur\u00edsticas de la Universidad Aut\u00f3noma del Estado de M\u00e9xico cuenta con la certificaci\u00f3n internacional UNWTO.TedQual de la Organizaci\u00f3n Mundial del Turismo (OMT), aval que tambi\u00e9n tienen las licenciaturas en Turismo y Gastronom\u00eda de la Facultad de Turismo y Gastronom\u00eda.<\/p>\n<p>La coordinadora de dicha especialidad, Mar\u00eda del Consuelo M\u00e9ndez Sosa, detall\u00f3 que esta certificaci\u00f3n internacional, que el programa tiene desde 2017, permite a los estudiantes realizar movilidad internacional a instituciones educativas con reconocimiento de la OMT.<\/p>\n<p>Abund\u00f3 que la integraci\u00f3n de este programa acad\u00e9mico a la red de instituciones educativas que respalda UNWTO.TedQual posibilita una mayor difusi\u00f3n y proyecci\u00f3n de la Aut\u00f3noma mexiquense a nivel internacional.<\/p>\n<p>La especialidad, indic\u00f3, tambi\u00e9n cuenta con el aval del Programa Nacional de Posgrados de Calidad (PNPC) del Consejo Nacional de Ciencia y Tecnolog\u00eda (CONACyT), que permite que los estudiantes desarrollen movilidad empresarial a Rusia, Estados Unidos, Espa\u00f1a, Colombia y Costa Rica, entre otros pa\u00edses.<\/p>\n<p>\u201cTenemos registro de alumnos que aprovecharon oportunidades laborales en otros pa\u00edses luego de realizar una estancia en empresas hoteleras o restauranteras del extranjero\u201d.<\/p>\n<p>La Especialidad en Administraci\u00f3n de Empresas Tur\u00edsticas de la Aut\u00f3noma mexiquense, en la que colabora la Facultad de Contadur\u00eda y Administraci\u00f3n, tiene una duraci\u00f3n de un a\u00f1o y es de car\u00e1cter profesionalizante, lo que implica una ventaja competitiva, pues desde su ingreso, los estudiantes tienen contacto con las empresas tur\u00edsticas o gastron\u00f3micas, a fin de aplicar sus conocimientos.<\/p>\n","protected":false},"excerpt":{"rendered":"<p>Por su calidad acad\u00e9mica, la Especialidad en Administraci\u00f3n de Empresas Tur\u00edsticas de la Universidad Aut\u00f3noma del Estado de M\u00e9xico cuenta con la certificaci\u00f3n internacional UNWTO.TedQual de la Organizaci\u00f3n Mundial del Turismo (OMT), aval que tambi\u00e9n tienen las licenciaturas en Turismo y Gastronom\u00eda de la Facultad de Turismo y Gastronom\u00eda.<\/p>\n","protected":false},"author":3,"featured_media":458129,"comment_status":"open","ping_status":"open","sticky":false,"template":"","format":"standard","meta":{"_monsterinsights_skip_tracking":false,"_monsterinsights_sitenote_active":false,"_monsterinsights_sitenote_note":"","_monsterinsights_sitenote_category":0,"footnotes":""},"categories":[5],"tags":[43675,21663,452,1491],"class_list":["post-458044","post","type-post","status-publish","format-standard","has-post-thumbnail","hentry","category-estado-de-mexico","tag-estado-de-mexico","tag-organizacion-mundial-del-turismo","tag-toluca","tag-uaem"],"_links":{"self":[{"href":"https:\/\/www.diarioimagen.net\/index.php?rest_route=\/wp\/v2\/posts\/458044","targetHints":{"allow":["GET"]}}],"collection":[{"href":"https:\/\/www.diarioimagen.net\/index.php?rest_route=\/wp\/v2\/posts"}],"about":[{"href":"https:\/\/www.diarioimagen.net\/index.php?rest_route=\/wp\/v2\/types\/post"}],"author":[{"embeddable":true,"href":"https:\/\/www.diarioimagen.net\/index.php?rest_route=\/wp\/v2\/users\/3"}],"replies":[{"embeddable":true,"href":"https:\/\/www.diarioimagen.net\/index.php?rest_route=%2Fwp%2Fv2%2Fcomments&post=458044"}],"version-history":[{"count":0,"href":"https:\/\/www.diarioimagen.net\/index.php?rest_route=\/wp\/v2\/posts\/458044\/revisions"}],"wp:featuredmedia":[{"embeddable":true,"href":"https:\/\/www.diarioimagen.net\/index.php?rest_route=\/wp\/v2\/media\/458129"}],"wp:attachment":[{"href":"https:\/\/www.diarioimagen.net\/index.php?rest_route=%2Fwp%2Fv2%2Fmedia&parent=458044"}],"wp:term":[{"taxonomy":"category","embeddable":true,"href":"https:\/\/www.diarioimagen.net\/index.php?rest_route=%2Fwp%2Fv2%2Fcategories&post=458044"},{"taxonomy":"post_tag","embeddable":true,"href":"https:\/\/www.diarioimagen.net\/index.php?rest_route=%2Fwp%2Fv2%2Ftags&post=458044"}],"curies":[{"name":"wp","href":"https:\/\/api.w.org\/{rel}","templated":true}]}}