{"id":458054,"date":"2020-01-30T00:04:09","date_gmt":"2020-01-30T06:04:09","guid":{"rendered":"https:\/\/www.diarioimagen.net\/?p=458054"},"modified":"2020-01-30T06:36:02","modified_gmt":"2020-01-30T12:36:02","slug":"huixquilucan-se-une-al-colectivo-501-por-el-empoderamiento-de-las-mujeres","status":"publish","type":"post","link":"https:\/\/www.diarioimagen.net\/?p=458054","title":{"rendered":"Huixquilucan se une al colectivo 50+1, por el empoderamiento de las mujeres"},"content":{"rendered":"<ul>\n<li><strong><em>Asiste Vargas del Villar a la toma de protesta<\/em><\/strong><\/li>\n<\/ul>\n<p>&nbsp;<\/p>\n<div id=\"attachment_458135\" style=\"width: 470px\" class=\"wp-caption aligncenter\"><a href=\"https:\/\/www.diarioimagen.net\/?attachment_id=458135\" rel=\"attachment wp-att-458135\"><img loading=\"lazy\" decoding=\"async\" aria-describedby=\"caption-attachment-458135\" class=\"size-large wp-image-458135\" src=\"https:\/\/www.diarioimagen.net\/wp-content\/uploads\/2020\/01\/HUIXQUILUCAN-8-460x259.jpg\" alt=\"\" width=\"460\" height=\"259\" srcset=\"https:\/\/www.diarioimagen.net\/wp-content\/uploads\/2020\/01\/HUIXQUILUCAN-8-460x259.jpg 460w, https:\/\/www.diarioimagen.net\/wp-content\/uploads\/2020\/01\/HUIXQUILUCAN-8-240x135.jpg 240w, https:\/\/www.diarioimagen.net\/wp-content\/uploads\/2020\/01\/HUIXQUILUCAN-8-235x132.jpg 235w, https:\/\/www.diarioimagen.net\/wp-content\/uploads\/2020\/01\/HUIXQUILUCAN-8-202x114.jpg 202w, https:\/\/www.diarioimagen.net\/wp-content\/uploads\/2020\/01\/HUIXQUILUCAN-8-350x196.jpg 350w, https:\/\/www.diarioimagen.net\/wp-content\/uploads\/2020\/01\/HUIXQUILUCAN-8-220x123.jpg 220w, https:\/\/www.diarioimagen.net\/wp-content\/uploads\/2020\/01\/HUIXQUILUCAN-8-237x132.jpg 237w, https:\/\/www.diarioimagen.net\/wp-content\/uploads\/2020\/01\/HUIXQUILUCAN-8.jpg 480w\" sizes=\"auto, (max-width: 460px) 100vw, 460px\" \/><\/a><p id=\"caption-attachment-458135\" class=\"wp-caption-text\">El alcalde de Huixquilucan, Enrique Vargas del Villar, asisti\u00f3 a la toma de protesta del Colectivo 50+1 cap\u00edtulo Estado de M\u00e9xico.<\/p><\/div>\n<p>&nbsp;<\/p>\n<p><strong>Huixquilucan, Estado de M\u00e9xico<\/strong>.- \u201cEsta d\u00e9cada que viene es de las mujeres, del empoderamiento de todas ustedes por el bien de nuestro pa\u00eds\u201d, asegur\u00f3 el presidente municipal de Huixquilucan, Enrique Vargas del Villar, durante la toma de protesta del Colectivo 50+1 cap\u00edtulo Estado de M\u00e9xico.<\/p>\n<p>Ante las integrantes de esta agrupaci\u00f3n, Vargas del Villar anunci\u00f3 que presentar\u00e1 al pleno del Cabildo la propuesta de instaurar el 6 de junio como el d\u00eda de la paridad de g\u00e9nero en Huixquilucan.<\/p>\n<p>El Edil reconoci\u00f3 al Colectivo 50+1 por la lucha que ha dado en todo el pa\u00eds, por los derechos de las mujeres, y en el caso de Huixquilucan, enfatiz\u00f3 que su gobierno siempre ha confiado y visto por las mujeres, por ello gran parte de los mandos superiores son mujeres, adem\u00e1s de que se han impulsado programas de apoyo para este importante sector de la poblaci\u00f3n.<\/p>\n<p>Huixquilucan, dijo, es un lugar de oportunidad donde las f\u00e9minas cuentan con pol\u00edticas p\u00fablicas e innovaciones tecnol\u00f3gicas para sentirse seguras, adem\u00e1s de contar con servicios de salud donde son atendidas con calidad y calidez.<\/p>\n<p>Vargas del Villar record\u00f3, que desde su primer a\u00f1o de gesti\u00f3n se ha mantenido como el gobierno mejor calificado del Estado de M\u00e9xico, por lo que se comprometi\u00f3 a seguir trabajando para continuar siendo un referente en la entidad y el pa\u00eds.<\/p>\n<p>Ante las integrantes del Colectivo 50+1 cap\u00edtulo Estado de M\u00e9xico, reconoci\u00f3 el trabajo de la presidenta del Sistema Municipal para el Desarrollo Integral de la Familia, Romina Contreras Carrasco, que ha transformado la vida de miles de mujeres huixquiluquenses.<\/p>\n<p>Por su parte, la diputada Ana Lilia Herrera Anzaldo, luego de tomar protesta como presidenta estatal del Colectivo 50+1, destac\u00f3 el apoyo que el sector femenino tiene en Huixquilucan. \u201cA las mujeres nos gusta aliarnos con hombres congruentes, con hombres que trabajan con seriedad y con compromiso, como lo haz dedicado a este municipio\u201d, asever\u00f3.<\/p>\n<p>En tanto, Mar\u00eda Elena Orantes L\u00f3pez, presidenta nacional de 50+1 resalt\u00f3 la importancia de este colectivo que va m\u00e1s all\u00e1 de colores partidistas, ya que es un grupo de mujeres pol\u00edticas, acad\u00e9micas y especialistas con una amplia experiencia.<\/p>\n<p>Al mismo tiempo, agradeci\u00f3 al Edil de Huixquilucan por formar parte de esta iniciativa. \u201cLe damos las gracias al 1 que conforma este 50, aqu\u00ed en el cap\u00edtulo del Estado de M\u00e9xico, a un gran amigo, compa\u00f1ero de lucha con quien hemos coincidido, que no solo est\u00e1 bien calificado en su municipio, sino tambi\u00e9n en el coraz\u00f3n de quienes tenemos la fortuna de ser sus amigas, gracias Enrique Vargas\u201d, puntualiz\u00f3.<\/p>\n","protected":false},"excerpt":{"rendered":"<p>\u201cEsta d\u00e9cada que viene es de las mujeres, del empoderamiento de todas ustedes por el bien de nuestro pa\u00eds\u201d, asegur\u00f3 el presidente municipal de Huixquilucan, Enrique Vargas del Villar, durante la toma de protesta del Colectivo 50+1 cap\u00edtulo Estado de M\u00e9xico.<\/p>\n","protected":false},"author":3,"featured_media":458135,"comment_status":"open","ping_status":"open","sticky":false,"template":"","format":"standard","meta":{"_monsterinsights_skip_tracking":false,"_monsterinsights_sitenote_active":false,"_monsterinsights_sitenote_note":"","_monsterinsights_sitenote_category":0,"footnotes":""},"categories":[5],"tags":[89804,43675,1097,1921],"class_list":["post-458054","post","type-post","status-publish","format-standard","has-post-thumbnail","hentry","category-estado-de-mexico","tag-empoderameinto","tag-estado-de-mexico","tag-huixquilucan","tag-mujeres"],"_links":{"self":[{"href":"https:\/\/www.diarioimagen.net\/index.php?rest_route=\/wp\/v2\/posts\/458054","targetHints":{"allow":["GET"]}}],"collection":[{"href":"https:\/\/www.diarioimagen.net\/index.php?rest_route=\/wp\/v2\/posts"}],"about":[{"href":"https:\/\/www.diarioimagen.net\/index.php?rest_route=\/wp\/v2\/types\/post"}],"author":[{"embeddable":true,"href":"https:\/\/www.diarioimagen.net\/index.php?rest_route=\/wp\/v2\/users\/3"}],"replies":[{"embeddable":true,"href":"https:\/\/www.diarioimagen.net\/index.php?rest_route=%2Fwp%2Fv2%2Fcomments&post=458054"}],"version-history":[{"count":0,"href":"https:\/\/www.diarioimagen.net\/index.php?rest_route=\/wp\/v2\/posts\/458054\/revisions"}],"wp:featuredmedia":[{"embeddable":true,"href":"https:\/\/www.diarioimagen.net\/index.php?rest_route=\/wp\/v2\/media\/458135"}],"wp:attachment":[{"href":"https:\/\/www.diarioimagen.net\/index.php?rest_route=%2Fwp%2Fv2%2Fmedia&parent=458054"}],"wp:term":[{"taxonomy":"category","embeddable":true,"href":"https:\/\/www.diarioimagen.net\/index.php?rest_route=%2Fwp%2Fv2%2Fcategories&post=458054"},{"taxonomy":"post_tag","embeddable":true,"href":"https:\/\/www.diarioimagen.net\/index.php?rest_route=%2Fwp%2Fv2%2Ftags&post=458054"}],"curies":[{"name":"wp","href":"https:\/\/api.w.org\/{rel}","templated":true}]}}