{"id":458084,"date":"2020-01-30T00:12:58","date_gmt":"2020-01-30T06:12:58","guid":{"rendered":"https:\/\/www.diarioimagen.net\/?p=458084"},"modified":"2020-01-30T07:08:24","modified_gmt":"2020-01-30T13:08:24","slug":"trump-tunde-a-amlo-con-lo-del-muro-pero-lo-apapacha-firmando-el-t-mec","status":"publish","type":"post","link":"https:\/\/www.diarioimagen.net\/?p=458084","title":{"rendered":"Trump tunde a AMLO con lo del muro, pero lo\u00a0apapacha\u00a0firmando el T-MEC"},"content":{"rendered":"<h2>Tras la puerta del poder<\/h2>\n<h5>Roberto Vizca\u00edno<\/h5>\n<p>&nbsp;<\/p>\n<div id=\"attachment_458158\" style=\"width: 470px\" class=\"wp-caption aligncenter\"><a href=\"https:\/\/www.diarioimagen.net\/?attachment_id=458158\" rel=\"attachment wp-att-458158\"><img loading=\"lazy\" decoding=\"async\" aria-describedby=\"caption-attachment-458158\" class=\"size-large wp-image-458158\" src=\"https:\/\/www.diarioimagen.net\/wp-content\/uploads\/2020\/01\/negocio-al-fin-LUIS-XAVIER-460x350.jpg\" alt=\"\" width=\"460\" height=\"350\" srcset=\"https:\/\/www.diarioimagen.net\/wp-content\/uploads\/2020\/01\/negocio-al-fin-LUIS-XAVIER-460x350.jpg 460w, https:\/\/www.diarioimagen.net\/wp-content\/uploads\/2020\/01\/negocio-al-fin-LUIS-XAVIER-240x183.jpg 240w, https:\/\/www.diarioimagen.net\/wp-content\/uploads\/2020\/01\/negocio-al-fin-LUIS-XAVIER-768x585.jpg 768w, https:\/\/www.diarioimagen.net\/wp-content\/uploads\/2020\/01\/negocio-al-fin-LUIS-XAVIER.jpg 1200w\" sizes=\"auto, (max-width: 460px) 100vw, 460px\" \/><\/a><p id=\"caption-attachment-458158\" class=\"wp-caption-text\">\u00a1Negocio al fin..! | Luis Xavier<\/p><\/div>\n<p>&nbsp;<\/p>\n<p><em>P\u00e9game, pero no me dejes<\/em>. \u00bfCu\u00e1ntas veces hemos escuchado esta frase? O aquella otra, esa de:\u00a0<em>usted no se meta, si me pega, es porque me ama<\/em>\u2026<\/p>\n<p>As\u00ed es la muy fruct\u00edfera pero muy insana y muy, muy denigrante relaci\u00f3n entre\u00a0<strong>Andr\u00e9s Manuel L\u00f3pez Obrador<\/strong>\u00a0y\u00a0<strong>Donald Trump<\/strong>.<\/p>\n<p>Y en medio estamos todos los mexicanos, los\u00a0<em>chairos<\/em>\u00a0y \u201cantilopezobradoristas\u201d, todos.\u00a0 Nada qu\u00e9 hacer con este par. Ni para qu\u00e9 recordar lo que dec\u00edan uno y otro no hace mucho sobre la relaci\u00f3n M\u00e9xico-Estados Unidos.<\/p>\n<p>&#8211;\u00a0 <strong>Trump<\/strong>: \u201cvan a pagar el muro\u201d.<\/p>\n<p>&#8211;\u00a0\u00a0<strong>AMLO<\/strong>, le responder\u00e9 todas, no dejar\u00e9 pasar ni uno s\u00f3lo de sus insultos.<\/p>\n<p>Hoy el ganador absoluto es\u00a0<strong>Trump<\/strong>, porque desde que dobleg\u00f3 y someti\u00f3 a\u00a0<strong>L\u00f3pez Obrador\u00a0<\/strong>con lo de imponerle a M\u00e9xico aranceles si no paraba el flujo migratorio de centroamericanos, todo es entre ambos miel y hojuelas.<\/p>\n<p>Ambos se aman. Uno, el de EU, le pega, y el otro, el de M\u00e9xico, le lanza besos y abrazos.<\/p>\n<p>\u201cAunque me cuquen no me voy a pelear con \u00e9l\u201d, se disculpa\u00a0<strong>L\u00f3pez Obrador<\/strong>\u00a0cuantas veces\u00a0<strong>Trump<\/strong>\u00a0agrede, amenaza e injuria a M\u00e9xico. Y la amplia base que lo apoya, le aplaude. \u201cNo hay mejor presidente que este\u201d, afirman sus amlovers. Los mismos que denostaban a\u00a0<strong>Enrique Pe\u00f1a Nieto<\/strong>\u00a0cuando el mismo\u00a0<strong>Trump<\/strong>\u00a0afirmaba que M\u00e9xico pagar\u00eda el muro.<\/p>\n<p>Hoy\u00a0<strong>AMLO<\/strong>\u00a0y su base chaira enmudecen cuando\u00a0<strong>Trump<\/strong>\u00a0afirma que los mexicanos ya estamos pagando el muro de contenci\u00f3n de migrantes centroamericanos a trav\u00e9s del despliegue de la Guardia Nacional.<\/p>\n<p>Ni modo, no miente, es cierto, porque los mexicanos somos los que le pagamos a la Guardia Nacional. Y la Guardia Nacional es en los hechos el muro de contenci\u00f3n de\u00a0<strong>Trump<\/strong>\u00a0contra la migraci\u00f3n centroamericana como lo pact\u00f3\u00a0<strong>L\u00f3pez Obrador<\/strong>\u00a0v\u00eda\u00a0<strong>Marcelo Ebrard<\/strong>.<\/p>\n<p><strong>Trump<\/strong>, como dijo el cl\u00e1sico\u00a0<strong>Paco Ignacio Taibo II,<\/strong>\u00a0se la\u2026 a\u00a0<strong>AMLO<\/strong>. A quien no le queda m\u00e1s que sonre\u00edr y pedir el aplauso\u00a0<em>chairo<\/em>.<\/p>\n<p>Y, bueno, el apapacho de\u00a0<strong>Trump<\/strong>\u00a0vino ayer, despu\u00e9s del\u00a0<em>madrazo<\/em>, cuando el presidente norteamericano firm\u00f3 el documento final del T-MEC en un acto en la Casa Blanca con la asistencia del secretario de Relaciones Exteriores\u00a0<strong>Marcelo Ebrard<\/strong>, no de\u00a0<strong>AMLO<\/strong>, porque ustedes ya saben, el presidente de M\u00e9xico no viaja fuera del pa\u00eds.<\/p>\n<p style=\"text-align: center;\"><strong>\u201cVictoria colosal\u201d<\/strong><\/p>\n<p>La frase es de\u00a0<strong>Trump<\/strong>, quien agreg\u00f3:<\/p>\n<p>\u201cPor fin estamos terminando con la pesadilla del TLCAN\u201d, indic\u00f3.<\/p>\n<p>Y es que, como ac\u00e1\u00a0<strong>L\u00f3pez Obrador<\/strong>, all\u00e1\u00a0<strong>Trump<\/strong>\u00a0prometi\u00f3 a sus votantes que cancelar\u00eda el TLC.<\/p>\n<p>Ese TLC construido y firmado contra la oposici\u00f3n de muchos, entre ellos\u00a0<strong>L\u00f3pez Obrador<\/strong>, en 1994 por los presidentes de M\u00e9xico\u00a0<strong>Carlos Salinas<\/strong>, de EU\u00a0<strong>George Bush<\/strong>\u00a0y el primer ministro de Canad\u00e1\u00a0<strong>Brian Mulron<\/strong>.<\/p>\n<p>Reconocido como el instrumento m\u00e1s neoliberal del mundo en su momento y a lo largo de sus 25 a\u00f1os de vida.<\/p>\n<p><strong>Trump<\/strong>, sonriente, jocoso \u2013como ac\u00e1\u00a0<strong>L\u00f3pez Obrador<\/strong>-, convirti\u00f3 la firma de la extensi\u00f3n del TLC, ahora nombrado T-MEC, pero que en esencia es m\u00e1s de lo mismo en un triunfo personal.<\/p>\n<p>Ni lo cancel\u00f3 ni modific\u00f3 radicalmente. El T-MEC seguir\u00e1 como el instrumento m\u00e1s eficaz de la relaci\u00f3n comercial bilateral entre M\u00e9xico-Canad\u00e1-EU que representa m\u00e1s de 500 mil billones de d\u00f3lares anuales.<\/p>\n<p>\u201cPor primera vez en la historia de Estados Unidos, hemos reemplazado un acuerdo comercial desastroso que recompensaba el <em>outsourcing<\/em> con un acuerdo comercial verdaderamente justo y rec\u00edproco que mantendr\u00e1 empleos, riqueza y crecimiento aqu\u00ed en los Estados Unidos\u201d, resumi\u00f3\u00a0<strong>Trump<\/strong>.<\/p>\n<p>Y agradeci\u00f3 a\u00a0<strong>AMLO<\/strong>\u00a0por su \u201cincre\u00edble amistad\u201d.<\/p>\n<p>Pos como no si todo le cumple.<\/p>\n<p>Ah\u00ed, m\u00e1s sonrientes y felices estuvieron:\u00a0<strong>Marcelo Ebrard <\/strong>junto a\u00a0Jes\u00fas Seade, la titular de Econom\u00eda\u00a0<strong>Graciela M\u00e1rquez<\/strong>; la subsecretaria\u00a0<strong>Luz Mar\u00eda de la Mora y\u00a0<\/strong>la embajadora\u00a0<strong>Martha B\u00e1rcena<\/strong>.<\/p>\n<p><strong>Ebrard\u00a0<\/strong>consider\u00f3 que con esta firma, \u201cla etapa de incertidumbre para nuestra econom\u00eda va concluyendo\u201d.<\/p>\n<p>Nadie por supuesto record\u00f3 que esta negociaci\u00f3n la iniciaron hace 2 a\u00f1os dentro de los peores augurios y amenazas de\u00a0<strong>Trump,\u00a0<\/strong>quien sal\u00eda un d\u00eda y otro tambi\u00e9n, a decir que cancelar\u00eda de inmediato el TLC, el presidente\u00a0<strong>Enrique Pe\u00f1a Nieto<\/strong>\u00a0y sus secretarios de Hacienda y Econom\u00eda,\u00a0<strong>Luis Videgaray<\/strong>\u00a0e\u00a0<strong>Ildefonso Guajardo<\/strong>\u00a0a quienes incluso se lleg\u00f3 a calificar de traidores, porque utilizaron su relaci\u00f3n personal con\u00a0<strong>Kuchner<\/strong>, el esposo de la hija de\u00a0<strong>Trump<\/strong>\u00a0para evitar que el nuevo presidente hiciera una locura.<\/p>\n<p>Ahora falta que Canad\u00e1 termine el tr\u00e1mite para su aprobaci\u00f3n completa.<\/p>\n<p style=\"text-align: center;\"><strong>Va <em>outsourcing<\/em> y reforma judicial<\/strong><\/p>\n<p>Y mientras esto ocurr\u00eda en Washington y en Palacio Nacional, en el Senado la parlamentaria de Morena ratificaba los 17 proyectos legislativos dados a conocer hace 15 d\u00edas por\u00a0<strong>Ricardo Monreal<\/strong>.<\/p>\n<p>Entre ellos dos muy complicados: la reforma del <em>outsourcing<\/em> y la reforma judicial que advierte una fuerte sacudida a la Suprema Corte, al Consejo de la Judicatura y a la red de ministros y magistrados, jueces y sus c\u00edrculos en el pa\u00eds.<\/p>\n<p><strong>Monrea<\/strong>l no desech\u00f3 tampoco entrarle de lleno al tema de la despenalizaci\u00f3n de la marihuana y adelant\u00f3 que lo del <em>outsourcing<\/em> se va a iniciar a tramitar el 12 de febrero cuando se instale la sesi\u00f3n correspondiente de parlamento abierto para escuchar a todos los que quieran expresarse.<\/p>\n<p>Napole\u00f3n G\u00f3mez Urrutia, l\u00edder minero y presidente de la Comisi\u00f3n del Trabajo ser\u00e1 quien presida a su vez los trabajos de ese parlamento abierto.<\/p>\n<p>Al inaugurar la parlamentaria, el coordinador de los senadores de Morena y presidente de la Junta de Coordinaci\u00f3n Pol\u00edtica dio la bienvenida a Higinio Mart\u00ednez, quien se reintegr\u00f3 despu\u00e9s de una breve licencia.<\/p>\n<p>Luego los senadores de Morena se echaron el rollo del secretario de Seguridad, el sonorense reconocido como una de las viudas de\u00a0<strong>Colosio<\/strong>,\u00a0<strong>Alfonso Durazo<\/strong>\u00a0quien repiti\u00f3 que los mexicanos tendr\u00e1n que esperar ahora hasta diciembre para ver un avance en la lucha contra la ola de ejecuciones y la inseguridad en el pa\u00eds.<\/p>\n<p><strong>Durazo<\/strong>\u00a0aprovech\u00f3 para informar que se enviar\u00e1n once iniciativas \u201cpara fortalecer la lucha contra la violencia\u201d.<\/p>\n<p>Conoci\u00e9ndolo,\u00a0<strong>Monreal<\/strong>\u00a0le pidi\u00f3 se\u00f1alar la fecha precisa en que se presentar\u00e1n dichas iniciativas al legislativo para su an\u00e1lisis y tramitaci\u00f3n.<\/p>\n<p>Durazo hizo como la\u00a0<em>virgen le hablaba<\/em>\u00a0y no respondi\u00f3 nada.<\/p>\n<p>Previamente la senadora\u00a0<strong>M\u00f3nica Fern\u00e1ndez<\/strong>, presidenta del Senado abri\u00f3 los trabajos de los senadores de Morena a quienes se sumaron los legisladores del Partido del Trabajo, el desaparecido Encuentro Social y Verde Ecologista.<\/p>\n<p>Durante la plenaria morenista se inform\u00f3 que luego de la instalaci\u00f3n del periodo ordinario prevista para el s\u00e1bado 1 de febrero, la primera sesi\u00f3n del Senado ser\u00e1 el mi\u00e9rcoles 5 a las 16.00 horas, porque los senadores ir\u00e1n primero al acto del 5 de Febrero en Quer\u00e9taro.<\/p>\n<p><em><a href=\"mailto:rvizcainoa@gmail.com\" target=\"_blank\" rel=\"noopener noreferrer\">rvizcainoa@gmail.com<\/a><br \/>\n<u><a href=\"http:\/\/endirecto.mx\" target=\"_blank\" rel=\"noopener noreferrer\">www.endirecto.mx<\/a><br \/>\n<a href=\"https:\/\/twitter.com\/_rvizcaino\" target=\"_blank\" rel=\"noopener noreferrer\">@_RVizcaino<\/a><br \/>\n<a href=\"https:\/\/www.facebook.com\/rvizcainoa\" target=\"_blank\" rel=\"noopener noreferrer\">facebook.com\/rvizcainoa<\/a><\/u><\/em><\/p>\n","protected":false},"excerpt":{"rendered":"<p><span style=\"color: #005497;\"><strong>Roberto Vizca\u00edno<\/strong><\/span><br \/>\n<br \/>\n<em>P\u00e9game, pero no me dejes<\/em>. \u00bfCu\u00e1ntas veces hemos escuchado esta frase? O aquella otra, esa de: <em>usted no se meta, si me pega, es porque me ama<\/em>\u2026<\/p>\n","protected":false},"author":3,"featured_media":458158,"comment_status":"open","ping_status":"open","sticky":false,"template":"","format":"standard","meta":{"_monsterinsights_skip_tracking":false,"_monsterinsights_sitenote_active":false,"_monsterinsights_sitenote_note":"","_monsterinsights_sitenote_category":0,"footnotes":""},"categories":[136],"tags":[43674,93,94],"class_list":["post-458084","post","type-post","status-publish","format-standard","has-post-thumbnail","hentry","category-roberto-vizcaino-opinion","tag-opinion","tag-roberto-vizcaino","tag-tras-la-puerta-del-poder"],"_links":{"self":[{"href":"https:\/\/www.diarioimagen.net\/index.php?rest_route=\/wp\/v2\/posts\/458084","targetHints":{"allow":["GET"]}}],"collection":[{"href":"https:\/\/www.diarioimagen.net\/index.php?rest_route=\/wp\/v2\/posts"}],"about":[{"href":"https:\/\/www.diarioimagen.net\/index.php?rest_route=\/wp\/v2\/types\/post"}],"author":[{"embeddable":true,"href":"https:\/\/www.diarioimagen.net\/index.php?rest_route=\/wp\/v2\/users\/3"}],"replies":[{"embeddable":true,"href":"https:\/\/www.diarioimagen.net\/index.php?rest_route=%2Fwp%2Fv2%2Fcomments&post=458084"}],"version-history":[{"count":0,"href":"https:\/\/www.diarioimagen.net\/index.php?rest_route=\/wp\/v2\/posts\/458084\/revisions"}],"wp:featuredmedia":[{"embeddable":true,"href":"https:\/\/www.diarioimagen.net\/index.php?rest_route=\/wp\/v2\/media\/458158"}],"wp:attachment":[{"href":"https:\/\/www.diarioimagen.net\/index.php?rest_route=%2Fwp%2Fv2%2Fmedia&parent=458084"}],"wp:term":[{"taxonomy":"category","embeddable":true,"href":"https:\/\/www.diarioimagen.net\/index.php?rest_route=%2Fwp%2Fv2%2Fcategories&post=458084"},{"taxonomy":"post_tag","embeddable":true,"href":"https:\/\/www.diarioimagen.net\/index.php?rest_route=%2Fwp%2Fv2%2Ftags&post=458084"}],"curies":[{"name":"wp","href":"https:\/\/api.w.org\/{rel}","templated":true}]}}