{"id":458201,"date":"2020-01-31T00:05:47","date_gmt":"2020-01-31T06:05:47","guid":{"rendered":"https:\/\/www.diarioimagen.net\/?p=458201"},"modified":"2020-06-29T23:40:11","modified_gmt":"2020-06-30T04:40:11","slug":"viene-la-caravana-del-diablo-con-mas-de-5-mil-centroamericanos","status":"publish","type":"post","link":"https:\/\/www.diarioimagen.net\/?p=458201","title":{"rendered":"Viene la \u201ccaravana del diablo\u201d con m\u00e1s de 5 mil centroamericanos"},"content":{"rendered":"<ul>\n<li><strong><em>Descartan enviar m\u00e1s militares a la frontera sur<\/em><\/strong><\/li>\n<\/ul>\n<p>&nbsp;<\/p>\n<div id=\"attachment_458282\" style=\"width: 470px\" class=\"wp-caption aligncenter\"><a href=\"https:\/\/www.diarioimagen.net\/?attachment_id=458282\" rel=\"attachment wp-att-458282\"><img loading=\"lazy\" decoding=\"async\" aria-describedby=\"caption-attachment-458282\" class=\"size-large wp-image-458282\" src=\"https:\/\/www.diarioimagen.net\/wp-content\/uploads\/2020\/01\/GUARDIA31a-OK-460x259.jpg\" alt=\"\" width=\"460\" height=\"259\" srcset=\"https:\/\/www.diarioimagen.net\/wp-content\/uploads\/2020\/01\/GUARDIA31a-OK-460x259.jpg 460w, https:\/\/www.diarioimagen.net\/wp-content\/uploads\/2020\/01\/GUARDIA31a-OK-240x135.jpg 240w, https:\/\/www.diarioimagen.net\/wp-content\/uploads\/2020\/01\/GUARDIA31a-OK-235x132.jpg 235w, https:\/\/www.diarioimagen.net\/wp-content\/uploads\/2020\/01\/GUARDIA31a-OK-202x114.jpg 202w, https:\/\/www.diarioimagen.net\/wp-content\/uploads\/2020\/01\/GUARDIA31a-OK-350x196.jpg 350w, https:\/\/www.diarioimagen.net\/wp-content\/uploads\/2020\/01\/GUARDIA31a-OK-220x123.jpg 220w, https:\/\/www.diarioimagen.net\/wp-content\/uploads\/2020\/01\/GUARDIA31a-OK-237x132.jpg 237w, https:\/\/www.diarioimagen.net\/wp-content\/uploads\/2020\/01\/GUARDIA31a-OK.jpg 480w\" sizes=\"auto, (max-width: 460px) 100vw, 460px\" \/><\/a><p id=\"caption-attachment-458282\" class=\"wp-caption-text\">Pese a las pocas posibilidades de poder ingresar a territorio mexicano, miles de centroamericanos de la \u201ccarvana del diablo\u201d se concentran en la frontera de Guatemala con M\u00e9xico.<\/p><\/div>\n<p>&nbsp;<\/p>\n<p>El secretario de Seguridad federal, Alfonso Durazo, rechaz\u00f3 que se vaya a incrementar el n\u00famero de elementos de la Guardia Nacional en la frontera sur ante el arribo de la llamada \u201ccaravana del diablo\u201d, integrada por m\u00e1s de 5 mil personas.<\/p>\n<p>En conferencia de prensa, realizada al t\u00e9rmino de su participaci\u00f3n en la Reuni\u00f3n Plenaria de los diputados de Morena, Durazo Monta\u00f1o exhort\u00f3 a la ciudadan\u00eda de otras naciones que tengan programados viajes a M\u00e9xico a no caer en la convocatoria.<\/p>\n<p>\u201cNo podemos ser ingenuos en el \u00e1mbito de la migraci\u00f3n, estimamos que m\u00e1s del 80 por ciento de los movilizados en tema migratorio est\u00e1n vinculados al tr\u00e1fico de personas\u201d, dijo el titular de la Secretar\u00eda de Seguridad y Protecci\u00f3n Ciudadana (SSPC).Agreg\u00f3 que los interesados en venir a M\u00e9xico ser\u00e1n invariablemente recibidos con respeto, pero tambi\u00e9n \u201ctenemos la responsabilidad de regular y ordenar los flujos migratorios, consecuentemente habremos de cumplir la responsabilidad como funcionarios del Estado Mexicano de regular y ordenar ese paso por el pa\u00eds\u201d.<\/p>\n<p>El funcionario federal expuso que la Guardia Nacional (GN) tiene la responsabilidad de coadyuvar con el Instituto Nacional de Migraci\u00f3n (INM) para ordenar los flujos migratorios y eso es lo que se hace en las fronteras norte y sur.<\/p>\n<p>\u201cPero tambi\u00e9n no podemos desestimar que una parte importante, mejor dicho que los flujos migratorios tienen una incidencia importante en la seguridad, porque una parte importante, estimamos el 80 por ciento de esa movilizaci\u00f3n, est\u00e1 motivada por personas asociada al tr\u00e1fico de personas\u201d, coment\u00f3.<\/p>\n<p>Durazo rechaz\u00f3 que elementos de la GN hayan sido movido de sus tareas de seguridad para cubrir las fronteras. \u201cLa Guardia tiene un despliegue permanente, hemos dividido el pa\u00eds en 150 regiones, hay una asignaci\u00f3n determinada para cada una de esas regiones en funci\u00f3n de la incidencia criminal, de la poblaci\u00f3n, extensi\u00f3n geogr\u00e1fica y de otras consideraciones de esa naturaleza\u201d.<\/p>\n<p style=\"text-align: center;\"><strong>Estar\u00eda integrada por <\/strong><strong>m\u00e1s de 5 mil personas<\/strong><\/p>\n<p>La llamada \u2018Caravana del diablo\u2019 que se prev\u00e9 llegu\u00e9 a la frontera sur de M\u00e9xico este viernes estar\u00eda compuesta de entre 5 mil u 8 mil migrantes, dijo Luis Villagr\u00e1n, activista y defensor de derechos de humanos; a la vez que asegur\u00f3 que las estaciones migratorias son c\u00e1rceles en donde se recluye a las personas que ingresan al pa\u00eds y buscan llegar a Estados Unidos.<\/p>\n<p>El activista lament\u00f3 la estrategia del INM para la contenci\u00f3n del flujo migratorio en la frontera sur, asegurando que es violatoria de los derechos humanos.<\/p>\n<p>De acuerdo con algunos medios informativos de ese pa\u00eds, el nuevo grupo lo est\u00e1n organizando hondure\u00f1os que fueron deportados recientemente por el INM.<\/p>\n<p>Hace m\u00e1s de una semana m\u00e1s de 2 mil hondure\u00f1os que formaban parte de la caravana de migrantes que parti\u00f3 rumbo Estados Unidos la semana pasada fueron retornados a su pa\u00eds desde la frontera de M\u00e9xico por no contar con la documentaci\u00f3n necesaria para cruzarla.<\/p>\n<p style=\"text-align: center;\"><strong>Visitas a estaciones migratorias<\/strong><\/p>\n<p>Por otra parte, el mi\u00e9rcoles el titular del INM, Francisco Gardu\u00f1o, inform\u00f3 que, a partir del 1 de febrero, las asociaciones religiosas y organizaciones de la sociedad civil podr\u00e1n ingresar a las estaciones migratorias y estancias provisionales en el pa\u00eds, con base en la reprogramaci\u00f3n de citas notificadas a cada organismo.<\/p>\n<p>\u201cEl INM refrenda su compromiso con una pol\u00edtica migratoria sustentada en el respeto pleno a los derechos humanos y transparencia, as\u00ed como con una visi\u00f3n humanista y de colaboraci\u00f3n con instancias nacionales e internacionales para garantizar una atenci\u00f3n digna a favor de las personas migrantes\u201d, dijo la dependencia a trav\u00e9s de un comunicado.<\/p>\n","protected":false},"excerpt":{"rendered":"<p>El secretario de Seguridad federal, Alfonso Durazo, rechaz\u00f3 que se vaya a incrementar el n\u00famero de elementos de la Guardia Nacional en la frontera sur ante el arribo de la llamada \u201ccaravana del diablo\u201d, integrada por m\u00e1s de 5 mil personas.<\/p>\n","protected":false},"author":3,"featured_media":458282,"comment_status":"open","ping_status":"open","sticky":false,"template":"","format":"standard","meta":{"_monsterinsights_skip_tracking":false,"_monsterinsights_sitenote_active":false,"_monsterinsights_sitenote_note":"","_monsterinsights_sitenote_category":0,"footnotes":""},"categories":[3],"tags":[89821,79477,4160,43679],"class_list":["post-458201","post","type-post","status-publish","format-standard","has-post-thumbnail","hentry","category-nacional","tag-caravana-del-diablo","tag-centroamericanos","tag-guardia-nacional","tag-mundo"],"_links":{"self":[{"href":"https:\/\/www.diarioimagen.net\/index.php?rest_route=\/wp\/v2\/posts\/458201","targetHints":{"allow":["GET"]}}],"collection":[{"href":"https:\/\/www.diarioimagen.net\/index.php?rest_route=\/wp\/v2\/posts"}],"about":[{"href":"https:\/\/www.diarioimagen.net\/index.php?rest_route=\/wp\/v2\/types\/post"}],"author":[{"embeddable":true,"href":"https:\/\/www.diarioimagen.net\/index.php?rest_route=\/wp\/v2\/users\/3"}],"replies":[{"embeddable":true,"href":"https:\/\/www.diarioimagen.net\/index.php?rest_route=%2Fwp%2Fv2%2Fcomments&post=458201"}],"version-history":[{"count":0,"href":"https:\/\/www.diarioimagen.net\/index.php?rest_route=\/wp\/v2\/posts\/458201\/revisions"}],"wp:featuredmedia":[{"embeddable":true,"href":"https:\/\/www.diarioimagen.net\/index.php?rest_route=\/wp\/v2\/media\/458282"}],"wp:attachment":[{"href":"https:\/\/www.diarioimagen.net\/index.php?rest_route=%2Fwp%2Fv2%2Fmedia&parent=458201"}],"wp:term":[{"taxonomy":"category","embeddable":true,"href":"https:\/\/www.diarioimagen.net\/index.php?rest_route=%2Fwp%2Fv2%2Fcategories&post=458201"},{"taxonomy":"post_tag","embeddable":true,"href":"https:\/\/www.diarioimagen.net\/index.php?rest_route=%2Fwp%2Fv2%2Ftags&post=458201"}],"curies":[{"name":"wp","href":"https:\/\/api.w.org\/{rel}","templated":true}]}}