{"id":458246,"date":"2020-01-31T00:02:07","date_gmt":"2020-01-31T06:02:07","guid":{"rendered":"https:\/\/www.diarioimagen.net\/?p=458246"},"modified":"2020-02-02T22:28:28","modified_gmt":"2020-02-03T04:28:28","slug":"lopez-obrador-y-sheinbaum-descubren-el-hilo-negro","status":"publish","type":"post","link":"https:\/\/www.diarioimagen.net\/?p=458246","title":{"rendered":"L\u00f3pez Obrador y Sheinbaum, \u201cdescubren el hilo negro\u201d"},"content":{"rendered":"<h2>La Retaguardia<\/h2>\n<h5>Adriana Moreno Cordero<\/h5>\n<p>&nbsp;<\/p>\n<ul>\n<li><em><strong>Amenaza a industria de alimentos y bebidas no alcoh\u00f3licas por reformas a Ley General de Salud<\/strong> <\/em><\/li>\n<\/ul>\n<p>&nbsp;<\/p>\n<p>Pues esta semana cerr\u00f3 y nos pudimos percatar que tanto el presidente <strong>Andr\u00e9s Manuel L\u00f3pez Obrador<\/strong>, como la jefa de gobierno de la Ciudad de M\u00e9xico, <strong>Claudia Sheinbaum<\/strong>, \u201cdescubrieron\u201d el hilo negro, esto respecto a la fuga de tres reos de alta peligrosidad que hace dos d\u00edas, escaparon del Reclusorio Sur. Resulta que ambos, en diferentes conferencias de prensa, coincidieron que para que pudieran escapar, -ojo, tuvo que haber complicidad de los custodios y obviamente, mucho dinero de por medio.<\/p>\n<p>Si no lo dicen, la sociedad ni se hubiera enterado de esta sesuda conclusi\u00f3n. Lo que extra\u00f1a, es que tanto uno como otra, dicen a voz en cuello que esta llamada cuarta transformaci\u00f3n ya acab\u00f3 con la corrupci\u00f3n, y \u00bfentonces, qu\u00e9 pas\u00f3?, \u00bfpor qu\u00e9 se dieron cuenta de la fuga de estos tres sujetos casi tres horas despu\u00e9s?<\/p>\n<p>Eso s\u00ed, hay que reconocer el tono contundente y enf\u00e1tico que utiliz\u00f3 la se\u00f1ora Sheinbaum al pronunciar una frase que por cierto, proviene del pasado, de las \u00e9pocas neoliberales, de los adversarios del jefe del Ejecutivo: \u201cllegaremos hasta las \u00faltimas consecuencias\u201d. A lo mejor su jefe le da un buen jal\u00f3n de orejas a la jefe de Gobierno de la CDMX por andar utilizando recursos propios de sus enemigos.<\/p>\n<p>Pero, \u00bfen realidad podr\u00e1 Sheinbaum, su flamante secretaria de Gobierno, <strong>Rosa Icela Rodr\u00edguez<\/strong> y la no menos flamante Fiscal de la CDMX, <strong>Ernestina Godoy<\/strong> llegar hasta el fondo en torno a este delicado expediente? Y se precisa esto no por el hecho de que sean mujeres, sino porque hay varias \u201cpiedritas\u201d que se les atraviesan en el camino, por ejemplo, Rosa Icela Rodr\u00edguez se quej\u00f3 de que han pedido en reiteradas ocasiones a la instancia federal que los reos de alta peligrosidad no est\u00e9n en los Reclusorios y de plano, nadie le hace caso.<\/p>\n<p>Por su parte, el secretario de Seguridad y Protecci\u00f3n Ciudadana, <strong>Alfonso Durazo<\/strong>, adelant\u00f3 que se apoya a autoridades capitalinas para dar con el paradero de los fugados, en materia de inteligencia y colaboraci\u00f3n de la Guardia Nacional.<\/p>\n<p>Sin embargo, retomando las \u201cpiedritas\u201d con las que se pueden topar Sheinbaum, Rodr\u00edguez y Godoy, pues ah\u00ed est\u00e1 lo que se consign\u00f3 en este espacio en anterior entrega: ahora que est\u00e1 siendo sujeto de investigaci\u00f3n el juez <strong>Felipe de Jes\u00fas Delgadillo Padierna<\/strong>, famoso por haber llevado el caso de la extitular de la Sedatu, <strong>Rosario Robles<\/strong> y haberles abierto la puerta a alrededor de 27 integrantes del cartel La Uni\u00f3n Tepito, \u00bfqui\u00e9n lo podr\u00e1 proteger?, \u00bfes una casualidad que lo hayan retirado del caso Robles un par de d\u00edas antes de esta fuga?<\/p>\n<p style=\"text-align: center;\"><strong>Municiones<\/strong><\/p>\n<p>*** Contin\u00faa la amenaza para la industria de los alimentos y bebidas no alcoh\u00f3licas por las nuevas reformas a la Ley General de Salud, que impulsan las secretar\u00edas de Salud, Econom\u00eda, as\u00ed como por la Cofepris y algunas organizaciones civiles. A d\u00edas de aprobarse el nuevo reglamento que normar\u00e1 dichos cambios en la Ley que, entre otras modificaciones, se establecer\u00e1 el etiquetado frontal en alimentos y bebidas no alcoh\u00f3licas pre-envasadas. Esta nueva regulaci\u00f3n ha generado gran preocupaci\u00f3n en el sector empresarial, pues adem\u00e1s de ser confusa y pol\u00e9mica, resulta excesiva con cargos econ\u00f3micos y de imagen para los industriales, sin que garantice que la poblaci\u00f3n dejar\u00e1 de consumir calor\u00edas, grasas y sal en exceso, por el simple hecho de presentar un nuevo etiquetado. Las autoridades federales y organismos a favor de estas arcaicas medidas deben tomar en cuenta el llamado que se hace desde Palacio Nacional, respecto a que es m\u00e1s importante una campa\u00f1a de orientaci\u00f3n, que un etiquetado frontal as\u00ed como tambi\u00e9n no hacer \u201co\u00eddos sordos\u201d al grito de auxilio de la industria que est\u00e1 amenazada con la p\u00e9rdida de miles empleos. Por lo pronto, tanto el Consejo Coordinador Empresarial (CCE) como la Comisi\u00f3n Federal de Competencia (Cofece), han alzado la voz para que las nuevas disposiciones que amenazan entrar en vigor en los pr\u00f3ximos d\u00edas, generen mejores condiciones en beneficio de la salud de millones de mexicanos y no sea una nueva \u201cmetida de pata\u201d, contra la inversi\u00f3n y la competencia en M\u00e9xico. En tiempos del T-MEC, estamos justo a tiempo para no poner en riesgo a una industria, por cierto de las m\u00e1s din\u00e1micas para el desarrollo econ\u00f3mico del pa\u00eds.<\/p>\n<p>*** Si el rechazo del gabinete cuartotransformista, en espec\u00edfico de la secretaria de Gobernaci\u00f3n, <strong>Olga S\u00e1nchez Cordero<\/strong>, y del secretario de Seguridad, <strong>Alfonso Durazo<\/strong>, pusieron en entredicho el paquete de reformas judiciales que el fiscal <strong>Alejandro Gertz Manero<\/strong> quiere impulsar en el pr\u00f3ximo periodo de sesiones del Congreso, las declaraciones que el presidente L\u00f3pez Obrador dio esta semana en su conferencia ma\u00f1anera pr\u00e1cticamente lo dejaron en la congeladora. Las intenciones de regresar la legislaci\u00f3n en la materia a pr\u00e1cticas del pasado y que ser\u00edan violatorias de los Derechos Humanos no solo generaron el rechazo del mandatario nacional, sino que varios funcionarios interpretaron los dichos del Ejecutivo como un acto de desconocimiento total al titular de la Fiscal\u00eda.<\/p>\n<p>*** La Suprema Corte de Justicia de la Naci\u00f3n inform\u00f3 que dej\u00f3 sin efecto un recurso de reclamaci\u00f3n presentado por el senador <strong>Napole\u00f3n G\u00f3mez Urrutia<\/strong>, para que se desconociera la existencia del Sindicato Nacional Democr\u00e1tico Minero, que agrupa a 14 mil trabajadores. Fuentes del sector judicial revelaron que G\u00f3mez Urrutia hab\u00eda promovido un recurso legal para echar por tierra el amparo que concedi\u00f3 el Tercer Tribunal Colegiado de Distrito en Materia Laboral al Sindicato Nacional Democr\u00e1tico Minero, que busc\u00f3 la protecci\u00f3n de la justicia en contra de las acciones de G\u00f3mez Urrutia para que s\u00f3lo su sindicato tuviera reconocimiento jur\u00eddico. Expusieron que se encuentran en curso amparos promovidos por representantes de otros sindicatos mineros para enfrentar las acciones legales de G\u00f3mez Urrutia en contra de agrupaciones de ese ramo industrial. Indicaron que el laudo de la Corte define la validez del amparo promovido ante el tribunal mencionado por <strong>Ismael Leija Escalante<\/strong>, l\u00edder del Sindicato Nacional<\/p>\n<p>*** Al reunirse con la fracci\u00f3n del PRI en la C\u00e1mara de Diputados, en el marco de su plenaria, el dirigente de ese partido, <strong>Alejandro Moreno C\u00e1rdenas<\/strong>, dijo que: \u201cYa basta de que nuestros adversarios se quieran escudar en el PRI. No podemos permitir que digan que el PRI est\u00e1 ligado a la corrupci\u00f3n. Las instituciones no cometen los actos de corrupci\u00f3n, la cometen los individuos, priistas, morenistas, panistas o de cualquier partido pol\u00edtico\u2026 Pero el PRI no va a ser abogado de nadie, ni va a defender a nadie que cometa un delito y que enfrente la justicia\u201d, \u00bfde ver\u00e1s, en serio?<\/p>\n<p><a href=\"mailto:morcora@gmail.com\" target=\"_blank\" rel=\"noopener noreferrer\"><em>morcora@gmail.com<\/em><\/a><\/p>\n","protected":false},"excerpt":{"rendered":"<p><span style=\"color: #005497;\"><strong>Adriana Moreno Cordero<\/strong><\/span><\/p>\n","protected":false},"author":3,"featured_media":0,"comment_status":"open","ping_status":"open","sticky":false,"template":"","format":"standard","meta":{"_monsterinsights_skip_tracking":false,"_monsterinsights_sitenote_active":false,"_monsterinsights_sitenote_note":"","_monsterinsights_sitenote_category":0,"footnotes":""},"categories":[69370],"tags":[69369,43674],"class_list":["post-458246","post","type-post","status-publish","format-standard","hentry","category-adriana-moreno-cordero","tag-adriana-moreno-cordero","tag-opinion"],"_links":{"self":[{"href":"https:\/\/www.diarioimagen.net\/index.php?rest_route=\/wp\/v2\/posts\/458246","targetHints":{"allow":["GET"]}}],"collection":[{"href":"https:\/\/www.diarioimagen.net\/index.php?rest_route=\/wp\/v2\/posts"}],"about":[{"href":"https:\/\/www.diarioimagen.net\/index.php?rest_route=\/wp\/v2\/types\/post"}],"author":[{"embeddable":true,"href":"https:\/\/www.diarioimagen.net\/index.php?rest_route=\/wp\/v2\/users\/3"}],"replies":[{"embeddable":true,"href":"https:\/\/www.diarioimagen.net\/index.php?rest_route=%2Fwp%2Fv2%2Fcomments&post=458246"}],"version-history":[{"count":0,"href":"https:\/\/www.diarioimagen.net\/index.php?rest_route=\/wp\/v2\/posts\/458246\/revisions"}],"wp:attachment":[{"href":"https:\/\/www.diarioimagen.net\/index.php?rest_route=%2Fwp%2Fv2%2Fmedia&parent=458246"}],"wp:term":[{"taxonomy":"category","embeddable":true,"href":"https:\/\/www.diarioimagen.net\/index.php?rest_route=%2Fwp%2Fv2%2Fcategories&post=458246"},{"taxonomy":"post_tag","embeddable":true,"href":"https:\/\/www.diarioimagen.net\/index.php?rest_route=%2Fwp%2Fv2%2Ftags&post=458246"}],"curies":[{"name":"wp","href":"https:\/\/api.w.org\/{rel}","templated":true}]}}