{"id":458262,"date":"2020-01-31T00:04:42","date_gmt":"2020-01-31T06:04:42","guid":{"rendered":"https:\/\/www.diarioimagen.net\/?p=458262"},"modified":"2020-01-31T00:25:51","modified_gmt":"2020-01-31T06:25:51","slug":"las-carceles-abandonadas","status":"publish","type":"post","link":"https:\/\/www.diarioimagen.net\/?p=458262","title":{"rendered":"Las c\u00e1rceles, \u00bfabandonadas?"},"content":{"rendered":"<h2>Punto por punto<\/h2>\n<h5>Augusto Corro<\/h5>\n<p>&nbsp;<\/p>\n<p>Pues s\u00ed. Parece que ninguna autoridad tiene inter\u00e9s en atender la seguridad en las prisiones mexicanas. Los internos ya saben que ellos son quienes gobiernan en las c\u00e1rceles.<\/p>\n<p>La rehabilitaci\u00f3n de los presos es ut\u00f3pico. Son los poderosos econ\u00f3micamente quienes controlan los penales. De la corrupci\u00f3n en esos sitios todo mundo sabe, pero ninguna autoridad la combate.<\/p>\n<p>A esos problemas se debe a\u00f1adir la sobrepoblaci\u00f3n en los reclusorios en casi todo el pa\u00eds. El ambiente carcelario solo beneficia a los reos que tienen recursos para sobornar a las autoridades, con el prop\u00f3sito de vivir como reyes.<\/p>\n<p>La vida de algunos presos es casi igual, o mejor, que personas que viven en libertad. Ah\u00ed est\u00e1n por ejemplo las celdas para gente muy importante (VIP) con equipo de telefon\u00eda digital, televisi\u00f3n, camas c\u00f3modas, etc.<\/p>\n<p>Como se dice coloquialmente, los reos se la pasan tranquila. Les funciona su trabajo de extorsionadores desde la prisi\u00f3n. En el interior realizan toda clase de delitos, que incluyen la venta de drogas.<\/p>\n<p>Solo cuando ocurre una tragedia may\u00fascula o se fugan delincuentes conocidos es cuando las personas se acuerdan de esas escuelas del crimen que hacen las veces de penales.<\/p>\n<p>Cabe se\u00f1alar que las pugnas entre los internos arrojan masacres que luego se olvidan. A pesar del n\u00famero de delitos que se cometen en las c\u00e1rceles, se podr\u00eda apostar a que poco o nada cambiar\u00e1 la vida interna de las prisiones.<\/p>\n<p>Si usted amable lector quiere confirmar lo que se\u00f1alamos l\u00edneas arriba, \u00fanicamente basta con que lea los peri\u00f3dicos que consignan tales hechos. Hoy tratamos el tema porque tres integrantes del C\u00e1rtel de Sinaloa se fugaron del Reclusorio Sur de la Ciudad de M\u00e9xico, el mi\u00e9rcoles en la madrugada.<\/p>\n<p>Ellos son V\u00edctor Manuel F\u00e9lix Beltr\u00e1n (a) El Vic, operador financiero de los hijos de Joaqu\u00edn El Chapo Guzm\u00e1n; Luis Fernando Gonz\u00e1lez Meza, y Yael Osuna Navarro, todos con \u00f3rdenes de extradici\u00f3n a Estados Unidos.<\/p>\n<p>Se trat\u00f3 de una fuga perfecta sin derramamiento de sangre. Los reos que escaparon contaron con la ayuda de propios y extra\u00f1os. Participaron los custodios, funcionarios y cuantas personas que usted, amable lector,\u00a0 se imagine.<\/p>\n<p>Para abandonar la prisi\u00f3n, los tres narcos tuvieron que atravesar por cinco rejas, que, supuestamente, ten\u00edan candados muy seguros. Treparon a una camioneta oficial y as\u00ed salieron del reclusorio.<\/p>\n<p>\u00bfQu\u00e9 sigue? Por el momento la ola de declaraciones de las autoridades en el sentido de que ya se hacen las investigaciones para determinar qu\u00e9 fue lo que realmente ocurri\u00f3 en el penal y quienes ayudaron a los reos a escapar.<\/p>\n<p>Tras la investigaci\u00f3n, los responsables ser\u00e1n juzgados y castigados. Fin de la historia. Los fugados se ir\u00e1n a Sinaloa a festejar su libertad, con el beneficio de que no ser\u00e1n extraditados a Estados Unidos.<\/p>\n<p>Por otra parte habr\u00e1 una discusi\u00f3n para que se determine \u00e9l porque de la reclusi\u00f3n de delincuentes de alta peligrosidad en penales de nula o mediada seguridad, en lugar de las c\u00e1rceles de mayor vigilancia.<\/p>\n<p>Lo que s\u00ed queda claro de la fuga de los narcos, es que en ninguna prisi\u00f3n mexicana se puede evitar las fugas. Un maestro del escape de penales es Joaqu\u00edn El Chapo Guzm\u00e1n, quien huy\u00f3 de la prisi\u00f3n de Puente Grande (Puerta Grande); Jalisco; as\u00ed como de \u201cEl Altiplano\u201d, en el Estado de M\u00e9xico.<\/p>\n<p>Seg\u00fan las estad\u00edsticas, del 1 de enero al 31 de octubre pasado se registraron mil veintinueve incidentes como\u00a0 homicidios, suicidios, ri\u00f1as, motines, des\u00f3rdenes y abusos en las prisiones mexicanas. Ocurrieron 902 en los llamados elegantemente Centros de Readaptaci\u00f3n Social (Ceresos) y 127 en Centros Federales de Readaptaci\u00f3n Social (Ceferesos).<\/p>\n<p>Los hechos que predominaron fueron las ri\u00f1as, con 482 en los ceresos y 124 en los ceferesos; los abusos, con 196 solo\u00a0 en los ceresos; y en el tercer sitio los des\u00f3rdenes, con 92 en ceresos y 2 en ceferesos.<\/p>\n<p>Uno de los eventos m\u00e1s tr\u00e1gicos fue el registrado el 10 de febrero de 2016: 49 internos perecieron en el penal de Topo Chico, ubicado en Nuevo Le\u00f3n.<\/p>\n<p>El 1 del presente a\u00f1o se inform\u00f3 de una ri\u00f1a en el penal de Cieneguillas, en Zacatecas, en la que perdieron la vida 16 reos.<\/p>\n<p>Desafortunadamente nadie puede decir que no volver\u00e1n a registrarse fuga de internos en los penales mexicanos y que ya se terminaron las acciones penales en esos centros de reclusi\u00f3n, ahora verdaderas escuelas del crimen.<\/p>\n<p style=\"text-align: right;\"><strong><em>Feliz fin de semana.<\/em><\/strong><\/p>\n<p><span class=\"Apple-converted-space\"><em><u><a href=\"mailto:aco2742@hotmail.com\" target=\"_blank\" rel=\"noopener noreferrer\">aco2742@hotmail.com<\/a><\/u><\/em><\/span><\/p>\n","protected":false},"excerpt":{"rendered":"<p><span style=\"color: #005497;\"><strong>Augusto Corro<\/strong><\/span><\/p>\n","protected":false},"author":3,"featured_media":0,"comment_status":"open","ping_status":"open","sticky":false,"template":"","format":"standard","meta":{"_monsterinsights_skip_tracking":false,"_monsterinsights_sitenote_active":false,"_monsterinsights_sitenote_note":"","_monsterinsights_sitenote_category":0,"footnotes":""},"categories":[157],"tags":[43686,43674,11515],"class_list":["post-458262","post","type-post","status-publish","format-standard","hentry","category-augusto-corro","tag-augusto-corro","tag-opinion","tag-punto-por-punto"],"_links":{"self":[{"href":"https:\/\/www.diarioimagen.net\/index.php?rest_route=\/wp\/v2\/posts\/458262","targetHints":{"allow":["GET"]}}],"collection":[{"href":"https:\/\/www.diarioimagen.net\/index.php?rest_route=\/wp\/v2\/posts"}],"about":[{"href":"https:\/\/www.diarioimagen.net\/index.php?rest_route=\/wp\/v2\/types\/post"}],"author":[{"embeddable":true,"href":"https:\/\/www.diarioimagen.net\/index.php?rest_route=\/wp\/v2\/users\/3"}],"replies":[{"embeddable":true,"href":"https:\/\/www.diarioimagen.net\/index.php?rest_route=%2Fwp%2Fv2%2Fcomments&post=458262"}],"version-history":[{"count":0,"href":"https:\/\/www.diarioimagen.net\/index.php?rest_route=\/wp\/v2\/posts\/458262\/revisions"}],"wp:attachment":[{"href":"https:\/\/www.diarioimagen.net\/index.php?rest_route=%2Fwp%2Fv2%2Fmedia&parent=458262"}],"wp:term":[{"taxonomy":"category","embeddable":true,"href":"https:\/\/www.diarioimagen.net\/index.php?rest_route=%2Fwp%2Fv2%2Fcategories&post=458262"},{"taxonomy":"post_tag","embeddable":true,"href":"https:\/\/www.diarioimagen.net\/index.php?rest_route=%2Fwp%2Fv2%2Ftags&post=458262"}],"curies":[{"name":"wp","href":"https:\/\/api.w.org\/{rel}","templated":true}]}}