{"id":458263,"date":"2020-01-31T00:03:56","date_gmt":"2020-01-31T06:03:56","guid":{"rendered":"https:\/\/www.diarioimagen.net\/?p=458263"},"modified":"2020-01-31T00:27:50","modified_gmt":"2020-01-31T06:27:50","slug":"amlo-va-tras-el-ine","status":"publish","type":"post","link":"https:\/\/www.diarioimagen.net\/?p=458263","title":{"rendered":"AMLO va tras el INE"},"content":{"rendered":"<h2>Espacio Electoral<\/h2>\n<h5>Eleazar Flores<\/h5>\n<p>&nbsp;<\/p>\n<p><strong>LLEGAR\u00c1N MORENISTAS<\/strong>-. Este mismo a\u00f1o el Instituto Nacional Electoral, INE, cambiar\u00e1 a cuatro de sus once consejeros, por lo que desde ahora se mueven en forma soterrada los aliados al Movimiento de Regeneraci\u00f3n Nacional para ocupar esas vacantes que en meses estar\u00e1n libres.<\/p>\n<p>La recomendaci\u00f3n que dio ayer la secretaria de Gobernaci\u00f3n, Olga S\u00e1nchez Cordero, en su visita a la C\u00e1mara Baja en el sentido de que la elecci\u00f3n \u201cno es asunto de partido sino de estado\u201d, lleva como destinataria a la bancada mayoritaria de Morena y sus aliados, diputados del PT, del PVEM y del desaparecido PES, que ojal\u00e1 entienda esta que parecer\u00eda ser una instrucci\u00f3n.<\/p>\n<p><strong>ERAN SIETE<\/strong>-.Hasta la existencia del Instituto Federal Electoral, IFE, en el Consejo General solamente hab\u00eda siete consejeros en el organismo c\u00fapula, cantidad que se consideraba m\u00e1s que suficiente para desahogar una agenda tan importante, como direccionar las rutas cr\u00edticas de los calendarios comiciales trianuales, uno de ellos elecci\u00f3n presidencial de cada\u00a0 seis a\u00f1os.<\/p>\n<p>En las reformas del sexenio pasado promovidas principalmente por el Partido Acci\u00f3n Nacional, PAN, adem\u00e1s del cambio de nombre de Instituto Federal Electoral, IFE, a Instituto Nacional Electoral, INE, se propuso y aprob\u00f3 aumentar de siete a once el n\u00famero de \u201cconsejeros nacionales\u201d, con el pretexto m\u00e1s que argumento, de buscar mayor transparencia.<\/p>\n<p>Lo que no se dijo pero se deduce, es que se aumenta la abultada y cara burocracia electoral del INE, pues detr\u00e1s de cada consejero nacional hay un m\u00ednimo de cuatro personas m\u00e1s, con salarios muy por arriba de los que predominan en otras instancias del gobierno. Por ahora el tema no es\u00a0 econ\u00f3mico sino el pol\u00edtico pues se avecina la elecci\u00f3n de nuevos consejeros.<\/p>\n<p>Mario Delgado, coordinador de la bancada mayoritaria del Movimiento de Regeneraci\u00f3n Nacional e incluso l\u00edder de los partidos afines a Morena, declar\u00f3 el mismo mi\u00e9rcoles que en este caso llevar\u00e1n un proceso apegado a la ley. Por lo pronto se integrar\u00e1 un comit\u00e9 de evaluaci\u00f3n con siete elementos de todos los partidos para demostrar apertura.<\/p>\n<p>Tambi\u00e9n se integrar\u00e1n los relacionados con tareas sustanciales como los Derechos Humanos y las instancias del Instituto Nacional del Derecho\u00a0 a la Informaci\u00f3n, con la finalidad de no dejar ning\u00fan \u00e1ngulo fuera de esta importante elecci\u00f3n de nuevos consejeros del Instituto Nacional Electoral asunto que se desahogar\u00e1 en el pr\u00f3ximo periodo ordinario de sesiones de la C\u00e1mara Baja.<\/p>\n<p>Conociendo las ganas que el padre dela cuarta transformaci\u00f3n le tiene al organismo electoral c\u00fapula de nuestro pa\u00eds, buscar\u00e1 que las cuatro futuras vacantes las ocupen personas que le sean m\u00ednimo 90 por ciento leales as\u00ed s\u00f3lo re\u00fanan un 10 de capacidad.<\/p>\n<p><a href=\"mailto:elefa44@gmail.com\" target=\"_blank\" rel=\"noopener noreferrer\"><em>elefa44@gmail.com<\/em><\/a><\/p>\n","protected":false},"excerpt":{"rendered":"<p><span style=\"color: #005497;\"><strong>Eleazar Flores<\/strong><\/span><\/p>\n","protected":false},"author":3,"featured_media":0,"comment_status":"open","ping_status":"open","sticky":false,"template":"","format":"standard","meta":{"_monsterinsights_skip_tracking":false,"_monsterinsights_sitenote_active":false,"_monsterinsights_sitenote_note":"","_monsterinsights_sitenote_category":0,"footnotes":""},"categories":[81743],"tags":[83538,43674],"class_list":["post-458263","post","type-post","status-publish","format-standard","hentry","category-eleazar-flores","tag-espacio-electora","tag-opinion"],"_links":{"self":[{"href":"https:\/\/www.diarioimagen.net\/index.php?rest_route=\/wp\/v2\/posts\/458263","targetHints":{"allow":["GET"]}}],"collection":[{"href":"https:\/\/www.diarioimagen.net\/index.php?rest_route=\/wp\/v2\/posts"}],"about":[{"href":"https:\/\/www.diarioimagen.net\/index.php?rest_route=\/wp\/v2\/types\/post"}],"author":[{"embeddable":true,"href":"https:\/\/www.diarioimagen.net\/index.php?rest_route=\/wp\/v2\/users\/3"}],"replies":[{"embeddable":true,"href":"https:\/\/www.diarioimagen.net\/index.php?rest_route=%2Fwp%2Fv2%2Fcomments&post=458263"}],"version-history":[{"count":0,"href":"https:\/\/www.diarioimagen.net\/index.php?rest_route=\/wp\/v2\/posts\/458263\/revisions"}],"wp:attachment":[{"href":"https:\/\/www.diarioimagen.net\/index.php?rest_route=%2Fwp%2Fv2%2Fmedia&parent=458263"}],"wp:term":[{"taxonomy":"category","embeddable":true,"href":"https:\/\/www.diarioimagen.net\/index.php?rest_route=%2Fwp%2Fv2%2Fcategories&post=458263"},{"taxonomy":"post_tag","embeddable":true,"href":"https:\/\/www.diarioimagen.net\/index.php?rest_route=%2Fwp%2Fv2%2Ftags&post=458263"}],"curies":[{"name":"wp","href":"https:\/\/api.w.org\/{rel}","templated":true}]}}