{"id":458319,"date":"2020-02-02T00:05:40","date_gmt":"2020-02-02T06:05:40","guid":{"rendered":"https:\/\/www.diarioimagen.net\/?p=458319"},"modified":"2020-02-03T04:41:34","modified_gmt":"2020-02-03T10:41:34","slug":"se-definira-proxima-semana-futuro-del-avion-presidencial-amlo","status":"publish","type":"post","link":"https:\/\/www.diarioimagen.net\/?p=458319","title":{"rendered":"Definen la pr\u00f3xima semana futuro del avi\u00f3n presidencial"},"content":{"rendered":"<ul>\n<li><em><strong>Ya sea en venta o mediante una rifa<\/strong><\/em><\/li>\n<li><em><strong>Recursos obtenidos se destinar\u00e1n a equipar centros de salud<\/strong><\/em><\/li>\n<\/ul>\n<p>&nbsp;<\/p>\n<div id=\"attachment_458320\" style=\"width: 470px\" class=\"wp-caption aligncenter\"><img loading=\"lazy\" decoding=\"async\" aria-describedby=\"caption-attachment-458320\" class=\"wp-image-458320 size-large\" src=\"https:\/\/www.diarioimagen.net\/wp-content\/uploads\/2020\/02\/AVION3-PORTAL-460x268.png\" alt=\"\" width=\"460\" height=\"268\" srcset=\"https:\/\/www.diarioimagen.net\/wp-content\/uploads\/2020\/02\/AVION3-PORTAL-460x268.png 460w, https:\/\/www.diarioimagen.net\/wp-content\/uploads\/2020\/02\/AVION3-PORTAL-240x140.png 240w, https:\/\/www.diarioimagen.net\/wp-content\/uploads\/2020\/02\/AVION3-PORTAL.png 480w\" sizes=\"auto, (max-width: 460px) 100vw, 460px\" \/><p id=\"caption-attachment-458320\" class=\"wp-caption-text\">Andr\u00e9s Manuel L\u00f3pez Obrador inform\u00f3 que la semana pr\u00f3xima quedar\u00e1 finiquitado el futuro del avi\u00f3n presidencial.<\/p><\/div>\n<p>&nbsp;<\/p>\n<p>El presidente Andr\u00e9s Manuel L\u00f3pez Obrador inform\u00f3 que la semana pr\u00f3xima quedar\u00e1 finiquitado el futuro del avi\u00f3n presidencial, ya sea en venta o mediante una rifa en la que participar\u00eda el pueblo de M\u00e9xico.<\/p>\n<p>El mandatario detall\u00f3 que los recursos obtenidos se destinar\u00e1n a equipar centros de salud a lo largo del pa\u00eds. \u201cA m\u00e1s tardar la semana pr\u00f3xima vamos a tomar la decisi\u00f3n, lo que se obtenga por la rifa o venta de ese avi\u00f3n presidencial se van a ocupar para equipos m\u00e9dicos y de salud\u201d, afirm\u00f3 ante el aplauso de los asistentes.<\/p>\n<p>\u201cNo se preocupe el que se lo saque por d\u00f3nde lo van a estacionar; ah\u00ed van a estar los aeropuertos de la Fuerza A\u00e9rea Mexicana, ellos se encargar\u00e1n de guard\u00e1rselo al ganador\u201d, apunt\u00f3.<\/p>\n<p>L\u00f3pez Obrador dijo, ante la gente reunida en el polideportivo de Playa del Carmen, Quintana Roo,que los mexicanos no deben preocuparse por d\u00f3nde van a guardar la aeronave en caso de resultar premiados en la rifa del avi\u00f3n. Afirm\u00f3 que los hangares de la Fuerza A\u00e9rea Mexicana estar\u00e1n listos para albergar el avi\u00f3n presidencial en asistencia al ciudadano ganador de la rifa.<\/p>\n<p>El jefe del Ejecutivo reconoci\u00f3 que deshacerse del avi\u00f3n ha resultado una tarea dif\u00edcil para su gobierno por los lujos con los que cuenta.<\/p>\n<p>Narr\u00f3 que la semana pasada se puso en contacto con Justin Trudeau para ofrecerle la aeronave ante una falla que present\u00f3 el transporte del primer ministro, sin embargo, este rechaz\u00f3 la oferta por lo oneroso.<\/p>\n<p>\u201cNo le entr\u00f3 porque el avi\u00f3n que se le averi\u00f3 es de menor calidad, no tiene tantos lujos como el avi\u00f3n presidencial, por eso como nos ha costado un poco de trabajo venderlo, deshacernos de \u00e9l, ese avi\u00f3n se va a rifar a todo el pueblo\u201d, afirm\u00f3.<\/p>\n<p>El avi\u00f3n presidencial Jos\u00e9 Maria Morelos est\u00e1 valuado en 130 millones de d\u00f3lares y est\u00e1 en la espera de regresar al pa\u00eds desde un hangar de la Boeing en California, donde fue llevado para ofrecerlo a posibles compradores con asistencia de la ONU. Despu\u00e9s de un a\u00f1o y no tener opciones de compradores, Banobras, que compr\u00f3 el avi\u00f3n, determin\u00f3 traer de regreso la aeronave y ponerla a disposici\u00f3n de la Secretar\u00eda de la Defensa Nacional.<\/p>\n<p style=\"text-align: center;\"><strong>Ni Trudeau le entr\u00f3<\/strong><\/p>\n<p>En Quintana Roo, el presidente Andr\u00e9s Manuel L\u00f3pez Obrador dio a conocer que ofreci\u00f3 el avi\u00f3n presidencial \u201cJos\u00e9 Mar\u00eda Morelos y Pav\u00f3n\u201d a Justin Trudeau, primer ministro de Canad\u00e1; no obstante, rechaz\u00f3 la oferta. Seg\u00fan los dichos del tabasque\u00f1o, el mandatario canadiense le dijo que \u201cno\u201d a comprar la aeronave porque es muy lujosa.<\/p>\n<p>\u201cSe le averi\u00f3 su avi\u00f3n al primer ministro de Canad\u00e1, a Trudeau, y le mandamos a decir que si quer\u00eda comprar el avi\u00f3n presidencial de M\u00e9xico, y no le \u2018entr\u00f3\u2019 porque el avi\u00f3n que se le averi\u00f3 es de menor calidad y no tiene tantos lujos como el avi\u00f3n presidencial de M\u00e9xico\u201d, asegur\u00f3 L\u00f3pez Obrador.<\/p>\n<p style=\"text-align: center;\"><strong>\u201cEl pueblo est\u00e1 feliz, feliz, feliz\u201d<\/strong><\/p>\n<p>El presidente L\u00f3pez Obrador reiter\u00f3 que el pueblo de M\u00e9xico est\u00e1 \u201cfeliz, feliz, feliz\u201d con los cambios que su gobierno est\u00e1 realizando. En el polideportivo de Playa del Carmen, donde minutos antes supervis\u00f3 avances del programa Mi M\u00e9xico Late, de mejoramiento urbano, el mandatario se\u00f1al\u00f3 que ya no se permite la corrupci\u00f3n ni los lujos en el gobierno.<\/p>\n<p>El jefe del Ejecutivo dijo que este ambiente festivo en M\u00e9xico perdura, pese a que el ala conservadora est\u00e1 en una actitud desquiciada y busca el fracaso de su administraci\u00f3n. \u201cLes digo, vamos bien y estamos de buenas, la gente est\u00e1 contenta en todo el pa\u00eds, feliz, feliz, feliz\u201d, afirm\u00f3 el presidente L\u00f3pez Obrador. \u201cLos \u00fanicos que est\u00e1n ah\u00ed un poco desquiciados son los que estaban saqueando a M\u00e9xico y no quieren dejar de robar, nada m\u00e1s que ya se le se acab\u00f3 la robadera, se acab\u00f3 el blindaje oficial, guste o no les guste. Ya no va a haber corrupci\u00f3n en M\u00e9xico\u201d, enfatiz\u00f3.<\/p>\n<p>L\u00f3pez Obrador tambi\u00e9n hizo un llamado a los quintanarroenses a trabajar en unidad con todos los \u00f3rdenes de gobierno y dejar la confrontaci\u00f3n de ideas para cuando haya elecciones.<\/p>\n<p>En Solidaridad, el mandatario supervis\u00f3 obras del programa de mejoramiento urbano donde se invirtieron m\u00e1s de 400 millones de pesos en la rehabilitaci\u00f3n de espacios deportivos y sociales.<\/p>\n","protected":false},"excerpt":{"rendered":"<p>El presidente Andr\u00e9s Manuel L\u00f3pez Obrador inform\u00f3 que la semana pr\u00f3xima quedar\u00e1 finiquitado el futuro del avi\u00f3n presidencial, ya sea en venta o mediante una rifa en la que participar\u00eda el pueblo de M\u00e9xico.<\/p>\n","protected":false},"author":5,"featured_media":458320,"comment_status":"open","ping_status":"open","sticky":false,"template":"","format":"standard","meta":{"_monsterinsights_skip_tracking":false,"_monsterinsights_sitenote_active":false,"_monsterinsights_sitenote_note":"","_monsterinsights_sitenote_category":0,"footnotes":""},"categories":[3],"tags":[2545,1352,72899,431,89826,89768,89825],"class_list":["post-458319","post","type-post","status-publish","format-standard","has-post-thumbnail","hentry","category-nacional","tag-amlo","tag-andres-manuel-lopez-obrador","tag-avion-presidencial","tag-canada","tag-mediante-una-rifa","tag-rifa","tag-semana-futuro"],"_links":{"self":[{"href":"https:\/\/www.diarioimagen.net\/index.php?rest_route=\/wp\/v2\/posts\/458319","targetHints":{"allow":["GET"]}}],"collection":[{"href":"https:\/\/www.diarioimagen.net\/index.php?rest_route=\/wp\/v2\/posts"}],"about":[{"href":"https:\/\/www.diarioimagen.net\/index.php?rest_route=\/wp\/v2\/types\/post"}],"author":[{"embeddable":true,"href":"https:\/\/www.diarioimagen.net\/index.php?rest_route=\/wp\/v2\/users\/5"}],"replies":[{"embeddable":true,"href":"https:\/\/www.diarioimagen.net\/index.php?rest_route=%2Fwp%2Fv2%2Fcomments&post=458319"}],"version-history":[{"count":0,"href":"https:\/\/www.diarioimagen.net\/index.php?rest_route=\/wp\/v2\/posts\/458319\/revisions"}],"wp:featuredmedia":[{"embeddable":true,"href":"https:\/\/www.diarioimagen.net\/index.php?rest_route=\/wp\/v2\/media\/458320"}],"wp:attachment":[{"href":"https:\/\/www.diarioimagen.net\/index.php?rest_route=%2Fwp%2Fv2%2Fmedia&parent=458319"}],"wp:term":[{"taxonomy":"category","embeddable":true,"href":"https:\/\/www.diarioimagen.net\/index.php?rest_route=%2Fwp%2Fv2%2Fcategories&post=458319"},{"taxonomy":"post_tag","embeddable":true,"href":"https:\/\/www.diarioimagen.net\/index.php?rest_route=%2Fwp%2Fv2%2Ftags&post=458319"}],"curies":[{"name":"wp","href":"https:\/\/api.w.org\/{rel}","templated":true}]}}