{"id":458354,"date":"2020-02-03T00:02:55","date_gmt":"2020-02-03T06:02:55","guid":{"rendered":"https:\/\/www.diarioimagen.net\/?p=458354"},"modified":"2020-02-02T22:29:33","modified_gmt":"2020-02-03T04:29:33","slug":"super-canciller-no-pudo-traer-a-mexicanos-de-china","status":"publish","type":"post","link":"https:\/\/www.diarioimagen.net\/?p=458354","title":{"rendered":"\u00a0\u201cS\u00faper canciller\u201d no pudo traer a mexicanos de China"},"content":{"rendered":"<h2>La Retaguardia<\/h2>\n<h5>Adriana Moreno Cordero<\/h5>\n<p>&nbsp;<\/p>\n<ul>\n<li><strong><em>Coronavirus afecta su tempranera carrera<\/em><\/strong><\/li>\n<\/ul>\n<p>&nbsp;<\/p>\n<p>\u00a1Qu\u00e9 l\u00e1stima!, el secretario de Relaciones Exteriores, <strong>Marcelo Ebrard Casaub\u00f3n<\/strong>, iba tan bien en su adelantada carrera rumbo al 2024, place\u00e1ndose por aqu\u00ed y por all\u00e1 fuera de nuestras fronteras; siendo el salvador ni m\u00e1s ni menos que del mism\u00edsimo presidente <strong>Andr\u00e9s Manuel L\u00f3pez Obrador<\/strong>; el \u201cs\u00faper canciller\u201d que fue el art\u00edfice para lograr la firma del T-MEC y antes, evitar los dur\u00edsimos aranceles que quer\u00eda imponer el presidente <strong>Donald Trump<\/strong>, con todo y que vocifere que es muy amigo del tabasque\u00f1o, cuando de repente de manera muy inoportuna, se vino en China lo del corona virus y es ah\u00ed, donde el hilo acab\u00f3 por reventarse, o sea, por lo m\u00e1s delgado y se vio afectada la ascendente carrera del titular de Relaciones Exteriores.<\/p>\n<p>Muy cuestionado ha sido el titular de la SRE porque pr\u00e1cticamente no hizo nada por sacar a los mexicanos que por diversas razones se encontraban en China. Como se recordar\u00e1, sali\u00f3 con el aberrante argumento de que los aviones de los que dispone el gobierno mexicano, son muy grandes.<\/p>\n<p>Lo anterior, hasta que por las benditas redes\u201d le refrescaron la memoria a Ebrard, para se\u00f1alarle aquella ocasi\u00f3n en la que no tuvo problema alguno para mandar traer las cenizas (o lo que quedaron de ellas) del \u201cPr\u00edncipe de la Canci\u00f3n\u201d, Jos\u00e9 Jos\u00e9, o cuando envi\u00f3 un avi\u00f3n militar para que el expresidente de Bolivia, Evo Morales, acompa\u00f1ado de unas cuantas personas, llegara a tierras mexicanas, donde fue homenajeado a cuerpo de rey y no mucho tiempo despu\u00e9s, el 20 de noviembre del a\u00f1o pasado, el presidente L\u00f3pez Obrador, reconoci\u00f3 al piloto <strong>Miguel Eduardo Hern\u00e1ndez Vel\u00e1zquez<\/strong>, que comand\u00f3 el avi\u00f3n de la\u00a0<strong>Fuerza A\u00e9rea<\/strong> que traslad\u00f3 al boliviano a tierras mexicanas.<\/p>\n<p>Como se recordar\u00e1, el propio Morales Ayma difundi\u00f3 por diversas v\u00edas su agradecimiento al tabasque\u00f1o porque con haberlo tra\u00eddo a M\u00e9xico, de plano le hab\u00eda salvado la vida. Luego, el boliviano se dio cuenta del rechazo que causaba en una parte importante de la poblaci\u00f3n y opt\u00f3 por irse a Argentina donde desde luego, est\u00e1 mucho m\u00e1s a gusto. \u00a1Qu\u00e9 tal!<\/p>\n<p>Bueno, ante todos los anteriores argumentos, el secretario Ebrard solo atin\u00f3 a informar que\u00a0 la autorizaci\u00f3n y gesti\u00f3n del vuelo enviado desde M\u00e9xico, se hubiera tardado mucho. Efectivamente, ya se hab\u00eda consignado en este espacio en anterior entrega, que con esta llamada cuarta transformaci\u00f3n, se hab\u00eda creado una nueva burocracia que se enquista en la administraci\u00f3n gubernamental y que desde luego, no puede jalar ese \u201celefante reum\u00e1tico\u201d que tanto ha dicho el presidente que es la burocracia. Result\u00f3 que la creada en la actual gesti\u00f3n es peor.<\/p>\n<p>De cualquier no le qued\u00f3 m\u00e1s remedio al s\u00faper secretario\u00a0que agradecer al presidente de Francia,\u00a0<strong>Emmanuel Macron<\/strong>\u00a0y al ministro de Relaciones Exteriores de ese pa\u00eds,\u00a0<strong>Sr<\/strong>.\u00a0<strong>Jean-Yves<\/strong>\u00a0<strong>Le<\/strong>\u00a0<strong>Drian<\/strong>, por la repatriaci\u00f3n de mexicanos con motivo del\u00a0coronavirus.<\/p>\n<p>Qu\u00e9 verg\u00fcenza, -por decir lo menos-, que el gobierno de esta llamada cuarta transformaci\u00f3n, haya tenido que aceptar su incapacidad para ayudar a ciudadanos mexicanos. Se nota que s\u00f3lo les interesa personajes de otros pa\u00edses.<\/p>\n<p style=\"text-align: center;\"><strong>MUNICIONES<\/strong><\/p>\n<p>*** La presidenta de la Mesa Directiva del Senado de la Rep\u00fablica, <strong>M\u00f3nica Fern\u00e1ndez Balboa<\/strong>, convoc\u00f3 a los legisladores a atender con responsabilidad, el estudio y an\u00e1lisis de las iniciativas y minutas pendientes de dictaminar en comisiones, durante el Segundo Periodo Ordinario del Segundo A\u00f1o de Ejercicio. En el marco de la apertura de los trabajos legislativos, la senadora resalt\u00f3 que \u201cla democracia goza de una inmejorable situaci\u00f3n: existe respeto entre contrarios, superamos desacuerdos con di\u00e1logo, deliberamos y escuchamos para construir consensos. M\u00e9xico necesita del compromiso y la participaci\u00f3n de todos.\u201d<\/p>\n<p>*** Como hace mucho tiempo no se sab\u00eda nada de \u00e9l y eso lo pone muy mal, el coordinador de la fracci\u00f3n parlamentaria del PVEM en el\u00a0Senado de la Rep\u00fablica,\u00a0<strong>Manuel Velasco<\/strong>, mediante un comunicado, le envi\u00f3 un mensaje al presidente L\u00f3pez Obrador; que en caso de que el \u201ctan llevado y tra\u00eddo\u201d se venda en una tanda o se rife, porque est\u00e1 visto que nadie lo quiere, los recursos que de ello fluyan, se dediquen\u00a0a financiar un plan integral de atenci\u00f3n al\u00a0c\u00e1ncer infantil\u00a0. \u00bfQu\u00e9 nadie le ha avisado al senador por Chiapas que la rifa del\u00a0 TP01 es una mera pantalla del tabasque\u00f1o y que los recursos que alg\u00fan d\u00eda pueda haber, ya no alcanzan para la propuesta del senador Velasco?<\/p>\n<p>*** Por cierto y hablando de la C\u00e1mara Alta, \u00e9sta se reporta lista para iniciar con el per\u00edodo ordinario de sesiones, ya que la estructura del edificio sede del Senado luce pr\u00e1cticamente nueva tras los trabajos de mantenimiento y remodelaci\u00f3n a que fue sometida para garantizar la seguridad, salud e integridad f\u00edsica de sus visitantes; de las y los legisladores y de sus trabajadores en general, lo que contribuir\u00e1, adem\u00e1s, a mejorar su operatividad. Sus sistemas y equipos obsoletos fueron reemplazados por tecnolog\u00eda de punta. De acuerdo con un Reporte de Obra realizado por la Secretar\u00eda General de Servicios Administrativos, se hizo hincapi\u00e9 en que desde legislaturas anteriores se hab\u00edan registrado fallas de origen en dicha infraestructura.<\/p>\n<p><a href=\"mailto:morcora@gmail.com\" target=\"_blank\" rel=\"noopener noreferrer\"><em>morcora@gmail.com<\/em><\/a><\/p>\n","protected":false},"excerpt":{"rendered":"<p><span style=\"color: #005497;\"><strong>Adriana Moreno Cordero<\/strong><\/span><\/p>\n","protected":false},"author":3,"featured_media":0,"comment_status":"open","ping_status":"open","sticky":false,"template":"","format":"standard","meta":{"_monsterinsights_skip_tracking":false,"_monsterinsights_sitenote_active":false,"_monsterinsights_sitenote_note":"","_monsterinsights_sitenote_category":0,"footnotes":""},"categories":[69370],"tags":[69369,69368,43674],"class_list":["post-458354","post","type-post","status-publish","format-standard","hentry","category-adriana-moreno-cordero","tag-adriana-moreno-cordero","tag-la-retaguardia","tag-opinion"],"_links":{"self":[{"href":"https:\/\/www.diarioimagen.net\/index.php?rest_route=\/wp\/v2\/posts\/458354","targetHints":{"allow":["GET"]}}],"collection":[{"href":"https:\/\/www.diarioimagen.net\/index.php?rest_route=\/wp\/v2\/posts"}],"about":[{"href":"https:\/\/www.diarioimagen.net\/index.php?rest_route=\/wp\/v2\/types\/post"}],"author":[{"embeddable":true,"href":"https:\/\/www.diarioimagen.net\/index.php?rest_route=\/wp\/v2\/users\/3"}],"replies":[{"embeddable":true,"href":"https:\/\/www.diarioimagen.net\/index.php?rest_route=%2Fwp%2Fv2%2Fcomments&post=458354"}],"version-history":[{"count":0,"href":"https:\/\/www.diarioimagen.net\/index.php?rest_route=\/wp\/v2\/posts\/458354\/revisions"}],"wp:attachment":[{"href":"https:\/\/www.diarioimagen.net\/index.php?rest_route=%2Fwp%2Fv2%2Fmedia&parent=458354"}],"wp:term":[{"taxonomy":"category","embeddable":true,"href":"https:\/\/www.diarioimagen.net\/index.php?rest_route=%2Fwp%2Fv2%2Fcategories&post=458354"},{"taxonomy":"post_tag","embeddable":true,"href":"https:\/\/www.diarioimagen.net\/index.php?rest_route=%2Fwp%2Fv2%2Ftags&post=458354"}],"curies":[{"name":"wp","href":"https:\/\/api.w.org\/{rel}","templated":true}]}}