{"id":458413,"date":"2020-02-03T00:04:44","date_gmt":"2020-02-03T06:04:44","guid":{"rendered":"https:\/\/www.diarioimagen.net\/?p=458413"},"modified":"2020-02-02T23:58:32","modified_gmt":"2020-02-03T05:58:32","slug":"el-tiempo-contra-morena","status":"publish","type":"post","link":"https:\/\/www.diarioimagen.net\/?p=458413","title":{"rendered":"El tiempo contra Morena"},"content":{"rendered":"<h2>Punto por punto<\/h2>\n<h5>Augusto Corro<\/h5>\n<p>&nbsp;<\/p>\n<p>L\u00edo o crisis el partido Movimiento de Regeneraci\u00f3n Nacional (Morera) tendr\u00e1 que resolver lo m\u00e1s r\u00e1pido posible su conflicto interno.<\/p>\n<p>Para 2021 le esperan elecciones para renovar la C\u00e1mara de Diputados, quince gubernaturas y Congresos locales.<\/p>\n<p>Parece que la lucha pol\u00edtica hacia el exterior poco o\u00a0 nada le importa a la dirigencia morenista que est\u00e1 empe\u00f1ada en una guerra intestina de pron\u00f3stico reservado.<\/p>\n<p>Sus principales personajes enfrentados son Yeidckol Polevnsky y Bertha Luj\u00e1n. Ambas ambicionan la presidencia del partido guinda.<\/p>\n<p>Polevnsky es actual la presidenta interina de esa organizaci\u00f3n pol\u00edtica. Su cargo\u00a0 original es de secretaria general. Bertha Luj\u00e1n se desempe\u00f1\u00f3 como consejera nacional de Morena.<\/p>\n<p>Ahora las dos se encuentran enfrentadas por sus ambiciones personales. Ninguna de ellas tiene la fuerza pol\u00edtica suficiente para el liderazgo que exige el partido que llev\u00f3 al poder al presidente Andr\u00e9s Manuel L\u00f3pez Obrador.<\/p>\n<p>Para empezar, ni Yeidckol Polevnsky ni Bertha Luj\u00e1n pudieron organizar a su partido para la realizaci\u00f3n de un Congreso para elegir a la nueva dirigencia, que cada una desea encabezar.<\/p>\n<p>Las irregularidades en sus asambleas y\u00a0 Congresos obligaron a las autoridades electorales a cancelar los acuerdos que surgieron de esas reuniones.<\/p>\n<p>\u00bfCu\u00e1ndo se efectuar\u00e1 el Congreso para elegir a los nuevos l\u00edderes? \u00bfAlguien lo sabe?<\/p>\n<p>Y seguramente a las dos mujeres, en pugna por el poder, les urge una soluci\u00f3n urgente, pues la presidenta, o quien resulte elegido como l\u00edder, tendr\u00e1 que participar en la selecci\u00f3n de candidatos a diputados, gobernadores, etc., el pr\u00f3ximo a\u00f1o.<\/p>\n<p>La oposici\u00f3n se encuentra de pl\u00e1cemes porque ve en Morena la repetici\u00f3n de los vicios pol\u00edticos, como el divisionismo, que llevaron al Partido de la Revoluci\u00f3n Democr\u00e1tica (PRD) a su casi desaparici\u00f3n.<\/p>\n<p>Ante el l\u00edo o crisis surgidos en Morena, la c\u00fapula pol\u00edtica envi\u00f3 a Alfonso Ram\u00edrez Cuellar a tranquilizar los \u00e1nimos. El diputado con licencia fue electo presidente interino en uno de los Congresos morenistas.<\/p>\n<p>Yeidckol Polevnsky tratar\u00e1 de que las autoridades electorales lo rechacen. As\u00ed, que por el momento, el partido guinda cuenta con dos presidentes interinos.<\/p>\n<p>\u00bfQu\u00e9 sigue? Morena, de continuar con su divisionismo, llegar\u00e1 debilitada a las elecciones intermedias.<\/p>\n<p>A medio a\u00f1o, las organizaciones pol\u00edticas deber\u00e1n estar en la l\u00ednea de salida para la contienda electoral. El partido guinda llegar\u00e1 maltrecho a la competencia, pues, por ahora, enfrenta la ausencia de liderazgo.<\/p>\n<p><strong>Una fuga sin sobresaltos<\/strong><\/p>\n<p>Quiz\u00e1, amable lector, tuvo la oportunidad de ver el video de la fuga de tres narcos del Reclusorio Sur. Y tal vez se sorprendi\u00f3 de la facilidad de los internos para salir de prisi\u00f3n. Es f\u00e1cil explicarse lo que ocurre en las c\u00e1rceles mexicanas donde la delincuencia hace lo que le viene en gana.<\/p>\n<p>La madrugada del pasado mi\u00e9rcoles se fugaron Luis Fernando Meza Gonz\u00e1les y V\u00edctor Manuel F\u00e9lix Beltr\u00e1n (a) \u201cEl Vic\u201d, originarios de Culiac\u00e1n. Tambi\u00e9n escap\u00f3 Yael Osuna Navarro, de Nayarit. Los dos primeros estaban recluidos por delitos contra la salud y el tercero por asociaci\u00f3n delictuosas. Los tres sujetos huyeron del Reclusorio Preventivo Varonil Sur.<\/p>\n<p>La fuga se efectu\u00f3 sin sustos. Los preparativos empezaron a la una de la madrugada.\u00a0 El camino recorrido por los reos casi estuvo libre de obst\u00e1culos: trepar una barda y saltar cualquiera lo hace. Las celdas no ten\u00edan candados. Estaba libre la salida por la puerta de autom\u00f3viles. La camioneta para llevarlos a la libertad se encontraba preparada. Subieron y adi\u00f3s Reclusorio Varonil Sur. Ya no pasaron la lista de las 8 de la ma\u00f1ana.<\/p>\n<p>Un plan perfecto en el que se acoplaron los custodios y cuantas personas quisieron colaborar. \u00bfCu\u00e1l fue el precio econ\u00f3mico o la amenaza que estimul\u00f3 la ayuda de los vigilantes?<\/p>\n<p>Ya lo sabremos. Para empezar, las Fiscal\u00eda capitalina inform\u00f3 que fueron detenidos once servidores p\u00fablicos por su probable responsabilidad en el delito de evasi\u00f3n de presos del citado penal. Posteriormente ser\u00edan enviados al Reclusorio Preventivo Varonil Oriente para quedar a disposici\u00f3n de la autoridad jurisdiccional.<\/p>\n<p>Seg\u00fan se inform\u00f3 Luis Fernando Meza Gonz\u00e1lez y V\u00edctor Manuel F\u00e9lix Beltr\u00e1n (a) \u201cEl Vic\u201d forman parte del C\u00e1rtel de Sinaloa. \u201cEl Vic\u201d es se\u00f1alado como el operador financiero de los hijos de Joaqu\u00edn (a) \u201cEl Chapo\u201d Guzm\u00e1n. Sobre los fugados pesaba un proceso de extradici\u00f3n a Estados Unidos.<\/p>\n<p>Las autoridades demostraron una vez m\u00e1s que no es su estilo tomar medidas preventivas para evitar esc\u00e1ndalos. Poco le preocupa que los cohetes les estallen en las manos. Si bien es cierto que el problema de las c\u00e1rceles mexicanas no tiene soluci\u00f3n, por lo menos se debe de atender las exigencias elementales, como la de evitar las fugas de delincuentes peligrosos. \u00bfUsted qu\u00e9 opina amable lector?<\/p>\n<p><span class=\"Apple-converted-space\"><em><u><a href=\"mailto:aco2742@hotmail.com\" target=\"_blank\" rel=\"noopener noreferrer\">aco2742@hotmail.com<\/a><\/u><\/em><\/span><\/p>\n","protected":false},"excerpt":{"rendered":"<p><span style=\"color: #005497;\"><strong>Augusto Corro<\/strong><\/span><\/p>\n","protected":false},"author":3,"featured_media":0,"comment_status":"open","ping_status":"open","sticky":false,"template":"","format":"standard","meta":{"_monsterinsights_skip_tracking":false,"_monsterinsights_sitenote_active":false,"_monsterinsights_sitenote_note":"","_monsterinsights_sitenote_category":0,"footnotes":""},"categories":[157],"tags":[43686,43674,11515],"class_list":["post-458413","post","type-post","status-publish","format-standard","hentry","category-augusto-corro","tag-augusto-corro","tag-opinion","tag-punto-por-punto"],"_links":{"self":[{"href":"https:\/\/www.diarioimagen.net\/index.php?rest_route=\/wp\/v2\/posts\/458413","targetHints":{"allow":["GET"]}}],"collection":[{"href":"https:\/\/www.diarioimagen.net\/index.php?rest_route=\/wp\/v2\/posts"}],"about":[{"href":"https:\/\/www.diarioimagen.net\/index.php?rest_route=\/wp\/v2\/types\/post"}],"author":[{"embeddable":true,"href":"https:\/\/www.diarioimagen.net\/index.php?rest_route=\/wp\/v2\/users\/3"}],"replies":[{"embeddable":true,"href":"https:\/\/www.diarioimagen.net\/index.php?rest_route=%2Fwp%2Fv2%2Fcomments&post=458413"}],"version-history":[{"count":0,"href":"https:\/\/www.diarioimagen.net\/index.php?rest_route=\/wp\/v2\/posts\/458413\/revisions"}],"wp:attachment":[{"href":"https:\/\/www.diarioimagen.net\/index.php?rest_route=%2Fwp%2Fv2%2Fmedia&parent=458413"}],"wp:term":[{"taxonomy":"category","embeddable":true,"href":"https:\/\/www.diarioimagen.net\/index.php?rest_route=%2Fwp%2Fv2%2Fcategories&post=458413"},{"taxonomy":"post_tag","embeddable":true,"href":"https:\/\/www.diarioimagen.net\/index.php?rest_route=%2Fwp%2Fv2%2Ftags&post=458413"}],"curies":[{"name":"wp","href":"https:\/\/api.w.org\/{rel}","templated":true}]}}