{"id":458415,"date":"2020-02-03T00:03:51","date_gmt":"2020-02-03T06:03:51","guid":{"rendered":"https:\/\/www.diarioimagen.net\/?p=458415"},"modified":"2020-02-03T00:00:35","modified_gmt":"2020-02-03T06:00:35","slug":"no-vende-avion-presidencial","status":"publish","type":"post","link":"https:\/\/www.diarioimagen.net\/?p=458415","title":{"rendered":"No vende avi\u00f3n presidencial"},"content":{"rendered":"<h2>Espacio Electoral<\/h2>\n<h5>Eleazar Flores<\/h5>\n<p>&nbsp;<\/p>\n<p><strong>CANAD\u00c1 NO QUISO<\/strong>-. Ni verg\u00fcenza le da al gobierno de M\u00e9xico, -para no citar a qui\u00e9n lo encabeza, el anunciar el rechazo del gobierno canadiense a la oferta de comprar el avi\u00f3n presidencial, seg\u00fan se boletin\u00f3 simult\u00e1neamente ayer mismo en ambos pa\u00edses. Pena ajena del vendedor azteca.<\/p>\n<p>En el remoto supuesto de que el primer ministro canadiense hubiese aceptado hacer la compra, \u00bfc\u00f3mo explicar\u00eda al gobierno a sus gobernados que siempre no habr\u00eda rifa del apestado avi\u00f3n?.<\/p>\n<p>Todo lo anterior que parecer\u00edan minucias ante los dem\u00e1s, confirman lo que los analistas serios califican a \u00e9ste como el gobierno de las ocurrencias, pues lo mismo da plazo fatal para la venta del avi\u00f3n presidencial, -el 14 de febrero-, que anuncia la renta para vuelos ejecutivos, con tarifas que solo el mismo gobierno pondr\u00eda a los potenciales usuarios de la aeronave.<\/p>\n<p><strong>BAJADA<\/strong>-. A prop\u00f3sito de viajes a\u00e9reos, que afrenta para el padre de la Cuarta Transformaci\u00f3n, sufrida la tarde del viernes cuando a bordo de un avi\u00f3n que lo llevar\u00eda al sureste, un viajero y su familia pidieron bajar del p\u00e1jaro de acero antes que llevar como compa\u00f1ero de viaje al hijo predilecto de Macuspana\u2026y eso no es todo, la reacci\u00f3n pueril del mandatario.<\/p>\n<p>Se podr\u00edan bajar del avi\u00f3n pero no podr\u00e1n salir de M\u00e9xico, dijo el Presidente. Algunos pensaron que el tabasque\u00f1o se parar\u00eda de su asiento, dialogar\u00eda con el jefe de familia y hasta podr\u00eda invitarlo a ser su compa\u00f1ero de viaje en su misma fila de asientos, junto con su familia. Pero eso lo hubiera hecho un aut\u00e9ntico estadista, solamente \u00e9l, nadie m\u00e1s, pero de eso nada pas\u00f3.<\/p>\n<p><strong>TENER\u00cdA<\/strong>-.En\u00e9simo secuestro de autotransporte p\u00fablico de pasajeros por parte de estudiantes de la escuela normal rural L\u00e1zaro C\u00e1rdenas del R\u00edo ubicada en la vecina poblaci\u00f3n de Tecomatl\u00e1n, en el oriente de la cabecera municipal de Tenancingo en el sur del Estado de M\u00e9xico. Los permisionarios de L\u00edneas Unidas del Sur y est\u00e1n cansados de la debilidad gubernamental.<\/p>\n<p>La responsabilidad inicial de que haya paz p\u00fablica y buen gobierno en suelo mexiquense deber\u00eda ser del responsable de la pol\u00edtica interior como llaman pomposamente al secretario general de gobierno, Alejandro Rivero, pero da la casualidad de que ni \u00e9l ni el secretario de Movilidad, Raymundo Mart\u00ednez Carbajal, ni dan la cara y menos soluci\u00f3n a este eterno problema.<\/p>\n<p>Hace escasos dos meses los estudiantes de Tener\u00eda devolvieron camiones y choferes con la promesa de volver a sus andadas pero para variar, incumplieron por conocer la fuerte debilidad del gobierno mexiquense, sobre todo ante los estudiantes.<\/p>\n<p>Pero tambi\u00e9n ante el \u201cpulpo\u201d camionero urbano que pide y le dan aumento de tarifas.<\/p>\n<p><a href=\"mailto:elefa44@gmail.com\" target=\"_blank\" rel=\"noopener noreferrer\"><em>elefa44@gmail.com<\/em><\/a><\/p>\n","protected":false},"excerpt":{"rendered":"<p><span style=\"color: #005497;\"><strong>Eleazar Flores<\/strong><\/span><\/p>\n","protected":false},"author":3,"featured_media":0,"comment_status":"open","ping_status":"open","sticky":false,"template":"","format":"standard","meta":{"_monsterinsights_skip_tracking":false,"_monsterinsights_sitenote_active":false,"_monsterinsights_sitenote_note":"","_monsterinsights_sitenote_category":0,"footnotes":""},"categories":[81743],"tags":[81744,81776,43674],"class_list":["post-458415","post","type-post","status-publish","format-standard","hentry","category-eleazar-flores","tag-eleazar-flores","tag-espacio-electoral","tag-opinion"],"_links":{"self":[{"href":"https:\/\/www.diarioimagen.net\/index.php?rest_route=\/wp\/v2\/posts\/458415","targetHints":{"allow":["GET"]}}],"collection":[{"href":"https:\/\/www.diarioimagen.net\/index.php?rest_route=\/wp\/v2\/posts"}],"about":[{"href":"https:\/\/www.diarioimagen.net\/index.php?rest_route=\/wp\/v2\/types\/post"}],"author":[{"embeddable":true,"href":"https:\/\/www.diarioimagen.net\/index.php?rest_route=\/wp\/v2\/users\/3"}],"replies":[{"embeddable":true,"href":"https:\/\/www.diarioimagen.net\/index.php?rest_route=%2Fwp%2Fv2%2Fcomments&post=458415"}],"version-history":[{"count":0,"href":"https:\/\/www.diarioimagen.net\/index.php?rest_route=\/wp\/v2\/posts\/458415\/revisions"}],"wp:attachment":[{"href":"https:\/\/www.diarioimagen.net\/index.php?rest_route=%2Fwp%2Fv2%2Fmedia&parent=458415"}],"wp:term":[{"taxonomy":"category","embeddable":true,"href":"https:\/\/www.diarioimagen.net\/index.php?rest_route=%2Fwp%2Fv2%2Fcategories&post=458415"},{"taxonomy":"post_tag","embeddable":true,"href":"https:\/\/www.diarioimagen.net\/index.php?rest_route=%2Fwp%2Fv2%2Ftags&post=458415"}],"curies":[{"name":"wp","href":"https:\/\/api.w.org\/{rel}","templated":true}]}}