{"id":458419,"date":"2020-02-03T00:06:24","date_gmt":"2020-02-03T06:06:24","guid":{"rendered":"https:\/\/www.diarioimagen.net\/?p=458419"},"modified":"2020-02-03T00:59:58","modified_gmt":"2020-02-03T06:59:58","slug":"centroamericanos-le-toman-la-medida-a-mexico-2","status":"publish","type":"post","link":"https:\/\/www.diarioimagen.net\/?p=458419","title":{"rendered":"Centroamericanos le toman la medida a M\u00e9xico"},"content":{"rendered":"<h2>Como veo, doy<\/h2>\n<h5>Jorge Luis Galicia Palacios<\/h5>\n<p>&nbsp;<\/p>\n<ul>\n<li><strong><em>Honduras, Guatemala y Salvador expulsan problemas como el <\/em><em>origen en la pobreza y la violencia, M\u00e9xico los recoge.<\/em><\/strong><\/li>\n<\/ul>\n<p>&nbsp;<\/p>\n<p>Vaya que los migrantes centroamericanos ya le tomaron la medida a las autoridades nacionales, saben que nuestro pa\u00eds tiene un acuerdo con el pa\u00eds de las barras y las estrellas, donde las primeras se han comprometido a no dejar que los indocumentados sigan utilizando a M\u00e9xico en su intento por alcanzar el sue\u00f1o americano y las segundas nos venden la idea de mejores dividendos en materia de cooperaci\u00f3n comercial y seguridad, eso en tanto los migrantes aludidos se organizan una y otra vez para turistear un rato por la tierra que no nada m\u00e1s los recibe con los brazos abiertos sino que, adem\u00e1s, les brinda un trabajo que en su lugar de origen no tienen.<\/p>\n<p>En ese contexto, el fen\u00f3meno migratorio que en estos d\u00edas se registra en los m\u00e1rgenes de los R\u00edos Suchiate, Usumacinta y Hondo, adem\u00e1s de los puentes fronterizos de Ciudad Hidalgo y Talism\u00e1n, aunque irregular, no debe ser pretexto ni para endiosar el movimiento ni para criminalizar su actitud, porque si una tradici\u00f3n tiene la pol\u00edtica mexicana es la del respeto a valores fundamentales plasmados en los tratados internacionales como son los derechos humanos y el respeto a la vida, pero eso no quiere decir que eso d\u00e9 lugar a omisiones de principios que hablan de legalidad.<\/p>\n<p>Es cierto, los migrantes hablan de pobreza, de falta de empleo y violencia en sus pa\u00edses de origen, pero esos temas no son exclusivos de ellos, en M\u00e9xico las cosas no andan mejor y si bien es cierto que el gobierno hace esfuerzos por instrumentar esquemas que rompan con la brecha de desigualdad e injusticia social, eso no se ha logrado y los \u00edndices de desempleo no han disminuido, por lo que habitantes de comunidades alejadas de los centros urbanos ven con mucha expectativa y esperanza programas como sembrando vida, y que \u00e9stos los ayuden a paliar su situaci\u00f3n de escasez y pobreza econ\u00f3mica.<\/p>\n<p>Nos queda claro, estamos hablando de seres humanos, los migrantes merecen que alguien les tienda la mano, pero ante la actitud beligerante o de exigencia con la que llegan a la frontera sur, ya es tiempo que se les diga que ya dejen de ver a M\u00e9xico como el pa\u00eds de la beneficencia p\u00fablica, eso en lugar de seguirlos alentando con todo tipo de apoyos, como es transporte, comida, ropa, trabajo y hasta vivienda, trato que ya quisieran, aunque sea de vez en cuando, algunos mexicanos de parte de sus autoridades.<\/p>\n<p>Todav\u00eda no llega la totalidad de la caravana que en estos d\u00edas se movilizan hacia a la frontera sur y en M\u00e9xico ya se anunci\u00f3 el ofrecimiento de empleo, lo cual lejos de desalentar, inhibir o evitar la llegada, hace que muchos m\u00e1s se sumen al flujo migratorio y con esas ofertas pareciera que lo que se busca es formar colonias de migrantes en la frontera sur, igual que la de los haitianos que se encuentran en Tijuana, frontera norte del pa\u00eds. Que conste.<\/p>\n<p><strong>VA MI RESTO<\/strong>.- \u201cPor encima de las fronteras est\u00e1 la justicia y la fraternidad de los pueblos\u201d, dijo a mediados del a\u00f1o pasado el titular del Ejecutivo federal, Andr\u00e9s Manuel L\u00f3pez Obrador, en el contexto de los esfuerzos que en ese momento se hac\u00edan en la frontera sur por contener una caravana de migrantes centroamericanos que hab\u00edan iniciado su camino rumbo al sue\u00f1o americano, es decir con destino a los Estados Unidos de Norteam\u00e9rica.<\/p>\n<p>En aquel mensaje del mandatario mexicano, emitido en tierras chiapanecas, en el marco de la recepci\u00f3n que se hizo al presidente de la Rep\u00fablica de El Salvador, Nayib Bukele, y donde se present\u00f3 el programa Sembrando vida, que comprende un Plan de Desarrollo para la Migraci\u00f3n, se dijo que esa estrategia de M\u00e9xico iniciaba en el sureste mexicano con la siembra de 200 mil hect\u00e1reas de \u00e1rboles frutales y maderables, lo que en t\u00e9rminos laborales significar\u00eda la creaci\u00f3n de 80 mil empleos permanentes para productores, ejidatarios y peque\u00f1os propietarios, tan s\u00f3lo en el estado de Chiapas, aunque aclar\u00f3 que en esos primeros beneficios estaban incluidos sus paisanos de Tabasco.<\/p>\n<p>La oferta laboral no qued\u00f3 ah\u00ed, dijo que bajo este esquema se generar\u00edan 20 mil empleos en El Salvador, donde se esperaba la siembra de 50 hect\u00e1reas. L\u00f3pez Obrador fue m\u00e1s all\u00e1 al se\u00f1alar que esa estrategia llegar\u00eda hasta los pa\u00edses de Honduras y Guatemala, con apoyos econ\u00f3micos del gobierno mexicano, y que esperaba como resultado que esa regi\u00f3n fuese ejemplo a nivel mundial de c\u00f3mo se debe practicar la fraternidad universal: \u201cPor encima de las fronteras est\u00e1 la justicia y la fraternidad de los pueblos\u201d, enfatiz\u00f3.<\/p>\n<p>Las palabras del mandatario mexicano vienen a colaci\u00f3n porque nuevamente la frontera sur de M\u00e9xico es escenario de desencuentros entre elementos de la guardia nacional y migrantes provenientes de Honduras quienes, dicen, tienen la intensi\u00f3n de cruzar la l\u00ednea fronteriza \u201cen busca de un empleo\u201d y advierten que, con o sin permiso de las autoridades mexicanas, en estos d\u00edas intentar\u00e1n continuar el \u00e9xodo rumbo a tierras estadounidenses, pero no descartan quedarse en territorio mexicano si aqu\u00ed encuentran trabajo.<\/p>\n<p>Y ante este escenario de bondad, de comprensi\u00f3n, de solidaridad, muchos nos preguntamos qu\u00e9 est\u00e1n haciendo las autoridades de los pa\u00edses centroamericanos para detener los flujos migratorios que salen de sus tierras o acaso ya tambi\u00e9n ellos le tomaron la medida al gobierno mexicano y los problemas que ellos no pueden resolver quieren que ac\u00e1 tengan soluci\u00f3n, y hasta ah\u00ed porque como veo doy.<\/p>\n<p><em><a href=\"mailto:jorgelgalicia@yahoo.com.mx\" target=\"_blank\" rel=\"noopener noreferrer\">jorgelgalicia@yahoo.com.mx<\/a><\/em><\/p>\n","protected":false},"excerpt":{"rendered":"<p><span style=\"color: #005497;\"><strong>Jorge Luis Galicia Palacios<\/strong><\/span><\/p>\n","protected":false},"author":3,"featured_media":0,"comment_status":"open","ping_status":"open","sticky":false,"template":"","format":"standard","meta":{"_monsterinsights_skip_tracking":false,"_monsterinsights_sitenote_active":false,"_monsterinsights_sitenote_note":"","_monsterinsights_sitenote_category":0,"footnotes":""},"categories":[63916],"tags":[28722,63917,43674],"class_list":["post-458419","post","type-post","status-publish","format-standard","hentry","category-jorge-luis-galicia-palacios","tag-como-veo-doy","tag-jorge-luis-galicia-palacios","tag-opinion"],"_links":{"self":[{"href":"https:\/\/www.diarioimagen.net\/index.php?rest_route=\/wp\/v2\/posts\/458419","targetHints":{"allow":["GET"]}}],"collection":[{"href":"https:\/\/www.diarioimagen.net\/index.php?rest_route=\/wp\/v2\/posts"}],"about":[{"href":"https:\/\/www.diarioimagen.net\/index.php?rest_route=\/wp\/v2\/types\/post"}],"author":[{"embeddable":true,"href":"https:\/\/www.diarioimagen.net\/index.php?rest_route=\/wp\/v2\/users\/3"}],"replies":[{"embeddable":true,"href":"https:\/\/www.diarioimagen.net\/index.php?rest_route=%2Fwp%2Fv2%2Fcomments&post=458419"}],"version-history":[{"count":0,"href":"https:\/\/www.diarioimagen.net\/index.php?rest_route=\/wp\/v2\/posts\/458419\/revisions"}],"wp:attachment":[{"href":"https:\/\/www.diarioimagen.net\/index.php?rest_route=%2Fwp%2Fv2%2Fmedia&parent=458419"}],"wp:term":[{"taxonomy":"category","embeddable":true,"href":"https:\/\/www.diarioimagen.net\/index.php?rest_route=%2Fwp%2Fv2%2Fcategories&post=458419"},{"taxonomy":"post_tag","embeddable":true,"href":"https:\/\/www.diarioimagen.net\/index.php?rest_route=%2Fwp%2Fv2%2Ftags&post=458419"}],"curies":[{"name":"wp","href":"https:\/\/api.w.org\/{rel}","templated":true}]}}