{"id":458421,"date":"2020-02-03T00:08:38","date_gmt":"2020-02-03T06:08:38","guid":{"rendered":"https:\/\/www.diarioimagen.net\/?p=458421"},"modified":"2020-02-03T00:06:06","modified_gmt":"2020-02-03T06:06:06","slug":"el-tren-maya-podria-conectar-guatemala","status":"publish","type":"post","link":"https:\/\/www.diarioimagen.net\/?p=458421","title":{"rendered":"El Tren Maya podr\u00eda conectar Guatemala"},"content":{"rendered":"<h2>Detr\u00e1s del Poder<\/h2>\n<h5>Jos\u00e9 Antonio L\u00f3pez Sosa<\/h5>\n<p>&nbsp;<\/p>\n<p><strong>Madrid, Espa\u00f1a<\/strong>.- Conversamos en la Feria Internacional de Turismo (FITUR) con el diputado Luis Alegre, presidente de la comisi\u00f3n de turismo de la C\u00e1mara de Diputados. Entre otros temas que preguntamos, llam\u00f3 la atenci\u00f3n la informaci\u00f3n que nos dio con relaci\u00f3n al Tren Maya.<\/p>\n<p>La obra de infraestructura calificada como la sexenal de la administraci\u00f3n del presidente L\u00f3pez Obrador, ha sido controversial en el pa\u00eds, por ello le preguntamos al diputado Alegre, como vislumbra la percepci\u00f3n internacional, ante ello nos coment\u00f3 que el pasado 14 de enero, sostuvo una reuni\u00f3n en Guatemala con el presidente\u00a0Alejandro Giammattei, donde le comparti\u00f3 el proyecto del Tren R\u00e1pido de Guatemala que podr\u00eda convertir al Tren Maya, en una obra de proyecci\u00f3n internacional. Quedo con el presidente Giammattei, reunirse en conjunto \u2014incluyendo al director de FONATUR\u2014 para plantear un proyecto para construir un ramal de Calakmul (Campeche) a la frontera con Guatemala y a su vez, en Guatemala que se construya un ramal de Tikal (Flores) a la frontera con M\u00e9xico, esto dar\u00eda un car\u00e1cter de interconexi\u00f3n f\u00e9rrea internacional, tal como sucede en Europa, coment\u00f3 Luis Alegre.<\/p>\n<p>Se trata de un proyecto muy ambicioso, la conectividad del mundo maya ha sido muy pobre tur\u00edsticamente hablando. Cinco pa\u00edses compartimos el mundo maya (M\u00e9xico, Guatemala, Belice, El Salvador y Honduras) y entre ellos no hay m\u00e1s que carreteras en muy mal estado que interconecten a los pa\u00edses, ni siquiera hay vuelos regionales competitivos entre los estados del sureste mexicano y los pa\u00edses centroamericanos, por d\u00e9cadas se ha perdido la oportunidad de crear un producto tur\u00edstico multinacional.<\/p>\n<p>En breve \u2014nos coment\u00f3 Alegre\u2014 buscar\u00e1 reunirse con el primer ministro de Belice Dean Barrow, para buscar proyectar un ramal que tambi\u00e9n llegue a la frontera con Belice, para facilitar a los turistas nacionales e internacionales ir y venir a Belice con mayor facilidad.<\/p>\n<p>Hubo otros temas muy importantes, sobre todo en materia de reformas legislativas que tienen que ver con migraci\u00f3n, algunas ya votadas y otros proyectos que se encaminan a mejorar los procedimientos para recibir turistas en M\u00e9xico. En las siguientes entregas compartiremos dicha informaci\u00f3n.<\/p>\n<p><em><a href=\"http:\/\/www.lopezsosa.com\" target=\"_blank\" rel=\"noopener noreferrer\">www.lopezsosa.com<\/a><\/em><br \/>\n<em><a href=\"mailto:joseantonio@lopezsosa.com\" target=\"_blank\" rel=\"noopener noreferrer\">joseantonio@lopezsosa.com<\/a><\/em><br \/>\n<em><a href=\"http:\/\/twitter.com\/joseantonio1977\" target=\"_blank\" rel=\"noopener noreferrer\">@joseantonio1977<\/a><\/em><\/p>\n","protected":false},"excerpt":{"rendered":"<p><span style=\"color: #005497;\"><strong>Jos\u00e9 Antonio L\u00f3pez Sosa<\/strong><\/span><\/p>\n","protected":false},"author":3,"featured_media":0,"comment_status":"open","ping_status":"open","sticky":false,"template":"","format":"standard","meta":{"_monsterinsights_skip_tracking":false,"_monsterinsights_sitenote_active":false,"_monsterinsights_sitenote_note":"","_monsterinsights_sitenote_category":0,"footnotes":""},"categories":[637],"tags":[638,43690,43674],"class_list":["post-458421","post","type-post","status-publish","format-standard","hentry","category-jose-antonio-lopez-sosa","tag-detras-del-poder","tag-jose-antonio-lopez-sosa","tag-opinion"],"_links":{"self":[{"href":"https:\/\/www.diarioimagen.net\/index.php?rest_route=\/wp\/v2\/posts\/458421","targetHints":{"allow":["GET"]}}],"collection":[{"href":"https:\/\/www.diarioimagen.net\/index.php?rest_route=\/wp\/v2\/posts"}],"about":[{"href":"https:\/\/www.diarioimagen.net\/index.php?rest_route=\/wp\/v2\/types\/post"}],"author":[{"embeddable":true,"href":"https:\/\/www.diarioimagen.net\/index.php?rest_route=\/wp\/v2\/users\/3"}],"replies":[{"embeddable":true,"href":"https:\/\/www.diarioimagen.net\/index.php?rest_route=%2Fwp%2Fv2%2Fcomments&post=458421"}],"version-history":[{"count":0,"href":"https:\/\/www.diarioimagen.net\/index.php?rest_route=\/wp\/v2\/posts\/458421\/revisions"}],"wp:attachment":[{"href":"https:\/\/www.diarioimagen.net\/index.php?rest_route=%2Fwp%2Fv2%2Fmedia&parent=458421"}],"wp:term":[{"taxonomy":"category","embeddable":true,"href":"https:\/\/www.diarioimagen.net\/index.php?rest_route=%2Fwp%2Fv2%2Fcategories&post=458421"},{"taxonomy":"post_tag","embeddable":true,"href":"https:\/\/www.diarioimagen.net\/index.php?rest_route=%2Fwp%2Fv2%2Ftags&post=458421"}],"curies":[{"name":"wp","href":"https:\/\/api.w.org\/{rel}","templated":true}]}}