{"id":458552,"date":"2020-02-04T00:02:06","date_gmt":"2020-02-04T06:02:06","guid":{"rendered":"https:\/\/www.diarioimagen.net\/?p=458552"},"modified":"2020-02-03T21:41:47","modified_gmt":"2020-02-04T03:41:47","slug":"maniobra-burda-de-amlo-para-evitar-hablar-de-la-boda-de-hija-de-el-chapo","status":"publish","type":"post","link":"https:\/\/www.diarioimagen.net\/?p=458552","title":{"rendered":"Maniobra burda de AMLO para evitar hablar de la boda de hija de \u201cEl Chapo\u201d"},"content":{"rendered":"<h2>La Retaguardia<\/h2>\n<h5>Adriana Moreno Cordero<\/h5>\n<p>&nbsp;<\/p>\n<p>Resulta ser una maniobra por dem\u00e1s burda la que hizo ayer ni m\u00e1s ni menos que el presidente <strong>Andr\u00e9s Manuel L\u00f3pez Obrador<\/strong>, en su gustad\u00edsima conferencia de prensa ma\u00f1anera para evitar hablar de lo que sin duda fue el evento del fin de semana: la boda de la hija de <strong>Joaqu\u00edn, \u201cel Chapo\u201d Guzm\u00e1n<\/strong>, <strong>Grisel Guadalupe Guzm\u00e1n L\u00e1pez<\/strong>, quien se despos\u00f3 con <strong>Edgar C\u00e1zares<\/strong>, que con todo lujo y sin reparar en lo m\u00e1s m\u00ednimo en la tan llevada y tra\u00edda austeridad que tanto reclama la llamada cuarta transformaci\u00f3n, se llev\u00f3 a cabo en Culiac\u00e1n, Sinaloa.<\/p>\n<p>\u00bfCon qu\u00e9 cara habr\u00eda salido el presidente a hablar sobre ese tema y de pasadita, el secretario de Seguridad y Protecci\u00f3n Ciudadana, <strong>Alfonso Durazo<\/strong>, que por cierto, no ha asomado la cara?<\/p>\n<p>Lo cierto es que ambos no tienen nada qu\u00e9 decir, sobre todo, despu\u00e9s del llamado \u201cCuliacanazo\u201d en el que fue aprehendido y luego liberado <strong>Ovidio Guzm\u00e1n<\/strong>, hijo tambi\u00e9n del l\u00edder del Cartel de Sinaloa y que se supone, fue invitado de honor a la boda que por cierto, los miembros de la Guardia Nacional, dejaron que se llevara a cabo en \u201csanta paz\u201d, ni un operativo ni nada, bueno, es l\u00f3gico, como no les salen. Es m\u00e1s, no ser\u00eda extra\u00f1o que los elementos que custodiaron a la feliz pareja, hubiera provenido de la autoridad. \u00bfSer\u00e1?, o, \u00bfde d\u00f3nde salieron?<\/p>\n<p>Por eso ayer y aprovechando que estuvieron en Palacio Nacional orquestas de ni\u00f1os oaxaque\u00f1os a los que se les dieron instrumentos comprados con recursos de la venta de joyas y autos que pertenecieron, precisamente a los narcos, el presidente L\u00f3pez Obrador, opt\u00f3 r\u00e1pidamente por se\u00f1alar que no habr\u00eda preguntas ni respuestas en su conferencia de prensa, que a ver si alcanzaba el tiempo y obviamente, no alcanz\u00f3.<\/p>\n<p>Mejor se dedic\u00f3 a pedirles piezas musicales a los ni\u00f1os que lo complacieron, entre otras piezas, con el que se considera el himno en Oaxaca, la \u201cCanci\u00f3n Mixteca\u201d y ah\u00ed como para no dejar, el Ejecutivo dijo que siempre ser\u00e1 preferible que un ni\u00f1o tenga un instrumento musical que un rifle.<\/p>\n<p>Hacia el final, el tabasque\u00f1o inform\u00f3 que la rifa del avi\u00f3n presidencial es ya, casi, casi, un hecho que se llevar\u00eda a cabo el 5 de Mayo. Verdaderamente ya es muy enfadoso que el presidente suponga que con esa facilidad le puede ver la cara de\u2026 a sus gobernados y que todos le van a \u201ccomprar\u201d su valios\u00edsima \u201cinformaci\u00f3n\u201d, o sea, la cortina de la venta del avi\u00f3n presidencial. Con raz\u00f3n, su credibilidad va cayendo cada vez m\u00e1s y m\u00e1s.<\/p>\n<p style=\"text-align: center;\"><strong>MUNICIONES<\/strong><\/p>\n<p>*** Como parte del programa de trabajo y restructuraci\u00f3n territorial, la dirigencia del PRD de la Ciudad de M\u00e9xico, dio por concluida la primera etapa de las mesas de an\u00e1lisis pol\u00edtico en las que participaron\u00a0 los integrantes de los comit\u00e9s perredistas de las 16 alcald\u00edas, con el objetivo elaborar un diagn\u00f3stico de la realidad pol\u00edtico-social que vive la capital del pa\u00eds y establecer la ruta y visi\u00f3n rumbo al proceso electoral de 2021.\u00a0\u00a0El evento encabezado por los dirigentes <strong>Nora Arias Contreras<\/strong> y <strong>Carlos Estrada Mer\u00e1z<\/strong>, se\u00f1alaron que el objetivo consisti\u00f3 en que los participantes aportaran su conocimiento y experiencia en cuanto al trabajo territorial a fin de generar propuestas encaminadas a mejorar y aumentar el posicionamiento y preferencia de los electores en la Ciudad de M\u00e9xico. De manera paralela la Reuni\u00f3n Plenaria de diputados y senadores, durante cinco d\u00edas los militantes debatieron sobre la realidad social y pol\u00edtica de sus colonias, y quienes a su vez recogieron la opini\u00f3n\u00a0 de la ciudadan\u00eda respecto a las condiciones que prevalecen a un a\u00f1o de gobierno de <strong>Claudia Sheinbaum<\/strong> y las alcald\u00edas. Arias Contreras se\u00f1al\u00f3 que durante la \u00faltima mesa del taller los integrantes expresaron lo que el partido ha representado para ellos y en sus colonias, pues son la mesa de j\u00f3venes y los liderazgos de cada uno de los comit\u00e9s de las 16 alcald\u00edas quienes conocen de cerca\u00a0 el pulso y el sentir de la ciudadan\u00eda. La ex delegada en Gustavo A. Madero reconoci\u00f3 la convicci\u00f3n que cada uno de los integrantes ha demostrado para defender al partido ya que en la medida que ellos conozcan y reconozcan las causas y luchas sociales que el PRD ha defendido, ser\u00e1n capaces de emitir ese sentimiento y ese valor al resto de los habitantes de la ciudad.<\/p>\n<p>*** Pero qu\u00e9 casualidad que luego de veinte a\u00f1os de matrimonio, el exgobernador de Veracruz, <strong>Javier Duarte de Ochoa<\/strong> y su esposa, <strong>Karime Lozano<\/strong>, hayan hecho p\u00fablico que desde octubre del a\u00f1o pasado, firmaron el divorcio. Ahora, \u201cJavid\u00fa\u201d le tendr\u00e1 que pasar algo as\u00ed como 180 mil pesos mensuales de pensi\u00f3n a ella y a sus tres hijos, ya que la se\u00f1ora Lozano, se queda con la custodia de ellos. Pero m\u00e1s casualidad es que un tribunal federal orden\u00f3 devolver dos departamentos de lujo que est\u00e1n a nombre de un cu\u00f1ado de Karime Mac\u00edas<strong>, Jos\u00e9 Armando Rodr\u00edguez<\/strong>, esposo de <strong>M\u00f3nica Mac\u00edas Tubilla<\/strong> y que fue se\u00f1alado como presunto prestanombres de Duarte. Lo dicho, se nota que \u201cla mano que mece la cuna\u201d en este asunto, proviene de Palacio Nacional, pues a Duarte de Ochoa, no lo tocan ni \u201ccon el p\u00e9talo de una rosa\u201d. As\u00ed las cosas, al rato saldr\u00e1 de prisi\u00f3n \u00bfno?<\/p>\n<p>*** Resulta ser que el senador <strong>Napole\u00f3n G\u00f3mez Urrutia<\/strong>, ahora lleg\u00f3 al extremo de falsificar la edici\u00f3n del diario argentino, La Naci\u00f3n, para faltar a la verdad y se\u00f1alar que la empresa mexicana Altos Hornos de M\u00e9xico (AHMSA), ya fue vendida a la empresa Ternium, subsidiaria del Grupo Techint, de ese pa\u00eds. El Sindicato Nacional Democr\u00e1tico de Trabajadores Mineros, Metal\u00fargicos, Sider\u00fargicos y Conexos, se\u00f1ala que esta <em>fake news<\/em>, fue emitida por el propio G\u00f3mez Urrutia en redes sociales, con la finalidad de mentir y distorsionar la realidad, ya que no aparece esa informaci\u00f3n en el portal informativo del medio de comunicaci\u00f3n, con fecha 24 de enero, ni tampoco en el buscador Google, como memoria cach\u00e9, que detecta publicaciones anteriores. El Sindicato Nacional Democr\u00e1tico de Trabajadores Mineros, cuyo secretario general es <strong>Ismael Leija Escalante<\/strong> y como vocero a <strong>Gerardo Flores Escobedo<\/strong>, indic\u00f3 que detenta la titularidad de contratos colectivos de trabajo de AHMSA, que en la nota falsa se adjudica la agrupaci\u00f3n de G\u00f3mez Urrutia, adem\u00e1s de que se inmiscuye a la secretaria del Trabajo y Previsi\u00f3n Social, de <strong>Luisa Mar\u00eda Alcalde<\/strong>, como \u201cdefensora\u201d de los contratos de la sider\u00fargica mexicana. Menciona que en la falsa nota distribuida por la organizaci\u00f3n de G\u00f3mez Urrutia, que no tiene relaci\u00f3n contractual con AHMSA, aparecen su logotipo, al lado de los de la Secretar\u00eda del Trabajo y Previsi\u00f3n Social y del Grupo Ternium, con la finalidad de pretender darle credibilidad a esa versi\u00f3n, pero que est\u00e1 totalmente fuera del estilo period\u00edstico de La Naci\u00f3n. Destaca que dicha secretar\u00eda obviamente no tiene relaci\u00f3n alguna en la operaci\u00f3n que realiza AHMSA para capitalizarse, porque se trata de una transacci\u00f3n entre particulares.<\/p>\n<p><a href=\"mailto:morcora@gmail.com\" target=\"_blank\" rel=\"noopener noreferrer\"><em>morcora@gmail.com<\/em><\/a><\/p>\n","protected":false},"excerpt":{"rendered":"<p><span style=\"color: #005497;\"><strong>Adriana Moreno Cordero<\/strong><\/span><\/p>\n","protected":false},"author":3,"featured_media":0,"comment_status":"open","ping_status":"open","sticky":false,"template":"","format":"standard","meta":{"_monsterinsights_skip_tracking":false,"_monsterinsights_sitenote_active":false,"_monsterinsights_sitenote_note":"","_monsterinsights_sitenote_category":0,"footnotes":""},"categories":[69370],"tags":[69369,69368,43674],"class_list":["post-458552","post","type-post","status-publish","format-standard","hentry","category-adriana-moreno-cordero","tag-adriana-moreno-cordero","tag-la-retaguardia","tag-opinion"],"_links":{"self":[{"href":"https:\/\/www.diarioimagen.net\/index.php?rest_route=\/wp\/v2\/posts\/458552","targetHints":{"allow":["GET"]}}],"collection":[{"href":"https:\/\/www.diarioimagen.net\/index.php?rest_route=\/wp\/v2\/posts"}],"about":[{"href":"https:\/\/www.diarioimagen.net\/index.php?rest_route=\/wp\/v2\/types\/post"}],"author":[{"embeddable":true,"href":"https:\/\/www.diarioimagen.net\/index.php?rest_route=\/wp\/v2\/users\/3"}],"replies":[{"embeddable":true,"href":"https:\/\/www.diarioimagen.net\/index.php?rest_route=%2Fwp%2Fv2%2Fcomments&post=458552"}],"version-history":[{"count":0,"href":"https:\/\/www.diarioimagen.net\/index.php?rest_route=\/wp\/v2\/posts\/458552\/revisions"}],"wp:attachment":[{"href":"https:\/\/www.diarioimagen.net\/index.php?rest_route=%2Fwp%2Fv2%2Fmedia&parent=458552"}],"wp:term":[{"taxonomy":"category","embeddable":true,"href":"https:\/\/www.diarioimagen.net\/index.php?rest_route=%2Fwp%2Fv2%2Fcategories&post=458552"},{"taxonomy":"post_tag","embeddable":true,"href":"https:\/\/www.diarioimagen.net\/index.php?rest_route=%2Fwp%2Fv2%2Ftags&post=458552"}],"curies":[{"name":"wp","href":"https:\/\/api.w.org\/{rel}","templated":true}]}}