{"id":458558,"date":"2020-02-04T00:04:08","date_gmt":"2020-02-04T06:04:08","guid":{"rendered":"https:\/\/www.diarioimagen.net\/?p=458558"},"modified":"2020-02-03T21:48:26","modified_gmt":"2020-02-04T03:48:26","slug":"mexico-paga-el-muro-trump-2","status":"publish","type":"post","link":"https:\/\/www.diarioimagen.net\/?p=458558","title":{"rendered":"M\u00e9xico paga el muro: Trump"},"content":{"rendered":"<h2>Punto por punto<\/h2>\n<h5>Augusto Corro<\/h5>\n<p>&nbsp;<\/p>\n<p>En un mitin electorero, el mandatario estadounidense, Donald Trump, dijo que a final de cuentas y muy amablemente, el muro fronterizo est\u00e1 siendo pagado por M\u00e9xico. Afirm\u00f3 que le conviene al gobierno mexicano.<\/p>\n<p>\u201cNos gusta mucho M\u00e9xico y nos llevamos muy bien con ellos y su presidente es amigo m\u00edo, y est\u00e1 haciendo un trabajo fant\u00e1stico \u2013en la frontera\u2014 y es una situaci\u00f3n dif\u00edcil, pero M\u00e9xico est\u00e1, de hecho, pronto lo averiguar\u00e1n, pagando el muro\u201d, explic\u00f3 Trump.<\/p>\n<p>Tambi\u00e9n expres\u00f3 que se trata de una barrera vital para impedir que drogas mortales lleguen a las comunidades estadounidenses, y \u201clo que estamos haciendo es deteniendo las drogas en cifras hist\u00f3ricas\u201d.<\/p>\n<p>Quiz\u00e1 M\u00e9xico no paga en d\u00f3lares la construcci\u00f3n del muro trumpiano, pero s\u00ed colabora en la disminuci\u00f3n del flujo migratorio y hasta donde se puede en el control del narcotr\u00e1fico. En t\u00e9rminos generales, la imagen de M\u00e9xico se ve afectada por el posible mal trato a los migrantes centroamericanos.<\/p>\n<p>En el presente, hasta el propio Porfirio Mu\u00f1oz Ledo, convertido en conciencia cr\u00edtica de Morena, pidi\u00f3 la destituci\u00f3n del titular de Instituto Nacional de Migraci\u00f3n (INM), Francisco Gardu\u00f1o, \u201cpor las agresiones contra la caravana de migrantes centroamericanos a manos de la Guardia Nacional\u201d.<\/p>\n<p>La \u00faltima versi\u00f3n sobre lo que ocurre en la frontera sur es que las autoridades mexicanas se niegan a que organizaciones civiles visiten los albergues fronterizos para comprobar que no se violan los derechos humanos de los indocumentados.<\/p>\n<p>La problem\u00e1tica social migratorio es mundial. En los \u00faltimos a\u00f1os, se agudiz\u00f3 la crisis migratoria en Latinoam\u00e9rica. En Centroam\u00e9rica se increment\u00f3 la pobreza y la violencia. Son millones de personas que huyen de la miseria y de las acciones criminales. Todos tienen en la mente radicar en Estados Unidos.<\/p>\n<p>Y el problema surge cuando los migrantes tienen que conseguir los permisos para viajar por territorio mexicano rumbo al vecino pa\u00eds del norte. Y el compromiso de M\u00e9xico es frenar o evitar el paso de miles de personas por las aduanas de la frontera sur.<\/p>\n<p>Solo que no todos son pacientes para esperar la autorizaci\u00f3n oficial que les permita internarse en M\u00e9xico. Tambi\u00e9n son cientos de centroamericanos y de otras nacionalidades que cruzan los l\u00edmites fronterizos donde no hay autoridades que lo eviten.<\/p>\n<p>Por otra parte, el discurso de Trump obedece a la temporada de elecciones en EU y a la conducta fr\u00edvola del mandatario estadounidense, quien para continuar en el\u00a0 poder no tiene l\u00edmites en sus discursos y en sus acciones.<\/p>\n<p>No es grato para el gobierno, supongo, que el magnate de la construcci\u00f3n lo felicite para la pol\u00edtica de contenci\u00f3n que se lleva a la pr\u00e1ctica contra los migrantes, es decir, hacer el trabajo sucio a los estadounidenses, como ocurre en la frontera sur de M\u00e9xico, donde la GN tiene que distraer sus funciones de seguridad a la sociedad.<\/p>\n<p>El problema migratorio podr\u00e1 controlarse temporalmente, pero mientras no se vaya a fondo en la b\u00fasqueda de una soluci\u00f3n, las caravanas de centroamericanos llegar\u00e1n a M\u00e9xico, cada vez con m\u00e1s personas necesitadas en busca de mejores condiciones de vida.<\/p>\n<p>Los compromisos de los gobiernos de los\u00a0 pa\u00edses involucrados en la migraci\u00f3n desordenada no se cumplen. Por ejemplo, se habl\u00f3 de inversiones multinacionales para la creaci\u00f3n de empleos. Parece que esa iniciativa naci\u00f3 muerta.<\/p>\n<p>En el asunto del combate al tr\u00e1fico de drogas la participaci\u00f3n de Trump es de acuerdo a su conveniencia. Ah\u00ed est\u00e1 el contrabando de armas que, por los altos \u00edndices de criminalidad, se deduce que las pistolas y los rifles de alto poder terminan en las manos de los criminales. \u00bfQu\u00e9 hace el gobierno de Trump para frenar el paso ilegal de armas a nuestro pa\u00eds? Los propios delincuentes se\u00f1alaron que el muro fronterizo norte\u00f1o no ser\u00e1 obst\u00e1culo que evite el trasiego de drogas.<\/p>\n<p>La frontera sur mexicana ya funciona como un muro trumpiano. M\u00e9xico tuvo que aceptar controlar el flujo migratorio si no quer\u00eda que se aplicaran aranceles a sus productos. Ante la amenaza, el gobierno mexicano cedi\u00f3 a las presiones del magnate de la construcci\u00f3n.<\/p>\n<p>El conflicto migratorio continuar\u00e1. No se ve cercana una soluci\u00f3n. Y no la habr\u00e1 mientras contin\u00faen pobreza, marginaci\u00f3n y violencia. \u00bfUsted qu\u00e9 opina amable lector?<\/p>\n<p><span class=\"Apple-converted-space\"><em><u><a href=\"mailto:aco2742@hotmail.com\" target=\"_blank\" rel=\"noopener noreferrer\">aco2742@hotmail.com<\/a><\/u><\/em><\/span><\/p>\n","protected":false},"excerpt":{"rendered":"<p><span style=\"color: #005497;\"><strong>Augusto Corro<\/strong><\/span><\/p>\n","protected":false},"author":3,"featured_media":0,"comment_status":"open","ping_status":"open","sticky":false,"template":"","format":"standard","meta":{"_monsterinsights_skip_tracking":false,"_monsterinsights_sitenote_active":false,"_monsterinsights_sitenote_note":"","_monsterinsights_sitenote_category":0,"footnotes":""},"categories":[157],"tags":[43686,43674,11515],"class_list":["post-458558","post","type-post","status-publish","format-standard","hentry","category-augusto-corro","tag-augusto-corro","tag-opinion","tag-punto-por-punto"],"_links":{"self":[{"href":"https:\/\/www.diarioimagen.net\/index.php?rest_route=\/wp\/v2\/posts\/458558","targetHints":{"allow":["GET"]}}],"collection":[{"href":"https:\/\/www.diarioimagen.net\/index.php?rest_route=\/wp\/v2\/posts"}],"about":[{"href":"https:\/\/www.diarioimagen.net\/index.php?rest_route=\/wp\/v2\/types\/post"}],"author":[{"embeddable":true,"href":"https:\/\/www.diarioimagen.net\/index.php?rest_route=\/wp\/v2\/users\/3"}],"replies":[{"embeddable":true,"href":"https:\/\/www.diarioimagen.net\/index.php?rest_route=%2Fwp%2Fv2%2Fcomments&post=458558"}],"version-history":[{"count":0,"href":"https:\/\/www.diarioimagen.net\/index.php?rest_route=\/wp\/v2\/posts\/458558\/revisions"}],"wp:attachment":[{"href":"https:\/\/www.diarioimagen.net\/index.php?rest_route=%2Fwp%2Fv2%2Fmedia&parent=458558"}],"wp:term":[{"taxonomy":"category","embeddable":true,"href":"https:\/\/www.diarioimagen.net\/index.php?rest_route=%2Fwp%2Fv2%2Fcategories&post=458558"},{"taxonomy":"post_tag","embeddable":true,"href":"https:\/\/www.diarioimagen.net\/index.php?rest_route=%2Fwp%2Fv2%2Ftags&post=458558"}],"curies":[{"name":"wp","href":"https:\/\/api.w.org\/{rel}","templated":true}]}}