{"id":458560,"date":"2020-02-04T00:06:29","date_gmt":"2020-02-04T06:06:29","guid":{"rendered":"https:\/\/www.diarioimagen.net\/?p=458560"},"modified":"2020-02-04T00:15:22","modified_gmt":"2020-02-04T06:15:22","slug":"el-nuevo-modelo-economico","status":"publish","type":"post","link":"https:\/\/www.diarioimagen.net\/?p=458560","title":{"rendered":"El nuevo modelo econ\u00f3mico"},"content":{"rendered":"<h2>Con mi mano izquierda&#8230;<\/h2>\n<h5>Edgar G\u00f3mez Flores<\/h5>\n<p>&nbsp;<\/p>\n<p>La semana pasada estuvo presente, en la opini\u00f3n p\u00fablica, el anuncio del Instituto Nacional de Estad\u00edstica Geograf\u00eda e Inform\u00e1tica (INEGI) sobre la ca\u00edda del Producto Interno Bruto de M\u00e9xico en 2019. La contracci\u00f3n de un .5% realmente es una reducci\u00f3n del 2% comparado con la tasa promedio de crecimiento de la poblaci\u00f3n mexicana, la cual ha ascendido a 1.5% anual. Esto quiere decir que la econom\u00eda se contrae cuando la poblaci\u00f3n se est\u00e1 expandiendo. Sin embargo, el Presidente de nuestra multicitada Cuarta Transformaci\u00f3n mexicana comenta que \u00e9l \u201ctiene otros datos\u201d, aun cuando el INEGI es un organismo del estado, confiable y oportuno, para tomar decisiones de pol\u00edtica p\u00fablica. \u00bfEn verdad el presidente tiene otros datos, tiene otro modelo econ\u00f3mico en la cabeza o est\u00e1 desarrollando un modelo de bienestar social ajeno al desarrollo econ\u00f3mico? La respuesta debemos encontrarla en el rompecabezas de la comunican social de la Presidencia de la Rep\u00fablica.<\/p>\n<p>Primero, el presidente se siente tranquilo con sus propios datos; sin embargo, no comparte los mismos, mucho menos sus fuentes. Esto nos hace pensar que dichos datos no existen y solo son un paliativo para \u201cpatear la lata\u201d hacia delante. As\u00ed como pide amor y paz cuando los periodistas lo cuestionan sobre los insultos del presidente de Estados Unidos de Am\u00e9rica, el Republicano Donald Trump, hacia nuestro pa\u00eds.<\/p>\n<p>Segundo, si Andr\u00e9s Manuel L\u00f3pez Obrador se sintiera c\u00f3modo con sus datos, los cuales le hablan de un M\u00e9xico pr\u00f3spero y con menos desigualdad, no habr\u00eda tomado la iniciativa de crear una coordinaci\u00f3n de gabinete para el fomento de inversiones y crecimiento econ\u00f3mico liderado por el Jefe de la Oficina de la Presidencia, el ingeniero Alfonso Romo. Esto confirma que el Primer Mandatario no se siente c\u00f3modo con los resultados 2019 y las proyecciones 2020 que a lo mucho dan un crecimiento del 1%.<\/p>\n<p>Debemos entender que la econom\u00eda est\u00e1 llena de expectativas. El valor presente tiene un componente amplio de lo que se espera del futuro. Y, el futuro, se vislumbra con las palabras que HOY los agentes econ\u00f3micos vierten al mercado. Por esto, la decisi\u00f3n de silenciar a la Secretaria de Energ\u00eda, es un buen inicio. Dej\u00e9mosla en la Jefatura del Proyecto de la Refiner\u00eda Dos Bocas y que el ingeniero Romo le d\u00e9 voz a la iniciativa privada que quiere invertir en la infraestructura p\u00fablica que el pa\u00eds requiere.<\/p>\n<p>Por su parte, nuestro Presidente debe entender que las emociones ideol\u00f3gicas requieren ordenarse para emitir un plan sustentable de largo plazo. Es cierto que, en los momentos de mayor crecimiento econ\u00f3mico, nuestro pa\u00eds no derram\u00f3 bienestar social a las clases m\u00e1s bajas o el avance fue m\u00ednimo. Lo que nos mantiene en el grado de desigualdad m\u00e1s importante de la regi\u00f3n.<\/p>\n<p>Entiendo la idea de Andr\u00e9s Manuel sobre la medici\u00f3n neoliberal del PIB; pero no hace un planteamiento serio. Por el contrario contesta a sus adversarios con la chequera abierta de los programas sociales. Los cuales, por su estructura actual, fomentan la econom\u00eda informal y la evasi\u00f3n de impuestos. Se requiere, en t\u00e9rminos energ\u00e9ticos, crear un ciclo combinado de recursos dispersados por el Gobierno. Donde la gente con dinero adicional se empodere y empodere a la econom\u00eda. Caso contrario, dar dinero a la gente sin reglas, sin estructura y sin un plan har\u00e1 que la econom\u00eda sea una generaci\u00f3n de energ\u00eda a cielo abierto, donde se contamine el ambiente econ\u00f3mico, se tengan p\u00e9rdidas t\u00e9cnicas y a la larga no tengamos combustible para seguir avanzando al 4% anual promedio como lo prometi\u00f3 en campa\u00f1a.<\/p>\n<p>Las locuras de un genio consolidan la creatividad, las de un ignorante no dejar\u00e1n de ser ocurrencias. Dejemos que nuestro presidente nos muestre qu\u00e9 tan creativo puede llegar a ser.<\/p>\n<p><a href=\"mailto:edgargomez_cide@yahoo.com.mx\"><em>edgargomez_cide@yahoo.com.mx<\/em><\/a><\/p>\n","protected":false},"excerpt":{"rendered":"<p><span style=\"color: #005497;\"><strong>Edgar G\u00f3mez Flores<\/strong><\/span><\/p>\n","protected":false},"author":3,"featured_media":0,"comment_status":"open","ping_status":"open","sticky":false,"template":"","format":"standard","meta":{"_monsterinsights_skip_tracking":false,"_monsterinsights_sitenote_active":false,"_monsterinsights_sitenote_note":"","_monsterinsights_sitenote_category":0,"footnotes":""},"categories":[3819],"tags":[85911,85912,43674],"class_list":["post-458560","post","type-post","status-publish","format-standard","hentry","category-edgar-gomez-flores","tag-con-mi-mano-izquierda","tag-edgar-gomez-flores","tag-opinion"],"_links":{"self":[{"href":"https:\/\/www.diarioimagen.net\/index.php?rest_route=\/wp\/v2\/posts\/458560","targetHints":{"allow":["GET"]}}],"collection":[{"href":"https:\/\/www.diarioimagen.net\/index.php?rest_route=\/wp\/v2\/posts"}],"about":[{"href":"https:\/\/www.diarioimagen.net\/index.php?rest_route=\/wp\/v2\/types\/post"}],"author":[{"embeddable":true,"href":"https:\/\/www.diarioimagen.net\/index.php?rest_route=\/wp\/v2\/users\/3"}],"replies":[{"embeddable":true,"href":"https:\/\/www.diarioimagen.net\/index.php?rest_route=%2Fwp%2Fv2%2Fcomments&post=458560"}],"version-history":[{"count":0,"href":"https:\/\/www.diarioimagen.net\/index.php?rest_route=\/wp\/v2\/posts\/458560\/revisions"}],"wp:attachment":[{"href":"https:\/\/www.diarioimagen.net\/index.php?rest_route=%2Fwp%2Fv2%2Fmedia&parent=458560"}],"wp:term":[{"taxonomy":"category","embeddable":true,"href":"https:\/\/www.diarioimagen.net\/index.php?rest_route=%2Fwp%2Fv2%2Fcategories&post=458560"},{"taxonomy":"post_tag","embeddable":true,"href":"https:\/\/www.diarioimagen.net\/index.php?rest_route=%2Fwp%2Fv2%2Ftags&post=458560"}],"curies":[{"name":"wp","href":"https:\/\/api.w.org\/{rel}","templated":true}]}}