{"id":458583,"date":"2020-02-04T00:05:46","date_gmt":"2020-02-04T06:05:46","guid":{"rendered":"https:\/\/www.diarioimagen.net\/?p=458583"},"modified":"2020-02-04T01:27:17","modified_gmt":"2020-02-04T07:27:17","slug":"cabildo-de-cuautitlan-izcalli-aprueba-la-expedicion-bando-municipal-2020","status":"publish","type":"post","link":"https:\/\/www.diarioimagen.net\/?p=458583","title":{"rendered":"Cabildo de Cuautitl\u00e1n Izcalli aprueba la expedici\u00f3n Bando Municipal 2020"},"content":{"rendered":"<ul>\n<li><strong><em>Alcalde reconoce labor de regidores y s\u00edndicos<\/em><\/strong><\/li>\n<\/ul>\n<p>&nbsp;<\/p>\n<div id=\"attachment_458649\" style=\"width: 470px\" class=\"wp-caption aligncenter\"><a href=\"https:\/\/www.diarioimagen.net\/?attachment_id=458649\" rel=\"attachment wp-att-458649\"><img loading=\"lazy\" decoding=\"async\" aria-describedby=\"caption-attachment-458649\" class=\"size-large wp-image-458649\" src=\"https:\/\/www.diarioimagen.net\/wp-content\/uploads\/2020\/02\/CUAUTITL\u00c1N-IZCALLI--460x259.jpg\" alt=\"\" width=\"460\" height=\"259\" srcset=\"https:\/\/www.diarioimagen.net\/wp-content\/uploads\/2020\/02\/CUAUTITL\u00c1N-IZCALLI--460x259.jpg 460w, https:\/\/www.diarioimagen.net\/wp-content\/uploads\/2020\/02\/CUAUTITL\u00c1N-IZCALLI--240x135.jpg 240w, https:\/\/www.diarioimagen.net\/wp-content\/uploads\/2020\/02\/CUAUTITL\u00c1N-IZCALLI--235x132.jpg 235w, https:\/\/www.diarioimagen.net\/wp-content\/uploads\/2020\/02\/CUAUTITL\u00c1N-IZCALLI--202x114.jpg 202w, https:\/\/www.diarioimagen.net\/wp-content\/uploads\/2020\/02\/CUAUTITL\u00c1N-IZCALLI--350x196.jpg 350w, https:\/\/www.diarioimagen.net\/wp-content\/uploads\/2020\/02\/CUAUTITL\u00c1N-IZCALLI--220x123.jpg 220w, https:\/\/www.diarioimagen.net\/wp-content\/uploads\/2020\/02\/CUAUTITL\u00c1N-IZCALLI--237x132.jpg 237w, https:\/\/www.diarioimagen.net\/wp-content\/uploads\/2020\/02\/CUAUTITL\u00c1N-IZCALLI-.jpg 480w\" sizes=\"auto, (max-width: 460px) 100vw, 460px\" \/><\/a><p id=\"caption-attachment-458649\" class=\"wp-caption-text\">El cuerpo edilicio de Cuautitl\u00e1n Izcalli, que encabeza Ricardo N\u00fa\u00f1ez Ayala, aprob\u00f3 la expedici\u00f3n del Bando Municipal 2020 de Cuautitl\u00e1n Izcalli.<\/p><\/div>\n<p>&nbsp;<\/p>\n<p><strong>Cuautitl\u00e1n Izcalli, Estado de M\u00e9xico<\/strong>.- En la vig\u00e9sima sesi\u00f3n de Cabildo con car\u00e1cter de extraordinaria, el cuerpo edilicio que encabeza Ricardo N\u00fa\u00f1ez Ayala aprob\u00f3 la expedici\u00f3n del Bando Municipal 2020 de Cuautitl\u00e1n Izcalli, m\u00e1ximo instrumento normativo y legal que establece derechos y obligaciones de los habitantes.<\/p>\n<p>Tras un breve receso del cabildo, el alcalde Ricardo N\u00fa\u00f1ez expres\u00f3 su reconocimiento a los regidores y s\u00edndicos, asesores y \u00e1reas administrativas que realizaron el trabajo en funci\u00f3n del inter\u00e9s de los izcallenses y de las personas que se encuentren en el territorio municipal. Por su parte, el cuarto regidor Jonathan Guadarrama Montes, presidente de la comisi\u00f3n de Revisi\u00f3n y Actualizaci\u00f3n de la Reglamentaci\u00f3n Municipal, agradeci\u00f3 la dedicaci\u00f3n y participaci\u00f3n de los integrantes de la comisi\u00f3n, as\u00ed como de los ediles y directores de las diferentes unidades del Ayuntamiento que sumaron ideas, propuestas, comentarios de l\u00f3gica y an\u00e1lisis para lograr la entrega de un Bando Municipal garante de los derechos humanos, transparente y con equidad. El nuevo Bando Municipal busca salvaguardar los derechos de todos los habitantes que se encuentren en el municipio, contiene adecuaciones en contra de la violencia de g\u00e9nero, la protecci\u00f3n al medio ambiente, respeto al agua y reducci\u00f3n del uso a pl\u00e1sticos.<\/p>\n<p>Es importante saber que el pr\u00f3ximo 5 de febrero se promulgar\u00e1 y difundir\u00e1 dicho Bando Municipal en el Auditorio Enrique B\u00e1tiz, en punto de las 11 de la ma\u00f1ana.<\/p>\n","protected":false},"excerpt":{"rendered":"<p>En la vig\u00e9sima sesi\u00f3n de Cabildo con car\u00e1cter de extraordinaria, el cuerpo edilicio que encabeza Ricardo N\u00fa\u00f1ez Ayala aprob\u00f3 la expedici\u00f3n del Bando Municipal 2020 de Cuautitl\u00e1n Izcalli, m\u00e1ximo instrumento normativo y legal que establece derechos y obligaciones de los habitantes.<\/p>\n","protected":false},"author":3,"featured_media":458649,"comment_status":"open","ping_status":"open","sticky":false,"template":"","format":"standard","meta":{"_monsterinsights_skip_tracking":false,"_monsterinsights_sitenote_active":false,"_monsterinsights_sitenote_note":"","_monsterinsights_sitenote_category":0,"footnotes":""},"categories":[5],"tags":[89875,971,43675],"class_list":["post-458583","post","type-post","status-publish","format-standard","has-post-thumbnail","hentry","category-estado-de-mexico","tag-bando-municipal-2020","tag-cuautitlan-izcalli","tag-estado-de-mexico"],"_links":{"self":[{"href":"https:\/\/www.diarioimagen.net\/index.php?rest_route=\/wp\/v2\/posts\/458583","targetHints":{"allow":["GET"]}}],"collection":[{"href":"https:\/\/www.diarioimagen.net\/index.php?rest_route=\/wp\/v2\/posts"}],"about":[{"href":"https:\/\/www.diarioimagen.net\/index.php?rest_route=\/wp\/v2\/types\/post"}],"author":[{"embeddable":true,"href":"https:\/\/www.diarioimagen.net\/index.php?rest_route=\/wp\/v2\/users\/3"}],"replies":[{"embeddable":true,"href":"https:\/\/www.diarioimagen.net\/index.php?rest_route=%2Fwp%2Fv2%2Fcomments&post=458583"}],"version-history":[{"count":0,"href":"https:\/\/www.diarioimagen.net\/index.php?rest_route=\/wp\/v2\/posts\/458583\/revisions"}],"wp:featuredmedia":[{"embeddable":true,"href":"https:\/\/www.diarioimagen.net\/index.php?rest_route=\/wp\/v2\/media\/458649"}],"wp:attachment":[{"href":"https:\/\/www.diarioimagen.net\/index.php?rest_route=%2Fwp%2Fv2%2Fmedia&parent=458583"}],"wp:term":[{"taxonomy":"category","embeddable":true,"href":"https:\/\/www.diarioimagen.net\/index.php?rest_route=%2Fwp%2Fv2%2Fcategories&post=458583"},{"taxonomy":"post_tag","embeddable":true,"href":"https:\/\/www.diarioimagen.net\/index.php?rest_route=%2Fwp%2Fv2%2Ftags&post=458583"}],"curies":[{"name":"wp","href":"https:\/\/api.w.org\/{rel}","templated":true}]}}