{"id":458683,"date":"2020-02-05T00:03:47","date_gmt":"2020-02-05T06:03:47","guid":{"rendered":"https:\/\/www.diarioimagen.net\/?p=458683"},"modified":"2020-02-04T22:54:09","modified_gmt":"2020-02-05T04:54:09","slug":"camion-con-70-migrantes-vuelca-en-veracruz-hay-al-menos-un-muerto","status":"publish","type":"post","link":"https:\/\/www.diarioimagen.net\/?p=458683","title":{"rendered":"Cami\u00f3n con migrantes vuelca en Veracruz; un muerto y 84 heridos"},"content":{"rendered":"<ul>\n<li><strong><em>Originarios de Honduras, Guatemala y El Salvador<\/em><\/strong><\/li>\n<\/ul>\n<p>&nbsp;<\/p>\n<div id=\"attachment_458684\" style=\"width: 470px\" class=\"wp-caption aligncenter\"><img loading=\"lazy\" decoding=\"async\" aria-describedby=\"caption-attachment-458684\" class=\"wp-image-458684 size-large\" src=\"https:\/\/www.diarioimagen.net\/wp-content\/uploads\/2020\/02\/MIGRANTES5-portal-460x268.png\" alt=\"\" width=\"460\" height=\"268\" srcset=\"https:\/\/www.diarioimagen.net\/wp-content\/uploads\/2020\/02\/MIGRANTES5-portal-460x268.png 460w, https:\/\/www.diarioimagen.net\/wp-content\/uploads\/2020\/02\/MIGRANTES5-portal-240x140.png 240w, https:\/\/www.diarioimagen.net\/wp-content\/uploads\/2020\/02\/MIGRANTES5-portal.png 480w\" sizes=\"auto, (max-width: 460px) 100vw, 460px\" \/><p id=\"caption-attachment-458684\" class=\"wp-caption-text\">Volc\u00f3 un cami\u00f3n de carga que transportaba al menos 90 migrantes sobre la carretera federal 180, en el municipio de San Andr\u00e9s Tuxtla, Veracruz,<\/p><\/div>\n<p>&nbsp;<\/p>\n<p>Este martes se registr\u00f3 la volcadura de un cami\u00f3n donde eran transportados m\u00e1s de 90 migrantes sobre la carretera federal 180 Costera del Golfo, en Veracruz, que dej\u00f3 un saldo de al menos un muerto y 84 lesionados hospitalizados, entre ellos varios menores de edad.<\/p>\n<p>Se trata de un cami\u00f3n tipo torton, color blanco y con placas de circulaci\u00f3n 532DH6, cuyo conductor perdi\u00f3 el control y se sali\u00f3 de la carpeta asf\u00e1ltica.<\/p>\n<p>El accidente ocurri\u00f3 en la curva de San Mat\u00edas en el tramo que va del municipio de San Andr\u00e9s Tuxtla al de Santiago Tuxtla.<\/p>\n<p>La v\u00edctima mortal fue identificada como Nelias Ram\u00edrez Mateos, de mientras que el resto de los tripulantes, originarios de Honduras, Guatemala y El Salvador, sufrieron golpes y fracturas,\u00a0 por lo que fueron trasladados a hospitales de la zona.<\/p>\n<p>Del total de lesionados, 43 fueron trasladados al Hospital Civil de San Andr\u00e9s Tuxtla; 33 al de Santiago Tuxtla y el resto al Hospital del IMSS; el operador del cami\u00f3n escap\u00f3.<\/p>\n<p>Hasta el tramo carretero acudieron elementos de la Polic\u00eda Federal, Guardia Nacional, PC Estatal y municipales de San Andr\u00e9s Tuxtla, Catemaco y Santiago Tuxtla, as\u00ed como el Cuerpo de Bomberos de San Andr\u00e9s Tuxtla y Cruz Roja.<\/p>\n","protected":false},"excerpt":{"rendered":"<p>Este martes se registr\u00f3 la volcadura de un cami\u00f3n donde eran transportados m\u00e1s de 90 migrantes sobre la carretera federal 180 Costera del Golfo, en Veracruz, que dej\u00f3 un saldo de al menos un muerto y 84 lesionados hospitalizados, entre ellos varios menores de edad.<\/p>\n","protected":false},"author":5,"featured_media":458684,"comment_status":"open","ping_status":"open","sticky":false,"template":"","format":"standard","meta":{"_monsterinsights_skip_tracking":false,"_monsterinsights_sitenote_active":false,"_monsterinsights_sitenote_note":"","_monsterinsights_sitenote_category":0,"footnotes":""},"categories":[7],"tags":[89882,13747,89884,89881,10383,43677,89907,89883],"class_list":["post-458683","post","type-post","status-publish","format-standard","has-post-thumbnail","hentry","category-seguridad","tag-70-migrantes","tag-camion","tag-curva-san","tag-menos-un-muerto","tag-migrantes","tag-seguridad","tag-volco","tag-vuelca-en-veracruz"],"_links":{"self":[{"href":"https:\/\/www.diarioimagen.net\/index.php?rest_route=\/wp\/v2\/posts\/458683","targetHints":{"allow":["GET"]}}],"collection":[{"href":"https:\/\/www.diarioimagen.net\/index.php?rest_route=\/wp\/v2\/posts"}],"about":[{"href":"https:\/\/www.diarioimagen.net\/index.php?rest_route=\/wp\/v2\/types\/post"}],"author":[{"embeddable":true,"href":"https:\/\/www.diarioimagen.net\/index.php?rest_route=\/wp\/v2\/users\/5"}],"replies":[{"embeddable":true,"href":"https:\/\/www.diarioimagen.net\/index.php?rest_route=%2Fwp%2Fv2%2Fcomments&post=458683"}],"version-history":[{"count":0,"href":"https:\/\/www.diarioimagen.net\/index.php?rest_route=\/wp\/v2\/posts\/458683\/revisions"}],"wp:featuredmedia":[{"embeddable":true,"href":"https:\/\/www.diarioimagen.net\/index.php?rest_route=\/wp\/v2\/media\/458684"}],"wp:attachment":[{"href":"https:\/\/www.diarioimagen.net\/index.php?rest_route=%2Fwp%2Fv2%2Fmedia&parent=458683"}],"wp:term":[{"taxonomy":"category","embeddable":true,"href":"https:\/\/www.diarioimagen.net\/index.php?rest_route=%2Fwp%2Fv2%2Fcategories&post=458683"},{"taxonomy":"post_tag","embeddable":true,"href":"https:\/\/www.diarioimagen.net\/index.php?rest_route=%2Fwp%2Fv2%2Ftags&post=458683"}],"curies":[{"name":"wp","href":"https:\/\/api.w.org\/{rel}","templated":true}]}}