{"id":458689,"date":"2020-02-05T00:07:10","date_gmt":"2020-02-05T06:07:10","guid":{"rendered":"https:\/\/www.diarioimagen.net\/?p=458689"},"modified":"2020-02-04T23:08:28","modified_gmt":"2020-02-05T05:08:28","slug":"anuncia-amlo-5-cuarteles-de-la-guardia-nacional-en-estados-conflictivos","status":"publish","type":"post","link":"https:\/\/www.diarioimagen.net\/?p=458689","title":{"rendered":"Anuncian primeros 5 cuarteles de la GN en estados conflictivos"},"content":{"rendered":"<ul>\n<li><em><strong>Mayor vigilancia en Guanajuato, Jalisco y Michoac\u00e1n<\/strong><\/em><\/li>\n<li><em><strong>Que los militares s\u00f3lo har\u00e1n uso de la fuerza como un \u00faltimo recurso<\/strong><\/em><\/li>\n<\/ul>\n<p>&nbsp;<\/p>\n<div id=\"attachment_458690\" style=\"width: 470px\" class=\"wp-caption aligncenter\"><img loading=\"lazy\" decoding=\"async\" aria-describedby=\"caption-attachment-458690\" class=\"size-large wp-image-458690\" src=\"https:\/\/www.diarioimagen.net\/wp-content\/uploads\/2020\/02\/AMLO5-portal-460x268.png\" alt=\"\" width=\"460\" height=\"268\" srcset=\"https:\/\/www.diarioimagen.net\/wp-content\/uploads\/2020\/02\/AMLO5-portal-460x268.png 460w, https:\/\/www.diarioimagen.net\/wp-content\/uploads\/2020\/02\/AMLO5-portal-240x140.png 240w, https:\/\/www.diarioimagen.net\/wp-content\/uploads\/2020\/02\/AMLO5-portal.png 480w\" sizes=\"auto, (max-width: 460px) 100vw, 460px\" \/><p id=\"caption-attachment-458690\" class=\"wp-caption-text\">Inaugurar\u00e1n cinco cuarteles de la Guardia Nacional en Guanajuato, Jalisco y Michoac\u00e1n, que presentan altos \u00edndices de violencia e inseguridad.<\/p><\/div>\n<p>&nbsp;<\/p>\n<p>El presidente Andr\u00e9s Manuel L\u00f3pez Obrador inform\u00f3 que se inaugurar\u00e1n cinco cuarteles de la Guardia Nacional en los estados de Guanajuato, Jalisco y Michoac\u00e1n, que presentan altos \u00edndices de violencia e inseguridad.<\/p>\n<p>El mandatario calific\u00f3 de \u201cmuy lamentable\u201d y dijo que \u201cduele mucho\u201d que asesinen a defensores de derechos humanos y ambientalistas.<\/p>\n<p>Durante su conferencia matutina en Palacio Nacional, anunci\u00f3 la inauguraci\u00f3n de las instalaciones de la Guardia Nacional para reforzar la presencia en los estados citados que registran altos \u00edndices delictivos.<\/p>\n<p>Al referirse al asesinato del segundo ambientalista en Michoac\u00e1n en la \u00faltima semana, dijo que el despliegue de la corporaci\u00f3n servir\u00e1 para proteger a los ciudadanos defensores de los derechos humanos y ambientalistas.<\/p>\n<p>\u201cEs muy lamentable que esto suceda, duele mucho\u201d, expuso L\u00f3pez Obrador. En Michoac\u00e1n, tras 16 d\u00edas desaparecido, se localiz\u00f3 el cad\u00e1ver del ambientalista Homero G\u00f3mez Gonz\u00e1lez, quien defend\u00eda el santuario de la mariposa Monarca.<\/p>\n<p>La segunda muerte ocurri\u00f3 el s\u00e1bado primero de febrero, cuando encontraron el cuerpo del gu\u00eda de turistas, Ra\u00fal Hern\u00e1ndez Romero, quien presentaba diversos golpes y una herida en la cabeza; y cuya desaparici\u00f3n hab\u00eda sido reportada el 27 de enero por su esposa.<\/p>\n<p style=\"text-align: center;\"><strong>Uso de la fuerza, \u00faltimo recurso: Guardia Nacional<\/strong><\/p>\n<p>La Guardia Nacional reiter\u00f3 que s\u00f3lo har\u00e1 uso de la fuerza como \u00faltimo recurso, luego de que pobladores de la comunidad de Cenobio Moreno, Michoac\u00e1n, agredieron a algunos elementos con piedras y huevos esta tarde.<\/p>\n<p>A trav\u00e9s de su cuenta de Twitter @GN_MEXICO_, la corporaci\u00f3n inform\u00f3 que los hechos ocurrieron durante un bloqueo carretero en la carretera Apatzing\u00e1n\u2013Aguililla, en la entidad referida.<\/p>\n<p>\u201cSe opt\u00f3 por desescalar la confrontaci\u00f3n tomando distancia del grupo agresor, cuyas acciones en ning\u00fan momento pusieron en riesgo la integridad f\u00edsica de nuestro personal\u201d, asever\u00f3. El organismo refiri\u00f3 que su personal actuar\u00e1 siempre bajo los principios de proporcionalidad y respeto absoluto a los derechos humanos y protecci\u00f3n de la vida humana.<\/p>\n","protected":false},"excerpt":{"rendered":"<p>El presidente Andr\u00e9s Manuel L\u00f3pez Obrador inform\u00f3 que se inaugurar\u00e1n cinco cuarteles de la Guardia Nacional en los estados de Guanajuato, Jalisco y Michoac\u00e1n, que presentan altos \u00edndices de violencia e inseguridad.<\/p>\n","protected":false},"author":5,"featured_media":458690,"comment_status":"open","ping_status":"open","sticky":false,"template":"","format":"standard","meta":{"_monsterinsights_skip_tracking":false,"_monsterinsights_sitenote_active":false,"_monsterinsights_sitenote_note":"","_monsterinsights_sitenote_category":0,"footnotes":""},"categories":[3],"tags":[2545,1352,89908,88158,41,4160,89887,43673,43677],"class_list":["post-458689","post","type-post","status-publish","format-standard","has-post-thumbnail","hentry","category-nacional","tag-amlo","tag-andres-manuel-lopez-obrador","tag-conflictivos","tag-gn","tag-guanajuato","tag-guardia-nacional","tag-jalisco-y-michoacan","tag-nacional","tag-seguridad"],"_links":{"self":[{"href":"https:\/\/www.diarioimagen.net\/index.php?rest_route=\/wp\/v2\/posts\/458689","targetHints":{"allow":["GET"]}}],"collection":[{"href":"https:\/\/www.diarioimagen.net\/index.php?rest_route=\/wp\/v2\/posts"}],"about":[{"href":"https:\/\/www.diarioimagen.net\/index.php?rest_route=\/wp\/v2\/types\/post"}],"author":[{"embeddable":true,"href":"https:\/\/www.diarioimagen.net\/index.php?rest_route=\/wp\/v2\/users\/5"}],"replies":[{"embeddable":true,"href":"https:\/\/www.diarioimagen.net\/index.php?rest_route=%2Fwp%2Fv2%2Fcomments&post=458689"}],"version-history":[{"count":0,"href":"https:\/\/www.diarioimagen.net\/index.php?rest_route=\/wp\/v2\/posts\/458689\/revisions"}],"wp:featuredmedia":[{"embeddable":true,"href":"https:\/\/www.diarioimagen.net\/index.php?rest_route=\/wp\/v2\/media\/458690"}],"wp:attachment":[{"href":"https:\/\/www.diarioimagen.net\/index.php?rest_route=%2Fwp%2Fv2%2Fmedia&parent=458689"}],"wp:term":[{"taxonomy":"category","embeddable":true,"href":"https:\/\/www.diarioimagen.net\/index.php?rest_route=%2Fwp%2Fv2%2Fcategories&post=458689"},{"taxonomy":"post_tag","embeddable":true,"href":"https:\/\/www.diarioimagen.net\/index.php?rest_route=%2Fwp%2Fv2%2Ftags&post=458689"}],"curies":[{"name":"wp","href":"https:\/\/api.w.org\/{rel}","templated":true}]}}