{"id":458705,"date":"2020-02-05T00:02:58","date_gmt":"2020-02-05T06:02:58","guid":{"rendered":"https:\/\/www.diarioimagen.net\/?p=458705"},"modified":"2020-02-05T00:26:30","modified_gmt":"2020-02-05T06:26:30","slug":"inauguran-en-atizapan-obra-publica-por-3-5-mdp","status":"publish","type":"post","link":"https:\/\/www.diarioimagen.net\/?p=458705","title":{"rendered":"Inauguran en Atizap\u00e1n obra\u00a0p\u00fablica por 3.5 mdp"},"content":{"rendered":"<p><a href=\"https:\/\/www.diarioimagen.net\/?attachment_id=458706\" rel=\"attachment wp-att-458706\"><img loading=\"lazy\" decoding=\"async\" class=\"aligncenter size-large wp-image-458706\" src=\"https:\/\/www.diarioimagen.net\/wp-content\/uploads\/2020\/02\/atizapan-460x259.jpg\" alt=\"\" width=\"460\" height=\"259\" srcset=\"https:\/\/www.diarioimagen.net\/wp-content\/uploads\/2020\/02\/atizapan-460x259.jpg 460w, https:\/\/www.diarioimagen.net\/wp-content\/uploads\/2020\/02\/atizapan-240x135.jpg 240w, https:\/\/www.diarioimagen.net\/wp-content\/uploads\/2020\/02\/atizapan-235x132.jpg 235w, https:\/\/www.diarioimagen.net\/wp-content\/uploads\/2020\/02\/atizapan-202x114.jpg 202w, https:\/\/www.diarioimagen.net\/wp-content\/uploads\/2020\/02\/atizapan-350x196.jpg 350w, https:\/\/www.diarioimagen.net\/wp-content\/uploads\/2020\/02\/atizapan-220x123.jpg 220w, https:\/\/www.diarioimagen.net\/wp-content\/uploads\/2020\/02\/atizapan-237x132.jpg 237w, https:\/\/www.diarioimagen.net\/wp-content\/uploads\/2020\/02\/atizapan.jpg 480w\" sizes=\"auto, (max-width: 460px) 100vw, 460px\" \/><\/a><\/p>\n<p>&nbsp;<\/p>\n<p><b>Atizap\u00e1n, Estado de M\u00e9xico.-<\/b> En gira de trabajo, la alcaldesa Ruth Olvera Nieto entreg\u00f3 obras por casi 3.5 millones de pesos, que comprendi\u00f3 en la construcci\u00f3n de un arcotecho en el preescolar Daniel Cos\u00edo Villegas y la rehabilitaci\u00f3n de drenaje, redes de agua potable y pavimentaci\u00f3n con concreto hidr\u00e1ulico de la calle Tuc\u00e1n, en la colonia El Chaparral.<span class=\"Apple-converted-space\">\u00a0 <\/span>En el preescolar ubicado en Villas de la Hacienda, la presidente municipal Ruth Olvera ratific\u00f3 su compromiso por mejorar las condiciones de la infraestructura escolar, a fin de fortalecer las condiciones de aprendizaje de los estudiantes.<\/p>\n","protected":false},"excerpt":{"rendered":"<p>En gira de trabajo, la alcaldesa Ruth Olvera Nieto entreg\u00f3 obras por casi 3.5 millones de pesos, que comprendi\u00f3 en la construcci\u00f3n de un arcotecho en el preescolar Daniel Cos\u00edo Villegas y la rehabilitaci\u00f3n de drenaje<\/p>\n","protected":false},"author":1,"featured_media":458706,"comment_status":"open","ping_status":"open","sticky":false,"template":"","format":"standard","meta":{"_monsterinsights_skip_tracking":false,"_monsterinsights_sitenote_active":false,"_monsterinsights_sitenote_note":"","_monsterinsights_sitenote_category":0,"footnotes":""},"categories":[5],"tags":[969,43675],"class_list":["post-458705","post","type-post","status-publish","format-standard","has-post-thumbnail","hentry","category-estado-de-mexico","tag-atizapan","tag-estado-de-mexico"],"_links":{"self":[{"href":"https:\/\/www.diarioimagen.net\/index.php?rest_route=\/wp\/v2\/posts\/458705","targetHints":{"allow":["GET"]}}],"collection":[{"href":"https:\/\/www.diarioimagen.net\/index.php?rest_route=\/wp\/v2\/posts"}],"about":[{"href":"https:\/\/www.diarioimagen.net\/index.php?rest_route=\/wp\/v2\/types\/post"}],"author":[{"embeddable":true,"href":"https:\/\/www.diarioimagen.net\/index.php?rest_route=\/wp\/v2\/users\/1"}],"replies":[{"embeddable":true,"href":"https:\/\/www.diarioimagen.net\/index.php?rest_route=%2Fwp%2Fv2%2Fcomments&post=458705"}],"version-history":[{"count":0,"href":"https:\/\/www.diarioimagen.net\/index.php?rest_route=\/wp\/v2\/posts\/458705\/revisions"}],"wp:featuredmedia":[{"embeddable":true,"href":"https:\/\/www.diarioimagen.net\/index.php?rest_route=\/wp\/v2\/media\/458706"}],"wp:attachment":[{"href":"https:\/\/www.diarioimagen.net\/index.php?rest_route=%2Fwp%2Fv2%2Fmedia&parent=458705"}],"wp:term":[{"taxonomy":"category","embeddable":true,"href":"https:\/\/www.diarioimagen.net\/index.php?rest_route=%2Fwp%2Fv2%2Fcategories&post=458705"},{"taxonomy":"post_tag","embeddable":true,"href":"https:\/\/www.diarioimagen.net\/index.php?rest_route=%2Fwp%2Fv2%2Ftags&post=458705"}],"curies":[{"name":"wp","href":"https:\/\/api.w.org\/{rel}","templated":true}]}}