{"id":458775,"date":"2020-02-05T00:05:05","date_gmt":"2020-02-05T06:05:05","guid":{"rendered":"https:\/\/www.diarioimagen.net\/?p=458775"},"modified":"2020-02-05T00:43:53","modified_gmt":"2020-02-05T06:43:53","slug":"concluyo-el-proceso-de-negociacion-salarial-2020-de-uaem-con-sindicatos","status":"publish","type":"post","link":"https:\/\/www.diarioimagen.net\/?p=458775","title":{"rendered":"Concluy\u00f3 el proceso de negociaci\u00f3n salarial 2020 de UAEM con sindicatos"},"content":{"rendered":"<div id=\"attachment_458833\" style=\"width: 470px\" class=\"wp-caption aligncenter\"><a href=\"https:\/\/www.diarioimagen.net\/?attachment_id=458833\" rel=\"attachment wp-att-458833\"><img loading=\"lazy\" decoding=\"async\" aria-describedby=\"caption-attachment-458833\" class=\"size-large wp-image-458833\" src=\"https:\/\/www.diarioimagen.net\/wp-content\/uploads\/2020\/02\/UAEM-2-460x259.jpg\" alt=\"\" width=\"460\" height=\"259\" srcset=\"https:\/\/www.diarioimagen.net\/wp-content\/uploads\/2020\/02\/UAEM-2-460x259.jpg 460w, https:\/\/www.diarioimagen.net\/wp-content\/uploads\/2020\/02\/UAEM-2-240x135.jpg 240w, https:\/\/www.diarioimagen.net\/wp-content\/uploads\/2020\/02\/UAEM-2-235x132.jpg 235w, https:\/\/www.diarioimagen.net\/wp-content\/uploads\/2020\/02\/UAEM-2-202x114.jpg 202w, https:\/\/www.diarioimagen.net\/wp-content\/uploads\/2020\/02\/UAEM-2-350x196.jpg 350w, https:\/\/www.diarioimagen.net\/wp-content\/uploads\/2020\/02\/UAEM-2-220x123.jpg 220w, https:\/\/www.diarioimagen.net\/wp-content\/uploads\/2020\/02\/UAEM-2-237x132.jpg 237w, https:\/\/www.diarioimagen.net\/wp-content\/uploads\/2020\/02\/UAEM-2.jpg 480w\" sizes=\"auto, (max-width: 460px) 100vw, 460px\" \/><\/a><p id=\"caption-attachment-458833\" class=\"wp-caption-text\">Autoridades universitarias se reunieron con los secretarios generales, as\u00ed como agremiados de la Federaci\u00f3n de Asociaciones Aut\u00f3nomas del Personal Acad\u00e9mico de la UAEM y el Sindicato \u00danico de Trabajadores y Empleados al Servicio de la UAEM.<\/p><\/div>\n<p>&nbsp;<\/p>\n<p>&nbsp;<\/p>\n<p><strong>Toluca, Estado de M\u00e9xico<\/strong>.\u2013 Las futuras pretensiones salariales de los sindicatos universitarios deber\u00e1n ajustarse a la realidad financiera de la Universidad Aut\u00f3noma del Estado de M\u00e9xico, con la finalidad de no desbordar su funcionamiento o arriesgar la estabilidad del bien p\u00fablico que sociedad y estado confiaron a esta instituci\u00f3n de educaci\u00f3n superior, expres\u00f3 el secretario de Administraci\u00f3n, Juan Miguel Reyes Viurquez.<\/p>\n<p>En el cierre de las pl\u00e1ticas de incremento salarial 2020 con la Federaci\u00f3n de Asociaciones Aut\u00f3nomas del Personal Acad\u00e9mico de la UAEM (FAAPAUAEM) y el Sindicato \u00danico de Trabajadores y Empleados al Servicio de la UAEM (SUTESUAEM), Reyes Viurquez reconoci\u00f3 que para estimular a acad\u00e9micos y trabajadores se pact\u00f3 un aumento salarial de 3.4 por ciento, lo cual exhibe un estado financiero complejo para la instituci\u00f3n.<\/p>\n<p>En el Edificio Administrativo de la UAEM, donde se dieron cita los integrantes de las comisiones temporales mixtas para la negociaci\u00f3n salarial de ambas agrupaciones gremiales, el servidor universitario destac\u00f3 que todo universitario deber\u00e1 continuar protegiendo responsablemente la formaci\u00f3n de profesionistas e investigadores de provecho para el estado y el pa\u00eds.<\/p>\n<p>Acompa\u00f1ado del secretario de Finanzas, Javier Gonz\u00e1lez Mart\u00ednez, Reyes Viurquez se\u00f1al\u00f3 que esta reuni\u00f3n con agrupaciones de profesores y trabajadores consolida la misi\u00f3n de juntos sembrar una educaci\u00f3n de calidad para los j\u00f3venes mexiquenses.<\/p>\n<p>La secretaria general de la FAAPAUAEM, Gilda Gonz\u00e1lez Villase\u00f1or, afirm\u00f3 que con la actitud conciliadora de la Administraci\u00f3n 2017-2021, el resultado de la negociaci\u00f3n salarial 2020 consider\u00f3 el progreso y bienestar de los trabajadores acad\u00e9micos, al tiempo de proteger a la instituci\u00f3n.<\/p>\n","protected":false},"excerpt":{"rendered":"<p>Las futuras pretensiones salariales de los sindicatos universitarios deber\u00e1n ajustarse a la realidad financiera de la Universidad Aut\u00f3noma del Estado de M\u00e9xico, con la finalidad de no desbordar su funcionamiento o arriesgar la estabilidad del bien p\u00fablico que sociedad y estado confiaron a esta instituci\u00f3n de educaci\u00f3n superior, expres\u00f3 el secretario de Administraci\u00f3n, Juan Miguel Reyes Viurquez.<\/p>\n","protected":false},"author":3,"featured_media":458833,"comment_status":"open","ping_status":"open","sticky":false,"template":"","format":"standard","meta":{"_monsterinsights_skip_tracking":false,"_monsterinsights_sitenote_active":false,"_monsterinsights_sitenote_note":"","_monsterinsights_sitenote_category":0,"footnotes":""},"categories":[5],"tags":[43675,57818,26901,452,1491],"class_list":["post-458775","post","type-post","status-publish","format-standard","has-post-thumbnail","hentry","category-estado-de-mexico","tag-estado-de-mexico","tag-negociacion","tag-sindicatos","tag-toluca","tag-uaem"],"_links":{"self":[{"href":"https:\/\/www.diarioimagen.net\/index.php?rest_route=\/wp\/v2\/posts\/458775","targetHints":{"allow":["GET"]}}],"collection":[{"href":"https:\/\/www.diarioimagen.net\/index.php?rest_route=\/wp\/v2\/posts"}],"about":[{"href":"https:\/\/www.diarioimagen.net\/index.php?rest_route=\/wp\/v2\/types\/post"}],"author":[{"embeddable":true,"href":"https:\/\/www.diarioimagen.net\/index.php?rest_route=\/wp\/v2\/users\/3"}],"replies":[{"embeddable":true,"href":"https:\/\/www.diarioimagen.net\/index.php?rest_route=%2Fwp%2Fv2%2Fcomments&post=458775"}],"version-history":[{"count":0,"href":"https:\/\/www.diarioimagen.net\/index.php?rest_route=\/wp\/v2\/posts\/458775\/revisions"}],"wp:featuredmedia":[{"embeddable":true,"href":"https:\/\/www.diarioimagen.net\/index.php?rest_route=\/wp\/v2\/media\/458833"}],"wp:attachment":[{"href":"https:\/\/www.diarioimagen.net\/index.php?rest_route=%2Fwp%2Fv2%2Fmedia&parent=458775"}],"wp:term":[{"taxonomy":"category","embeddable":true,"href":"https:\/\/www.diarioimagen.net\/index.php?rest_route=%2Fwp%2Fv2%2Fcategories&post=458775"},{"taxonomy":"post_tag","embeddable":true,"href":"https:\/\/www.diarioimagen.net\/index.php?rest_route=%2Fwp%2Fv2%2Ftags&post=458775"}],"curies":[{"name":"wp","href":"https:\/\/api.w.org\/{rel}","templated":true}]}}