{"id":458785,"date":"2020-02-05T00:12:30","date_gmt":"2020-02-05T06:12:30","guid":{"rendered":"https:\/\/www.diarioimagen.net\/?p=458785"},"modified":"2020-02-05T01:00:35","modified_gmt":"2020-02-05T07:00:35","slug":"el-congreso-un-embudo-politico-al-que-van-a-dar-todas-las-transformaciones-de-mexico","status":"publish","type":"post","link":"https:\/\/www.diarioimagen.net\/?p=458785","title":{"rendered":"El Congreso, un embudo pol\u00edtico al que van a dar todas las transformaciones de M\u00e9xico"},"content":{"rendered":"<h2>Tras la puerta del poder<\/h2>\n<h5>Roberto Vizca\u00edno<\/h5>\n<p>&nbsp;<\/p>\n<div id=\"attachment_458821\" style=\"width: 470px\" class=\"wp-caption aligncenter\"><a href=\"https:\/\/www.diarioimagen.net\/?attachment_id=458821\" rel=\"attachment wp-att-458821\"><img loading=\"lazy\" decoding=\"async\" aria-describedby=\"caption-attachment-458821\" class=\"size-large wp-image-458821\" src=\"https:\/\/www.diarioimagen.net\/wp-content\/uploads\/2020\/02\/soluciones-de-volada-LUIS-XAVIER-460x352.jpg\" alt=\"\" width=\"460\" height=\"352\" srcset=\"https:\/\/www.diarioimagen.net\/wp-content\/uploads\/2020\/02\/soluciones-de-volada-LUIS-XAVIER-460x352.jpg 460w, https:\/\/www.diarioimagen.net\/wp-content\/uploads\/2020\/02\/soluciones-de-volada-LUIS-XAVIER-240x183.jpg 240w, https:\/\/www.diarioimagen.net\/wp-content\/uploads\/2020\/02\/soluciones-de-volada-LUIS-XAVIER-768x587.jpg 768w, https:\/\/www.diarioimagen.net\/wp-content\/uploads\/2020\/02\/soluciones-de-volada-LUIS-XAVIER.jpg 1200w\" sizes=\"auto, (max-width: 460px) 100vw, 460px\" \/><\/a><p id=\"caption-attachment-458821\" class=\"wp-caption-text\">Soluciones de \u00abvolada\u00bb&#8230; | Luis Xavier<\/p><\/div>\n<p>&nbsp;<\/p>\n<p>Pr\u00e1cticamente no hay tema o cambio, transformaci\u00f3n o reforma, que no deba ser tramitada por senadores y diputados.<\/p>\n<p>Hoy mismo un gran tema pendiente en el Poder Legislativo dominado por la 4ta Transformaci\u00f3n, es decir, por <strong>Andr\u00e9s Manuel L\u00f3pez Obrador,<\/strong> es el de la modificaci\u00f3n que hizo a fines del mes anterior la Suprema Corte a los topes en las pensiones para bajarlas de 25 a 10 por ciento.<\/p>\n<p>Adormilados por las resacas del per\u00edodo Guadalupe-Reyes los mexicanos, pero en especial los sindicatos y los partidos pol\u00edticos, la escu\u00e1lida oposici\u00f3n, no reaccionaron ante esta resoluci\u00f3n de la Suprema Corte.<\/p>\n<p>Apenas en d\u00edas anteriores medio se movilizaron algunos luego de que el diario <em>Reforma<\/em> retom\u00f3 el tema en su espacio principal lo que ya era nota vieja, un refrito como se le conoce en el medio period\u00edstico, para advertir de sus consecuencias.<\/p>\n<p>Y es que nadie se sospech\u00f3 que los ministros de la Suprema Corte que echaron abajo el recorte de sus ingresos para igualarlos al del Presidente de la Rep\u00fablica, aprobaran tal resoluci\u00f3n que afecta a millones de trabajadores en M\u00e9xico.<\/p>\n<p>Interrogado respecto al asunto, el primero en aclarar que definir topes de pensiones no es atribuci\u00f3n de la Suprema Corte, sino del Congreso, fue <strong>Ricardo Monreal<\/strong> quien en entrevista indic\u00f3 que el tema era preocupante y que el Senado esperar\u00eda que les llegara una iniciativa para abordarlo.<\/p>\n<p>Adormilados por el largo per\u00edodo de fin de a\u00f1o, los reporteros no reaccionaron y dejaron la respuesta en ese punto.<\/p>\n<p>Lo que les dijo <strong>Monreal<\/strong> es que la Suprema Corte no legisla, y que lo de las pensiones es un asunto del legislativo, de diputados y senadores, y que una resoluci\u00f3n de esa naturaleza debe ser enviada para su aprobaci\u00f3n o rechazo, o modificaci\u00f3n, al Legislativo.<\/p>\n<p>Ayer, para quienes no hubieran entendido a <strong>Monreal<\/strong>, la presidenta del Senado, la tabasque\u00f1a <strong>M\u00f3nica Fern\u00e1ndez<\/strong> aclar\u00f3 que el <strong>supuesto<\/strong> recorte a las pensiones que entrega el IMSS a sus derechohabientes \u2013trabajadores al servicio de la iniciativa privada y que por a\u00f1os cotizaron\u2014, y que ha puesto nerviosos a much\u00edsimos pensionados \u201cse trata de un asunto delicado y complejo una resoluci\u00f3n de la Suprema Corte que es un pendiente que tenemos en M\u00e9xico por lo que es de esperarse <em>alguna iniciativa<\/em> al respecto\u201d.<\/p>\n<p>Es decir, deber\u00e1 ser tramitado por senadores y diputados, porque mientras esto no ocurra no es norma ni ley efectiva.<\/p>\n<p>As\u00ed de simple.<\/p>\n<p style=\"text-align: center;\"><strong>Sin iniciativas sobre justicia<\/strong><\/p>\n<p>Por lo dem\u00e1s la misma presidenta del Senado indic\u00f3 que tampoco han llegado al Senado las anunciadas y muy controvertidas reformas sobre Justicia. \u00a0 \u201cNo han llegado al senado, y tampoco hay fecha espec\u00edfica para que lleguen\u201d, subray\u00f3.<\/p>\n<p style=\"text-align: center;\"><strong>Reforma al <em>outsourcing<\/em><\/strong><\/p>\n<p>Lo que s\u00ed est\u00e1 ya en proceso dentro del Senado son los foros del Parlamento Abierto donde bajo la presidencia del l\u00edder minero <strong>Napole\u00f3n G\u00f3mez Urrutia<\/strong> -al que han intentado quitar de en medio los hombres del gran dinero-, se reformar\u00e1 el <em>outsourcing<\/em> que tanto inquieta a c\u00e1maras empresariales y a grandes consorcios.<\/p>\n<p>Ah\u00ed todos van a poder expresarse y hacer sus propuestas y reclamos, lo que no podr\u00e1n hacer es detener esta reforma que, afirman <strong>Monreal<\/strong> y <strong>G\u00f3mez Urrutia<\/strong>, ir\u00e1 contra la evasi\u00f3n Fiscal y de tributaciones al IMSS e Infonavit lo que se supone representa quiz\u00e1 unos 50 mil millones de pesos y afecta a 8 millones de trabajadores. Todo esto iniciar\u00e1 el mi\u00e9rcoles 12 de este mes.<\/p>\n<p style=\"text-align: center;\"><strong>Ahora s\u00ed va lo de la marihuana<\/strong><\/p>\n<p>\u00a0Y as\u00ed como los temas anteriores, est\u00e1 a punto de salir en el Congreso lo del uso l\u00fadico y medicinal de la marihuana. Ah\u00ed una vez que los senadores aprueben lo que vayan a aprobar, deber\u00e1 ir a San L\u00e1zaro donde se volver\u00e1n a dar el agarr\u00f3n para cumplir con el mandato y los plazos de la Suprema Corte.<\/p>\n<p style=\"text-align: center;\"><strong>Recorte del financiamiento a partidos<\/strong><\/p>\n<p>Un tema m\u00e1s que trae de cabeza a no pocos es el del recorte del financiamiento p\u00fablico de partidos pol\u00edticos.<\/p>\n<p>Los enterados junto con los l\u00edderes pol\u00edticos de la oposici\u00f3n advierten que reducir los dineros a los partidos abrir\u00e1 much\u00edsimos riesgos.<\/p>\n<p>Uno muy mencionado es el que implicar\u00eda el evidente debilitamiento de la oposici\u00f3n y lo que eso significar\u00eda para el fortalecimiento de la democracia en M\u00e9xico.<\/p>\n<p>Unos ven que desde la oficina del presidente <strong>L\u00f3pez Obrador<\/strong> se busca impulsar este recorte financiero, con el fin de consolidar con las menores resistencias un r\u00e9gimen autoritario donde la labor pol\u00edtica se sustituya con el reparto de recursos a sectores pobres -adultos mayores, j\u00f3venes sin empleo o fuera del estudio, a grupos ind\u00edgenas, campesinos, madres solteras, etc., dentro de una pol\u00edtica abiertamente populista.<\/p>\n<p style=\"text-align: center;\"><strong>Elecci\u00f3n de 4 consejeros<\/strong><\/p>\n<p>Una de las acciones m\u00e1s persistentes de r\u00e9gimen de la 4ta Transformaci\u00f3n ha sido el debilitamiento o absorci\u00f3n de las instituciones aut\u00f3nomas ya sea por la v\u00eda del golpeteo y la descalificaci\u00f3n artera de sus partes o por la invasi\u00f3n o la llamada colonizaci\u00f3n de sus estructuras.<\/p>\n<p>Un caso sucio, grosero, fue el de la designaci\u00f3n de <strong>Rosario Piedra<\/strong> en la presidencia de la Comisi\u00f3n Nacional de los Derechos Humanos.<\/p>\n<p>As\u00ed ha sido en otros \u00f3rdenes.<\/p>\n<p>Pero a inicios de abril la c\u00e1mara de Diputados deber\u00e1 tener designados los nombres de 4 de los 11 consejeros electorales que sustituir\u00e1n a <strong>Enrique Andrade, Marco Antonio Ba\u00f1os, Benito Nacif Hern\u00e1ndez <\/strong>y la carism\u00e1tica e inteligente<strong> Pamela San Mart\u00edn R\u00edos y Valles <\/strong>quienes ya concluyen sus per\u00edodos.<\/p>\n<p>Al respecto, la presidenta de la C\u00e1mara de Diputados, la panista Laura Rojas ya ha pedido que esos nombramientos sean tramitados bajo el esquema de Parlamento Abierto para dejar el menor margen posible a una designaci\u00f3n a dedazo que ser\u00eda fatal para la instituci\u00f3n central de la democracia mexicana: el INE.<\/p>\n<p>Evidentemente muy preocupada la diputada Rojas advierte que \u201ceste es un proceso de lo m\u00e1s relevante que se va a discutir en este periodo ordinario de sesiones.<\/p>\n<p>\u201cEst\u00e1, fundamentalmente, en manos de la Junta de Coordinaci\u00f3n Pol\u00edtica; ellos son quienes tienen que emitir la convocatoria y, al final, el Pleno es el que vota un acuerdo emitido por la Junta de Coordinaci\u00f3n Pol\u00edtica.<\/p>\n<p>\u201cSin embargo, creo que hay que estar muy pendientes, por la relevancia del tema, hacer un llamado a la Junta de Coordinaci\u00f3n Pol\u00edtica para que todo el proceso se desarrolle bajo reglas de parlamento abierto, con reglas de m\u00e1xima publicidad para que, con transparencia, por supuesto, para que las y los ciudadanos puedan estar debidamente informados sobre cada etapa del proceso.<\/p>\n<p>\u201cQuiero llamar la atenci\u00f3n sobre la importancia de la integraci\u00f3n del Comit\u00e9 T\u00e9cnico Evaluador, que es este comit\u00e9 que va a, pues eso, a evaluar a todas las candidatas, a todos los candidatos a ser consejeros del INE y que va a conformar las quintetas.<\/p>\n<p>\u201cUstedes saben que este Comit\u00e9 T\u00e9cnico Evaluador conforma quintetas por cada vacante, y se las propone a la Junta de Coordinaci\u00f3n Pol\u00edtica, para que de cada quinteta la junta elija a uno, que posteriormente ser\u00e1 avalado, o no, por el Pleno\u201d.<\/p>\n<p>Y es que a diferencia de otros procesos donde los comisionados surgen de una propuesta del presidente e de la Rep\u00fablica, en el caso de los consejeros electorales salen de la propuesta de este comit\u00e9.<\/p>\n<p>En fin, que el embudo pol\u00edtico del Congreso deber\u00e1 depurar en este per\u00edodo muchos tremas esenciales para el futuro de M\u00e9xico.<\/p>\n<p><em><a href=\"mailto:rvizcainoa@gmail.com\" target=\"_blank\" rel=\"noopener noreferrer\">rvizcainoa@gmail.com<\/a><br \/>\n<u><a href=\"http:\/\/endirecto.mx\" target=\"_blank\" rel=\"noopener noreferrer\">www.endirecto.mx<\/a><br \/>\n<a href=\"https:\/\/twitter.com\/_rvizcaino\" target=\"_blank\" rel=\"noopener noreferrer\">@_RVizcaino<\/a><br \/>\n<a href=\"https:\/\/www.facebook.com\/rvizcainoa\" target=\"_blank\" rel=\"noopener noreferrer\">facebook.com\/rvizcainoa<\/a><\/u><\/em><\/p>\n","protected":false},"excerpt":{"rendered":"<p><span style=\"color: #005497;\"><strong>Roberto Vizca\u00edno<\/strong><\/span><br \/>\n<br \/>\nPr\u00e1cticamente no hay tema o cambio, transformaci\u00f3n o reforma, que no deba ser tramitada por senadores y diputados.<\/p>\n","protected":false},"author":3,"featured_media":458821,"comment_status":"open","ping_status":"open","sticky":false,"template":"","format":"standard","meta":{"_monsterinsights_skip_tracking":false,"_monsterinsights_sitenote_active":false,"_monsterinsights_sitenote_note":"","_monsterinsights_sitenote_category":0,"footnotes":""},"categories":[136],"tags":[43674,93,94],"class_list":["post-458785","post","type-post","status-publish","format-standard","has-post-thumbnail","hentry","category-roberto-vizcaino-opinion","tag-opinion","tag-roberto-vizcaino","tag-tras-la-puerta-del-poder"],"_links":{"self":[{"href":"https:\/\/www.diarioimagen.net\/index.php?rest_route=\/wp\/v2\/posts\/458785","targetHints":{"allow":["GET"]}}],"collection":[{"href":"https:\/\/www.diarioimagen.net\/index.php?rest_route=\/wp\/v2\/posts"}],"about":[{"href":"https:\/\/www.diarioimagen.net\/index.php?rest_route=\/wp\/v2\/types\/post"}],"author":[{"embeddable":true,"href":"https:\/\/www.diarioimagen.net\/index.php?rest_route=\/wp\/v2\/users\/3"}],"replies":[{"embeddable":true,"href":"https:\/\/www.diarioimagen.net\/index.php?rest_route=%2Fwp%2Fv2%2Fcomments&post=458785"}],"version-history":[{"count":0,"href":"https:\/\/www.diarioimagen.net\/index.php?rest_route=\/wp\/v2\/posts\/458785\/revisions"}],"wp:featuredmedia":[{"embeddable":true,"href":"https:\/\/www.diarioimagen.net\/index.php?rest_route=\/wp\/v2\/media\/458821"}],"wp:attachment":[{"href":"https:\/\/www.diarioimagen.net\/index.php?rest_route=%2Fwp%2Fv2%2Fmedia&parent=458785"}],"wp:term":[{"taxonomy":"category","embeddable":true,"href":"https:\/\/www.diarioimagen.net\/index.php?rest_route=%2Fwp%2Fv2%2Fcategories&post=458785"},{"taxonomy":"post_tag","embeddable":true,"href":"https:\/\/www.diarioimagen.net\/index.php?rest_route=%2Fwp%2Fv2%2Ftags&post=458785"}],"curies":[{"name":"wp","href":"https:\/\/api.w.org\/{rel}","templated":true}]}}