{"id":458856,"date":"2020-02-06T00:07:59","date_gmt":"2020-02-06T06:07:59","guid":{"rendered":"https:\/\/www.diarioimagen.net\/?p=458856"},"modified":"2020-02-05T23:14:09","modified_gmt":"2020-02-06T05:14:09","slug":"amlo-rechaza-propuesta-de-fiscal-sobre-homicidio-contra-mujeres","status":"publish","type":"post","link":"https:\/\/www.diarioimagen.net\/?p=458856","title":{"rendered":"L\u00f3pez Obrador rechaza propuesta de eliminar el delito de feminicidio"},"content":{"rendered":"<ul>\n<li><em><strong>Iniciativa del fiscal Gertz Manero<\/strong><\/em><\/li>\n<li><em><strong>\u201cPara que no se malinterprete que las cosas queden como est\u00e1n\u201d: el Presidente<\/strong><\/em><\/li>\n<\/ul>\n<p>&nbsp;<\/p>\n<div id=\"attachment_458857\" style=\"width: 470px\" class=\"wp-caption aligncenter\"><img loading=\"lazy\" decoding=\"async\" aria-describedby=\"caption-attachment-458857\" class=\"size-large wp-image-458857\" src=\"https:\/\/www.diarioimagen.net\/wp-content\/uploads\/2020\/02\/FEMINICIDIO6-portal-460x268.png\" alt=\"\" width=\"460\" height=\"268\" srcset=\"https:\/\/www.diarioimagen.net\/wp-content\/uploads\/2020\/02\/FEMINICIDIO6-portal-460x268.png 460w, https:\/\/www.diarioimagen.net\/wp-content\/uploads\/2020\/02\/FEMINICIDIO6-portal-240x140.png 240w, https:\/\/www.diarioimagen.net\/wp-content\/uploads\/2020\/02\/FEMINICIDIO6-portal.png 480w\" sizes=\"auto, (max-width: 460px) 100vw, 460px\" \/><p id=\"caption-attachment-458857\" class=\"wp-caption-text\">Sobre la propuesta de la FGR de eliminar el delito de feminicidio del c\u00f3digo penal, Andr\u00e9s Manuel L\u00f3pez Obrador \u201cexpres\u00f3 que esto \u201cno se mueve\u201d.<\/p><\/div>\n<p>&nbsp;<\/p>\n<p>Luego del debate que se gener\u00f3 y la oposici\u00f3n de organizaciones sociales a que se eliminara del C\u00f3digo Penal el delito de feminicidio, a propuesta de la Fiscal\u00eda General de la Rep\u00fablica (FGR), el presidente Andr\u00e9s Manuel L\u00f3pez Obrador rechaz\u00f3 ayer dicha iniciativa.<\/p>\n<p>Durante su habitual conferencia de prensa en Palacio Nacional, consider\u00f3 que no es el momento de hacer ese tipo de cambios en el pa\u00eds, por lo que expres\u00f3 su opini\u00f3n en contra ante quienes est\u00e1n haciendo la propuesta.<\/p>\n<p>\u201cNo queremos proponer cambios que se malinterpreten y generen confrontaci\u00f3n innecesaria. Por ejemplo, hoy en la ma\u00f1ana est\u00e1bamos viendo la posibilidad de reformas en lo legal y mi opini\u00f3n respetuosa fue: evitemos estas reformas porque no es el tiempo, pueden esperar.<\/p>\n<p>\u201cEn el caso de quitar causales para feminicidios dijimos: no, no se mueve, porque si tenemos esta situaci\u00f3n especial en la universidad y si se lleva a cabo una reforma, aun siendo buena, se puede malinterpretar. Entonces, que las cosas queden como est\u00e1n\u201d, indic\u00f3 el Presidente.<\/p>\n<p>El posicionamiento del mandatario federal se dio despu\u00e9s de que la Fiscal\u00eda General de la Rep\u00fablica propusiera eliminar el delito de feminicidio para convertirlo en agravante del homicidio, al mismo tiempo que aumentar la penalidad de 40 a70 a\u00f1os.<\/p>\n<p>\u201cEn este delito, actualmente, se imponen siete condiciones, requisitos y circunstancias que complican in\u00fatilmente su judicializaci\u00f3n. Si, simplemente, se tipifica y se mantiene el delito de feminicidio como un homicidio en contra de una mujer; este feminicidio debe tener el agravante y la penalidad m\u00e1s alta, que debe ser de 40 a 70 a\u00f1os; que es superior a la que actualmente se aplica en cualquier delito de homicidio calificado o agravado\u201d, refiri\u00f3 la FGR.<\/p>\n<p>Sin embargo, organizaciones defensoras de los derechos humanos como el Observatorio Ciudadano Nacional del Feminicidio (OCNF), que agrupa a su vez a 43 organizaciones en 24 estados del pa\u00eds, calific\u00f3 la propuesta del fiscal general de la Rep\u00fablica, Alejandro Gertz Manero, como \u201cinadmisible y un retroceso\u201d.<\/p>\n<p>\u201cLa intenci\u00f3n de eliminar el tipo penal de feminicidio, argumentando la dificultad que tiene el Ministerio P\u00fablico para acreditarlo, seg\u00fan la propuesta de Gertz Manero no responde a un estudio diagn\u00f3stico previo, que haya identificado los obst\u00e1culos en la acreditaci\u00f3n del delito por parte de todas las Procuradur\u00edas y Fiscal\u00edas de Justicia del pa\u00eds, que justifique dicha propuesta.<\/p>\n<p>\u201cLa lamentable postura de Gertz Manero, evidencia la falta de sensibilidad, la ausencia de perspectiva de g\u00e9nero y c\u00f3mo la grave problem\u00e1tica que acaba cada d\u00eda con la vida de 10 mujeres en M\u00e9xico no es una prioridad para las autoridades y que antes que la garant\u00eda de los derechos de las mujeres se pondera la rapidez y la practicidad\u201d, critic\u00f3 el Observatorio Ciudadano Nacional del Feminicidio en un comunicado.<\/p>\n","protected":false},"excerpt":{"rendered":"<p>Luego del debate que se gener\u00f3 y la oposici\u00f3n de organizaciones sociales a que se eliminara del C\u00f3digo Penal el delito de feminicidio, a propuesta de la Fiscal\u00eda General de la Rep\u00fablica (FGR), el presidente Andr\u00e9s Manuel L\u00f3pez Obrador rechaz\u00f3 ayer dicha iniciativa.<\/p>\n","protected":false},"author":5,"featured_media":458857,"comment_status":"open","ping_status":"open","sticky":false,"template":"","format":"standard","meta":{"_monsterinsights_skip_tracking":false,"_monsterinsights_sitenote_active":false,"_monsterinsights_sitenote_note":"","_monsterinsights_sitenote_category":0,"footnotes":""},"categories":[7],"tags":[82022,2545,22514,89913,1921,43677,89914],"class_list":["post-458856","post","type-post","status-publish","format-standard","has-post-thumbnail","hentry","category-seguridad","tag-alejandro-gertz-manero","tag-amlo","tag-feminicidio","tag-homicidio-contra","tag-mujeres","tag-seguridad","tag-tipo-penal"],"_links":{"self":[{"href":"https:\/\/www.diarioimagen.net\/index.php?rest_route=\/wp\/v2\/posts\/458856","targetHints":{"allow":["GET"]}}],"collection":[{"href":"https:\/\/www.diarioimagen.net\/index.php?rest_route=\/wp\/v2\/posts"}],"about":[{"href":"https:\/\/www.diarioimagen.net\/index.php?rest_route=\/wp\/v2\/types\/post"}],"author":[{"embeddable":true,"href":"https:\/\/www.diarioimagen.net\/index.php?rest_route=\/wp\/v2\/users\/5"}],"replies":[{"embeddable":true,"href":"https:\/\/www.diarioimagen.net\/index.php?rest_route=%2Fwp%2Fv2%2Fcomments&post=458856"}],"version-history":[{"count":0,"href":"https:\/\/www.diarioimagen.net\/index.php?rest_route=\/wp\/v2\/posts\/458856\/revisions"}],"wp:featuredmedia":[{"embeddable":true,"href":"https:\/\/www.diarioimagen.net\/index.php?rest_route=\/wp\/v2\/media\/458857"}],"wp:attachment":[{"href":"https:\/\/www.diarioimagen.net\/index.php?rest_route=%2Fwp%2Fv2%2Fmedia&parent=458856"}],"wp:term":[{"taxonomy":"category","embeddable":true,"href":"https:\/\/www.diarioimagen.net\/index.php?rest_route=%2Fwp%2Fv2%2Fcategories&post=458856"},{"taxonomy":"post_tag","embeddable":true,"href":"https:\/\/www.diarioimagen.net\/index.php?rest_route=%2Fwp%2Fv2%2Ftags&post=458856"}],"curies":[{"name":"wp","href":"https:\/\/api.w.org\/{rel}","templated":true}]}}