{"id":458883,"date":"2020-02-06T00:03:20","date_gmt":"2020-02-06T06:03:20","guid":{"rendered":"https:\/\/www.diarioimagen.net\/?p=458883"},"modified":"2020-02-05T21:35:10","modified_gmt":"2020-02-06T03:35:10","slug":"normas-administrativas-de-cuautitlan-actualizadas-a-las-necesidades-alcalde","status":"publish","type":"post","link":"https:\/\/www.diarioimagen.net\/?p=458883","title":{"rendered":"Normas administrativas de Cuautitl\u00e1n,\u00a0actualizadas a las necesidades: alcalde"},"content":{"rendered":"<ul>\n<li><em><b>Encabeza Ariel Ju\u00e1rez promulgaci\u00f3n de bando<\/b><\/em><\/li>\n<\/ul>\n<p>&nbsp;<\/p>\n<div id=\"attachment_458884\" style=\"width: 470px\" class=\"wp-caption aligncenter\"><a href=\"https:\/\/www.diarioimagen.net\/?attachment_id=458884\" rel=\"attachment wp-att-458884\"><img loading=\"lazy\" decoding=\"async\" aria-describedby=\"caption-attachment-458884\" class=\"size-large wp-image-458884\" src=\"https:\/\/www.diarioimagen.net\/wp-content\/uploads\/2020\/02\/cuautitlan-460x259.jpg\" alt=\"\" width=\"460\" height=\"259\" srcset=\"https:\/\/www.diarioimagen.net\/wp-content\/uploads\/2020\/02\/cuautitlan-460x259.jpg 460w, https:\/\/www.diarioimagen.net\/wp-content\/uploads\/2020\/02\/cuautitlan-240x135.jpg 240w, https:\/\/www.diarioimagen.net\/wp-content\/uploads\/2020\/02\/cuautitlan-235x132.jpg 235w, https:\/\/www.diarioimagen.net\/wp-content\/uploads\/2020\/02\/cuautitlan-202x114.jpg 202w, https:\/\/www.diarioimagen.net\/wp-content\/uploads\/2020\/02\/cuautitlan-350x196.jpg 350w, https:\/\/www.diarioimagen.net\/wp-content\/uploads\/2020\/02\/cuautitlan-220x123.jpg 220w, https:\/\/www.diarioimagen.net\/wp-content\/uploads\/2020\/02\/cuautitlan-237x132.jpg 237w, https:\/\/www.diarioimagen.net\/wp-content\/uploads\/2020\/02\/cuautitlan.jpg 480w\" sizes=\"auto, (max-width: 460px) 100vw, 460px\" \/><\/a><p id=\"caption-attachment-458884\" class=\"wp-caption-text\">El alcalde Ariel Ju\u00e1rez Rodr\u00edguez se\u00f1al\u00f3 que\u00a0a trav\u00e9s del Bando Municipal actualizado\u00a0se norman las relaciones del gobierno con la sociedad.<\/p><\/div>\n<p>&nbsp;<\/p>\n<p><strong>Cuautitl\u00e1n, Estado de M\u00e9xico.-<\/strong> El presidente municipal Ariel Ju\u00e1rez Rodr\u00edguez, durante la ceremonia de promulgaci\u00f3n del Bando Municipal 2020, se\u00f1al\u00f3 que a trav\u00e9s de este documento actualizado se norman las relaciones de la presente Administraci\u00f3n con la sociedad de Cuautitl\u00e1n, a trav\u00e9s de la generaci\u00f3n de los derechos necesarios que los ciudadanos exigen junto con las obligaciones propias de una comunidad civilizada.<\/p>\n<p>En el marco del CIII Aniversario de la Promulgaci\u00f3n de la Constituci\u00f3n Pol\u00edtica de los Estados Unidos Mexicanos y acompa\u00f1ado de los integrantes del cabildo, directores de \u00e1rea, vecinos y alumnos de diversas escuelas, Ju\u00e1rez Rodr\u00edguez, dijo que las pol\u00edticas p\u00fablicas atienden de forma directa las necesidades de la sociedad, con la integraci\u00f3n de comisiones edilicias a temas espec\u00edficos, como la de protecci\u00f3n y bienestar animal, entre otras.<span class=\"Apple-converted-space\">\u00a0<\/span><\/p>\n<p>El presente Bando Municipal 2020 est\u00e1 integrado por 18 T\u00edtulos, 189 art\u00edculos y art\u00edculos transitorios, dentro de los cuales destaca el art\u00edculo 152, apartado III, \u201cMulta de 50 hasta 100 Unidades de Medida y Actualizaci\u00f3n Vigente a quien se sorprenda tirando basura en lugares no autorizados o en v\u00eda p\u00fablica\u2026 la presente sanci\u00f3n podr\u00e1 ser conmutable por 15 jornadas de trabajo a favor de la comunidad sin remuneraci\u00f3n&#8230; cada jornada deber\u00e1 comprender un m\u00ednimo de 5 horas\u2026\u201d<\/p>\n<p>En el apartado IV, del art\u00edculo antes se\u00f1alado, se menciona una multa de 50 a 100 Unidades de Medida y Actualizaci\u00f3n Vigente, a quien realice uso irracional o desmedido del agua.<\/p>\n","protected":false},"excerpt":{"rendered":"<p>El presidente municipal Ariel Ju\u00e1rez Rodr\u00edguez, durante la ceremonia de promulgaci\u00f3n del Bando Municipal 2020, se\u00f1al\u00f3 que a trav\u00e9s de este documento actualizado se norman las relaciones de la presente Administraci\u00f3n con la sociedad de Cuautitl\u00e1n, a trav\u00e9s de la generaci\u00f3n de los derechos necesarios que los ciudadanos exigen junto con las obligaciones propias de una comunidad civilizada.<\/p>\n","protected":false},"author":1,"featured_media":458884,"comment_status":"open","ping_status":"open","sticky":false,"template":"","format":"standard","meta":{"_monsterinsights_skip_tracking":false,"_monsterinsights_sitenote_active":false,"_monsterinsights_sitenote_note":"","_monsterinsights_sitenote_category":0,"footnotes":""},"categories":[5],"tags":[89934,681,43675,89933],"class_list":["post-458883","post","type-post","status-publish","format-standard","has-post-thumbnail","hentry","category-estado-de-mexico","tag-administrativas","tag-cuautitlan","tag-estado-de-mexico","tag-normas"],"_links":{"self":[{"href":"https:\/\/www.diarioimagen.net\/index.php?rest_route=\/wp\/v2\/posts\/458883","targetHints":{"allow":["GET"]}}],"collection":[{"href":"https:\/\/www.diarioimagen.net\/index.php?rest_route=\/wp\/v2\/posts"}],"about":[{"href":"https:\/\/www.diarioimagen.net\/index.php?rest_route=\/wp\/v2\/types\/post"}],"author":[{"embeddable":true,"href":"https:\/\/www.diarioimagen.net\/index.php?rest_route=\/wp\/v2\/users\/1"}],"replies":[{"embeddable":true,"href":"https:\/\/www.diarioimagen.net\/index.php?rest_route=%2Fwp%2Fv2%2Fcomments&post=458883"}],"version-history":[{"count":0,"href":"https:\/\/www.diarioimagen.net\/index.php?rest_route=\/wp\/v2\/posts\/458883\/revisions"}],"wp:featuredmedia":[{"embeddable":true,"href":"https:\/\/www.diarioimagen.net\/index.php?rest_route=\/wp\/v2\/media\/458884"}],"wp:attachment":[{"href":"https:\/\/www.diarioimagen.net\/index.php?rest_route=%2Fwp%2Fv2%2Fmedia&parent=458883"}],"wp:term":[{"taxonomy":"category","embeddable":true,"href":"https:\/\/www.diarioimagen.net\/index.php?rest_route=%2Fwp%2Fv2%2Fcategories&post=458883"},{"taxonomy":"post_tag","embeddable":true,"href":"https:\/\/www.diarioimagen.net\/index.php?rest_route=%2Fwp%2Fv2%2Ftags&post=458883"}],"curies":[{"name":"wp","href":"https:\/\/api.w.org\/{rel}","templated":true}]}}