{"id":458885,"date":"2020-02-06T00:04:21","date_gmt":"2020-02-06T06:04:21","guid":{"rendered":"https:\/\/www.diarioimagen.net\/?p=458885"},"modified":"2020-02-05T21:35:51","modified_gmt":"2020-02-06T03:35:51","slug":"huixquilucan-tiene-bando-municipal-humanista-y-con-orden-vargas-del-villar","status":"publish","type":"post","link":"https:\/\/www.diarioimagen.net\/?p=458885","title":{"rendered":"Huixquilucan tiene bando municipal\u00a0humanista y con orden: Vargas del Villar"},"content":{"rendered":"<ul>\n<li><em><b>Gobierno respetuoso de los derechos<\/b><\/em><\/li>\n<\/ul>\n<p>&nbsp;<\/p>\n<div id=\"attachment_458887\" style=\"width: 470px\" class=\"wp-caption aligncenter\"><a href=\"https:\/\/www.diarioimagen.net\/?attachment_id=458887\" rel=\"attachment wp-att-458887\"><img loading=\"lazy\" decoding=\"async\" aria-describedby=\"caption-attachment-458887\" class=\"size-large wp-image-458887\" src=\"https:\/\/www.diarioimagen.net\/wp-content\/uploads\/2020\/02\/huixquilucan-460x259.jpg\" alt=\"\" width=\"460\" height=\"259\" srcset=\"https:\/\/www.diarioimagen.net\/wp-content\/uploads\/2020\/02\/huixquilucan-460x259.jpg 460w, https:\/\/www.diarioimagen.net\/wp-content\/uploads\/2020\/02\/huixquilucan-240x135.jpg 240w, https:\/\/www.diarioimagen.net\/wp-content\/uploads\/2020\/02\/huixquilucan-235x132.jpg 235w, https:\/\/www.diarioimagen.net\/wp-content\/uploads\/2020\/02\/huixquilucan-202x114.jpg 202w, https:\/\/www.diarioimagen.net\/wp-content\/uploads\/2020\/02\/huixquilucan-350x196.jpg 350w, https:\/\/www.diarioimagen.net\/wp-content\/uploads\/2020\/02\/huixquilucan-220x123.jpg 220w, https:\/\/www.diarioimagen.net\/wp-content\/uploads\/2020\/02\/huixquilucan-237x132.jpg 237w, https:\/\/www.diarioimagen.net\/wp-content\/uploads\/2020\/02\/huixquilucan.jpg 480w\" sizes=\"auto, (max-width: 460px) 100vw, 460px\" \/><\/a><p id=\"caption-attachment-458887\" class=\"wp-caption-text\">Enrique Vargas del Villar asegur\u00f3 que la mejor forma de conmemorar el d\u00eda de la Constituci\u00f3n es continuar siendo un gobierno respetuoso de los derechos de huixquiluquenses.<\/p><\/div>\n<p>&nbsp;<\/p>\n<p><strong>Huixquilucan, Estado de M\u00e9xico.-<\/strong> \u201cNuestra Constituci\u00f3n representa para los mexicanos, el documento fundamental de nuestra evoluci\u00f3n, identifica los valores y la democracia le da sentido a las instituciones que otorgan garant\u00edas a los ciudadanos\u201d, asegur\u00f3 el presidente municipal de Huixquilucan, Enrique Vargas del Villar durante la promulgaci\u00f3n del Bando Municipal 2020.<\/p>\n<p>En sesi\u00f3n solemne de Cabildo, el edil asegur\u00f3 que la mejor forma de conmemorar el 5 de febrero, d\u00eda de la Constituci\u00f3n Mexicana; es continuar siendo un gobierno municipal respetuoso de los derechos y del bien ser de los huixquiluquenses.<\/p>\n<p>Precis\u00f3, que al celebrar los CIII a\u00f1os de la promulgaci\u00f3n de la Carta Magna, no se puede dejar de lado el objetivo y el respeto de las instituciones y de la libertad, ya que la soberan\u00eda reside esencial y originalmente en toda la sociedad.\u00a0Acompa\u00f1ado del cuerpo edilicio, Vargas del Villar coloc\u00f3 en la entrada del Palacio Municipal un ejemplar del Bando que habr\u00e1 de regir durante los pr\u00f3ximos 12 meses, el cual adem\u00e1s de cumplir con todos los requisitos constitucionales y legales para que la ciudadan\u00eda viva en armon\u00eda, es un bando humanista y con orden.<\/p>\n<p>Pablo Fern\u00e1ndez de Cevallos Gonz\u00e1lez, secretario del Ayuntamiento, detall\u00f3 que entre las novedades de este Bando destaca la disminuci\u00f3n gradual de bolsas y pl\u00e1sticos de un solo uso ya sea particulares y en comercios, as\u00ed como la posibilidad de que el Presidente Municipal condone las multas impuestas por los jueces conciliadores y calificadores, siempre y cuando se realice un servicio comunitario.<\/p>\n","protected":false},"excerpt":{"rendered":"<p>\u201cNuestra Constituci\u00f3n representa para los mexicanos, el documento fundamental de nuestra evoluci\u00f3n, identifica los valores y la democracia le da sentido a las instituciones que otorgan garant\u00edas a los ciudadanos\u201d, asegur\u00f3 el presidente municipal de Huixquilucan, Enrique Vargas del Villar durante la promulgaci\u00f3n del Bando Municipal 2020.<\/p>\n","protected":false},"author":1,"featured_media":458887,"comment_status":"open","ping_status":"open","sticky":false,"template":"","format":"standard","meta":{"_monsterinsights_skip_tracking":false,"_monsterinsights_sitenote_active":false,"_monsterinsights_sitenote_note":"","_monsterinsights_sitenote_category":0,"footnotes":""},"categories":[5],"tags":[48409,1097,89935],"class_list":["post-458885","post","type-post","status-publish","format-standard","has-post-thumbnail","hentry","category-estado-de-mexico","tag-bando-municipal","tag-huixquilucan","tag-humanista"],"_links":{"self":[{"href":"https:\/\/www.diarioimagen.net\/index.php?rest_route=\/wp\/v2\/posts\/458885","targetHints":{"allow":["GET"]}}],"collection":[{"href":"https:\/\/www.diarioimagen.net\/index.php?rest_route=\/wp\/v2\/posts"}],"about":[{"href":"https:\/\/www.diarioimagen.net\/index.php?rest_route=\/wp\/v2\/types\/post"}],"author":[{"embeddable":true,"href":"https:\/\/www.diarioimagen.net\/index.php?rest_route=\/wp\/v2\/users\/1"}],"replies":[{"embeddable":true,"href":"https:\/\/www.diarioimagen.net\/index.php?rest_route=%2Fwp%2Fv2%2Fcomments&post=458885"}],"version-history":[{"count":0,"href":"https:\/\/www.diarioimagen.net\/index.php?rest_route=\/wp\/v2\/posts\/458885\/revisions"}],"wp:featuredmedia":[{"embeddable":true,"href":"https:\/\/www.diarioimagen.net\/index.php?rest_route=\/wp\/v2\/media\/458887"}],"wp:attachment":[{"href":"https:\/\/www.diarioimagen.net\/index.php?rest_route=%2Fwp%2Fv2%2Fmedia&parent=458885"}],"wp:term":[{"taxonomy":"category","embeddable":true,"href":"https:\/\/www.diarioimagen.net\/index.php?rest_route=%2Fwp%2Fv2%2Fcategories&post=458885"},{"taxonomy":"post_tag","embeddable":true,"href":"https:\/\/www.diarioimagen.net\/index.php?rest_route=%2Fwp%2Fv2%2Ftags&post=458885"}],"curies":[{"name":"wp","href":"https:\/\/api.w.org\/{rel}","templated":true}]}}