{"id":458891,"date":"2020-02-06T00:11:51","date_gmt":"2020-02-06T06:11:51","guid":{"rendered":"https:\/\/www.diarioimagen.net\/?p=458891"},"modified":"2020-02-05T21:40:35","modified_gmt":"2020-02-06T03:40:35","slug":"excesos-de-los-gobernantes-contra-libertad-de-expresion","status":"publish","type":"post","link":"https:\/\/www.diarioimagen.net\/?p=458891","title":{"rendered":"Excesos de los gobernantes\u00a0contra libertad de expresi\u00f3n"},"content":{"rendered":"<h2>\u00cdndice pol\u00edtico<\/h2>\n<h5>Francisco Rodr\u00edguez<\/h5>\n<p>&nbsp;<\/p>\n<div id=\"attachment_458893\" style=\"width: 470px\" class=\"wp-caption aligncenter\"><a href=\"https:\/\/www.diarioimagen.net\/?attachment_id=458893\" rel=\"attachment wp-att-458893\"><img loading=\"lazy\" decoding=\"async\" aria-describedby=\"caption-attachment-458893\" class=\"size-large wp-image-458893\" src=\"https:\/\/www.diarioimagen.net\/wp-content\/uploads\/2020\/02\/lo-que-se-ve-MARAL-460x314.jpg\" alt=\"\" width=\"460\" height=\"314\" srcset=\"https:\/\/www.diarioimagen.net\/wp-content\/uploads\/2020\/02\/lo-que-se-ve-MARAL-460x314.jpg 460w, https:\/\/www.diarioimagen.net\/wp-content\/uploads\/2020\/02\/lo-que-se-ve-MARAL-240x164.jpg 240w, https:\/\/www.diarioimagen.net\/wp-content\/uploads\/2020\/02\/lo-que-se-ve-MARAL-768x525.jpg 768w, https:\/\/www.diarioimagen.net\/wp-content\/uploads\/2020\/02\/lo-que-se-ve-MARAL.jpg 1200w\" sizes=\"auto, (max-width: 460px) 100vw, 460px\" \/><\/a><p id=\"caption-attachment-458893\" class=\"wp-caption-text\">Lo que se ve&#8230; | Maral<\/p><\/div>\n<p>&nbsp;<\/p>\n<p>Un repertorio falaz de arengas, lemas, s\u00edmbolos, programas insulsos de gobierno, mitos extravagantes que prenden en el alma colectiva y poco a poco destruyen masivamente su memoria, insultan la inteligencia y enfrentan irremediablemente a los mexicanos, de por s\u00ed divididos por una aberrante desigualdad.<\/p>\n<p>Inexplicablemente, lo que en otras sociedades se castiga, m\u00ednimo, con el voto opositor en las campa\u00f1as, en M\u00e9xico pasa a ser un compendio de vacuidades y agresiones impunes que deber\u00edan y est\u00e1n, de hecho, castigadas por el esp\u00edritu constitucional. Todos jalan para su santo de esa comparsa ret\u00f3rica, in\u00fatil y peligrosa.<\/p>\n<p>Como que los pol\u00edticos se sienten intocables, divinos, paridos por hadas y cuando son se\u00f1alados por los l\u00edderes de opini\u00f3n y por el pueblo raso, cansado de tanta iniquidad, a expensas de merolicos infumables, casi siempre responden que tienen la verdad exclusiva y excluyente, se refugian en un derecho de r\u00e9plica que tiene par\u00e1metros inexcusables.<\/p>\n<p>El pueblo tiene a su favor la sospecha de que lo est\u00e1n traicionando. Los pol\u00edticos demagogos saben que jam\u00e1s se les ha rasurado con esa hoja, y abusan de la complacencia y del retiro de las cuestiones de Estado, \u00e9sas que deber\u00edan ser patrimonio colectivo, que son soportadas por el derecho a cuidar el inter\u00e9s colectivo, el inter\u00e9s supremo de la Naci\u00f3n.<\/p>\n<p>Los pol\u00edticos tienen a su favor la impunidad ret\u00f3rica, esa farsa de encuentros populares que nunca han dejado nada bueno. Lleg\u00f3 el momento que los mandatarios, empleados nuestros, deban ser castigados por los excesos verbales, deban comparecer ante el ludibrio p\u00fablico para responder de sus vaciedades y de sus imposturas deleznables. As\u00ed pasa en todo el mundo desarrollado, menos aqu\u00ed en el rancho grande.<\/p>\n<p style=\"text-align: center;\"><b>Mentirosos y pendencieros no deben tener<br \/>\ncabida en<span class=\"Apple-converted-space\">\u00a0<\/span>las sociedades democr\u00e1ticas<\/b><\/p>\n<p>Debe quedar claro que ning\u00fan derecho asiste a quienes han jurado la defensa de la verdad, el respeto a las garant\u00edas constitucionales, mientras ejercen un cargo p\u00fablico, pues definitivamente no les asiste defensa posible cuando se trata de conducir a buen puerto los destinos de una Naci\u00f3n demolida.<\/p>\n<p>Afortunadamente, el ameritado jurista <b>Jos\u00e9 Alberto S\u00e1nchez Nava <\/b>ha puesto el dedo en esta llaga. Ha demostrado jur\u00eddicamente que los mentirosos y pendencieros no deben tener cabida en las sociedades democr\u00e1ticas o que aspiran a serlo. Su real responsabilidad es con la verdad, con la convivencia civilizada y con el juicio popular.<\/p>\n<p style=\"text-align: center;\"><b>La ret\u00f3rica desde el poder debe<br \/>\ntener l\u00edmites jur\u00eddicos y constitucionales<\/b><\/p>\n<p>El da\u00f1o moral no puede ser juzgado con el mismo rigor entre ciudadanos de a pie, que cuando es causado desde el poder, con premeditaci\u00f3n, alevos\u00eda y ventaja evidentes. Las acusaciones contra la corrupci\u00f3n, el prevaricato, la mentira y los \u201ctrastupijes\u201d siempre ser\u00e1n una garant\u00eda ciudadana que no puede estar al criterio de jueces sin escr\u00fapulos que interpretan la ley a su antojo. M\u00e1s claro ni el agua.<\/p>\n<p>Y as\u00ed como ahora viene a colaci\u00f3n por la injusta sentencia contra un periodista que no quiere ser amordazado, lo mismo aplica contra quien desde las alturas del poder prestado se cree intocable mientras provoca con sus invectivas e imprecaciones un caldo de cultivo demasiado ruin en contra de los derechos ciudadanos.<\/p>\n<p>La ret\u00f3rica desde el poder debe tener l\u00edmites jur\u00eddicos y constitucionales. Si estos existen, como es el caso, no debe quedar como letra muerta, pues s\u00f3lo abona a un concepto dictatorial del ejercicio desmesurado del cargo presidencial. Nada contra la ley. Nadie por encima de la ley. Lleg\u00f3 el momento de detener a como d\u00e9 lugar el da\u00f1o que causa la ret\u00f3rica impune.<\/p>\n<p style=\"text-align: center;\"><b>Los candidatos nos recetaron una sarta de<br \/>\nzarandajas que nunca concretaron en el poder<\/b><\/p>\n<p>Desafortunadamente, la cultura pol\u00edtica es un fen\u00f3meno reciente entre nosotros. El autoritarismo rampante no dej\u00f3 que floreciera entre nosotros sino hasta hace tres d\u00e9cadas. Los totalitarismos y despotismos de todo tipo fueron un valladar para que la gente no entendiera el significado y las causas Sverdaderas que dieron origen a las instituciones.<\/p>\n<p>\u201cEl milagro mexicano\u201d, \u201cel desarrollo estabilizador\u201d, \u201cla marcha al mar\u201d, los presidentes obreristas, el reparto agrario integral, \u201clas fuerzas vivas\u201d, el \u201cguadalupanismo\u201d, \u201cel ej\u00e9rcito surgido del pueblo\u201d, la unidad nacional, el \u201cadministrar la abundancia\u201d, \u201c\u00e9l s\u00ed sabe c\u00f3mo hacerlo\u201d, \u201cla renovaci\u00f3n moral de la sociedad\u201d, \u201cel gobierno del cambio\u201d<span class=\"Apple-converted-space\">\u00a0<\/span><\/p>\n<p>&#8230; \u201cel d\u00e9ficit fiscal cero\u201d, el \u201cpor el bien de todos primero los pobres\u201d y tantos otros miles de zarandajas que vimos desfilar a lo largo de los \u00faltimos ochenta a\u00f1os, han sido una especie de l\u00e1pida sellada a cal y canto que obstruyo la visi\u00f3n de los mexicanos, su identidad y su orgullo de vivir en esta tierra.<\/p>\n<p style=\"text-align: center;\"><b>Engranar la cultura pol\u00edtica con el compromiso<br \/>\nde veracidad exigible a los gobernantes<\/b><\/p>\n<p>Sab\u00edamos que todo lo que nos recetaban dese las c\u00fapulas era para acrecentar cotidianamente nuestra desinformaci\u00f3n y despolitizaci\u00f3n, pilares inmarcesibles sobre los que se erigieron los grandes monumentos a la corrupci\u00f3n, la ignorancia, la represi\u00f3n, la intolerancia y la pobreza.<\/p>\n<p>Un poco de estabilidad econ\u00f3mica nos transformaba en pasivos defensores de los demagogos. No ten\u00edamos por qu\u00e9 saber lo que se fraguaba detr\u00e1s del tel\u00f3n de fondo en este teatro democr\u00e1tico. Lejos est\u00e1bamos de imaginar c\u00f3mo transaban y llegaban a acuerdos los \u00absectores modernizadores\u00bb del r\u00e9gimen con las fuerzas transnacionales.<\/p>\n<p>Hoy se pone sobre el tapete de las discusiones la urgencia de engranar la cultura pol\u00edtica con el compromiso de veracidad exigible en todo tiempo a los gobernantes: que la presencia del elector deje de ser meramente testimonial para que se convierta en el tribunal de la opini\u00f3n p\u00fablica que juzgue&#8230;<\/p>\n<p>&#8230; premie o castigue a quien incumpla sus promesas o defraude nuestras expectativas. Que ninguna promesa carezca del ejemplo moral del gobernante en ejercicio, pues la fortaleza de una Naci\u00f3n no debe fundarse jam\u00e1s en el discurso vac\u00edo ni en el enfrentamiento social.<\/p>\n<p style=\"text-align: center;\"><b>Se impone la reforma moral<span class=\"Apple-converted-space\">\u00a0<\/span>del gobierno,<br \/>\na partir del ejemplo de los gobernantes<\/b><\/p>\n<p>Un Estado incapaz de cumplir sus obligaciones fundamentales en los m\u00ednimos de empleo, educaci\u00f3n, seguridad, salud y alimentaci\u00f3n no puede legitimar el contenido constitucional de nuestra democracia, ni debe pactar con el exterior condiciones leoninas de sumisi\u00f3n. Se impone la reforma moral del gobierno, a partir del ejemplo de los mandatarios.<\/p>\n<p>Si no, es el pueblo el que debe demandarlo para que M\u00e9xico no deba sufrir otra dosis masiva y letal de pol\u00edticas insulsas, que los salarios reales no sigan disminuyendo, la desocupaci\u00f3n y la migraci\u00f3n aumentando y descender nuevos pelda\u00f1os hacia la barbarie.<\/p>\n<p>Una sociedad cr\u00edtica exige honradez, \u00e9tica e imparcialidad. Respeto absoluto a la libre expresi\u00f3n de la prensa independiente, no s\u00f3lo de la acomodaticia y \u201crastacuera\u201d. Parar la destrucci\u00f3n del sector agropecuario que facilita la invasi\u00f3n de los mercados externos de alimentos. Estamos ante el real peligro de la hambruna.<\/p>\n<p>Frente a son, los gobernantes no deben ser intocables. Exijamos respeto a nuestra identidad nacional.<\/p>\n<p>\u00bfNo cree usted?<\/p>\n<p><b><i>\u00cdndice Flam\u00edgero<\/i><\/b>: Las reparaciones por causa de violaci\u00f3n a los derechos humanos, particularmente en lo que toca al pago de una indemnizaci\u00f3n como compensaci\u00f3n por da\u00f1o moral, deben calcularse con base en los principios de equidad y apreciaci\u00f3n prudente de los da\u00f1os, vistas las circunstancias de cada caso. Deben tenerse en cuenta las condiciones personales de la v\u00edctima y las del presunto responsable, y las dem\u00e1s circunstancias del caso. En especial, el juzgador debe ser en extremo cauteloso para que la medida pretendida no produzca un efecto inhibidor a la libertad de expresi\u00f3n: SCJN.<\/p>\n<p><em><u><a href=\"http:\/\/www.indicepolitico.com\" target=\"_blank\" rel=\"noopener noreferrer\">www.indicepolitico.com<\/a><br \/>\n<\/u><\/em><a href=\"mailto:indicepolitico@gmail.com\" target=\"_blank\" rel=\"noopener noreferrer\"><em>indicepolitico@gmail.com<\/em><\/a><br \/>\n<em><a href=\"https:\/\/twitter.com\/indicepolitico?lang=es\" target=\"_blank\" rel=\"noopener noreferrer\">@IndicePolitico<\/a><\/em><br \/>\n<em><u><a href=\"https:\/\/twitter.com\/pacorodriguez\" target=\"_blank\" rel=\"noopener noreferrer\">@pacorodriguez<\/a><\/u><\/em><\/p>\n","protected":false},"excerpt":{"rendered":"<p><span style=\"color: #005497;\"><strong>Francisco Rodr\u00edguez<\/strong><\/span><br \/>\n<br \/>\nUn repertorio falaz de arengas, lemas, s\u00edmbolos, programas insulsos de gobierno, mitos extravagantes que prenden en el alma colectiva y poco a poco destruyen masivamente su memoria, insultan la inteligencia y enfrentan irremediablemente a los mexicanos, de por s\u00ed divididos por una aberrante desigualdad.<\/p>\n","protected":false},"author":1,"featured_media":458893,"comment_status":"open","ping_status":"open","sticky":false,"template":"","format":"standard","meta":{"_monsterinsights_skip_tracking":false,"_monsterinsights_sitenote_active":false,"_monsterinsights_sitenote_note":"","_monsterinsights_sitenote_category":0,"footnotes":""},"categories":[549],"tags":[43689,550,43674],"class_list":["post-458891","post","type-post","status-publish","format-standard","has-post-thumbnail","hentry","category-francisco-rodriguez","tag-francisco-rodriguez","tag-indice-politico","tag-opinion"],"_links":{"self":[{"href":"https:\/\/www.diarioimagen.net\/index.php?rest_route=\/wp\/v2\/posts\/458891","targetHints":{"allow":["GET"]}}],"collection":[{"href":"https:\/\/www.diarioimagen.net\/index.php?rest_route=\/wp\/v2\/posts"}],"about":[{"href":"https:\/\/www.diarioimagen.net\/index.php?rest_route=\/wp\/v2\/types\/post"}],"author":[{"embeddable":true,"href":"https:\/\/www.diarioimagen.net\/index.php?rest_route=\/wp\/v2\/users\/1"}],"replies":[{"embeddable":true,"href":"https:\/\/www.diarioimagen.net\/index.php?rest_route=%2Fwp%2Fv2%2Fcomments&post=458891"}],"version-history":[{"count":0,"href":"https:\/\/www.diarioimagen.net\/index.php?rest_route=\/wp\/v2\/posts\/458891\/revisions"}],"wp:featuredmedia":[{"embeddable":true,"href":"https:\/\/www.diarioimagen.net\/index.php?rest_route=\/wp\/v2\/media\/458893"}],"wp:attachment":[{"href":"https:\/\/www.diarioimagen.net\/index.php?rest_route=%2Fwp%2Fv2%2Fmedia&parent=458891"}],"wp:term":[{"taxonomy":"category","embeddable":true,"href":"https:\/\/www.diarioimagen.net\/index.php?rest_route=%2Fwp%2Fv2%2Fcategories&post=458891"},{"taxonomy":"post_tag","embeddable":true,"href":"https:\/\/www.diarioimagen.net\/index.php?rest_route=%2Fwp%2Fv2%2Ftags&post=458891"}],"curies":[{"name":"wp","href":"https:\/\/api.w.org\/{rel}","templated":true}]}}